{"id":36536,"date":"2025-07-23T18:36:36","date_gmt":"2025-07-23T17:36:36","guid":{"rendered":"https:\/\/guineechrono.com\/?p=36536"},"modified":"2025-07-23T21:10:13","modified_gmt":"2025-07-23T20:10:13","slug":"forum-du-dialogue-citoyen-la-prochaine-edition-sera-consacree-a-la-jeunesse","status":"publish","type":"post","link":"https:\/\/guineechrono.com\/index.php\/forum-du-dialogue-citoyen-la-prochaine-edition-sera-consacree-a-la-jeunesse\/","title":{"rendered":"Forum du dialogue citoyen : la prochaine \u00e9dition sera consacr\u00e9e \u00e0 la jeunesse"},"content":{"rendered":"<p><strong>L\u2019annonce officielle \u00e9t\u00e9 faite par Dr S\u00e9kou Koureissy Cond\u00e9, coordinateur G\u00e9n\u00e9ral du forum du dialogue citoyen \u00e0 l\u2019occasion de la cl\u00f4ture de la deuxi\u00e8me \u00e9dition tenue les 22 et 23 juillet 2025 \u00e0 l\u2019h\u00f4tel Kaloum\u00a0 sous le th\u00e8me : \u2018\u2019 Leadership f\u00e9minin et la Responsabilit\u00e9 citoyenne\u2019\u2019.<\/strong><\/p>\n<p>Selon Dr Koureissy Cond\u00e9, cette deuxi\u00e8me \u00e9dition du forum du dialogue citoyen a \u00e9t\u00e9 un grand succ\u00e8s, une r\u00e9ussite remarquable, gr\u00e2ce \u00e0 la volont\u00e9 des femmes leaders de toutes les g\u00e9n\u00e9rations et de tous les secteurs publics et priv\u00e9s, qui ont massivement particip\u00e9 \u00e0 cette deuxi\u00e8me \u00e9dition de notre programme de consolidation de la paix.<\/p>\n<p>Pour lui, le forum du dialogue citoyen est un espace d&rsquo;\u00e9change. \u00abC\u2019est l\u2019un des rares espaces publics o\u00f9 on ne se retrouve pas pour \u00e9couter un discours, o\u00f9 on ne vient pas assister \u00e0 un meeting. On vient ici en tant que citoyen pour donner son point de vue sur les pr\u00e9occupations personnelles et nationales, sur son exp\u00e9rience personnelle et donner son point de vue aux autres \u00e0 partir de son exp\u00e9rience personnelle et les autres se donnent le temps de vous \u00e9couter et de vous poser des questions. Ici, vous pouvez donner votre avis sur des\u00a0 sujets d\u2019int\u00e9r\u00eat national et faire des propositions, et des recommandations en cons\u00e9quence. Le leadership f\u00e9minin est l\u2019\u00e9picentre de la r\u00e9alit\u00e9 sociale, il faut la promouvoir \u00bb.<\/p>\n<p>\u00ab\u00a0En multipliant ces rencontres de sensibilisation et d\u2019\u00e9ducation, nous allons encourager d\u2019autres jeunes \u00e0 apprendre le d\u00e9veloppement personnel pour devenir leader.\u00a0 Cette fois ci, nous n\u2019avons s\u00e9lectionn\u00e9 que 25 jeunes leaders et la prochaine fois, nous voulons s\u00e9lectionner 250 et dans tous les domaines d\u2019activit\u00e9 : les arts, le sport, l\u2019agriculture,\u00a0 la sant\u00e9,\u00a0 les petites et moyennes entreprises,\u00a0 l\u2019administration, le secteur priv\u00e9 g\u00e9n\u00e9rale, l\u2019\u00e9ducation, l\u2019environnement etc. Les crit\u00e8res seront d\u00e9finis par un jury de femmes leaders\u00a0\u00bb.<\/p>\n<p>Le taux de femmes dirigeantes dans un pays, dit-il, est un indicateur de paix, de justice sociale, de\u00a0 stabilit\u00e9 et de promotion entrepreunariale.<\/p>\n<p>Parlant sp\u00e9cifiquement de cette deuxi\u00e8me \u00e9dition, le Sociologue Koureissy Cond\u00e9 a expliqu\u00e9 le r\u00f4le qu\u2019occupe la femme dans une soci\u00e9t\u00e9. \u00ab Parler du leadership f\u00e9minin, c\u2019est parler du r\u00f4le et la place de la femme dans la soci\u00e9t\u00e9, en tant que actrice de d\u00e9veloppement \u00e9conomique et social, en tant que actrice du d\u00e9passement,\u00a0 en tant que symbole de pardon, de patience,\u00a0 de r\u00e9conciliation et de vision d\u2019avenir. Je suis heureux de la r\u00e9ussite de ce forum et rassur\u00e9 par la pr\u00e9sence de plusieurs femmes leaders porteuses de diff\u00e9rents parcours exceptionnels dans diff\u00e9rents domaines \u00bb.<\/p>\n<p><strong>Mais qu\u2019est-ce qu\u2019une femme leader\u00a0?<\/strong><\/p>\n<p>\u00ab\u00a0On n\u2019appelle femme leader, pas par le grade seulement, pas par l\u2019\u00e2ge seulement, mais par la capacit\u00e9 d\u2019influence\u00a0 dans un couple, \u00a0dans une communaut\u00e9, dans une famille, \u00a0sa capacit\u00e9 d&rsquo;apporter quelque chose de positif \u00e0 la communaut\u00e9, \u00e0 la soci\u00e9t\u00e9, et la Guin\u00e9e peut se r\u00e9jouir d&rsquo;avoir des femmes braves\u00a0\u00bb, a pr\u00e9cis\u00e9 le coordinateur du forum du dialogue citoyen.<\/p>\n<p>Par ailleurs, il a promis que le processus va continuer. \u00ab\u00a0le forum du dialogue citoyen peut encourager, \u00a0promouvoir le leadership f\u00e9minin sur l\u2019\u00e9tendue du \u00a0territoire pour que la Guin\u00e9e puisse avoir l&rsquo;avantage de pr\u00e9senter les femmes \u00e0 la t\u00eate de mission, \u00a0\u00e0 la t\u00eate des institutions, \u00a0\u00e0 la t\u00eate des entreprises, \u00e0 la t\u00eate les d\u00e9partements en vue de faciliter la compr\u00e9hension mutuelle et le d\u00e9veloppement durable, l&rsquo;\u00e9mergence de l&rsquo;esprit et le vivre ensemble\u00a0\u00bb.<\/p>\n<p>Pour finir, Dr Koureissy Cond\u00e9 a annonc\u00e9 le th\u00e8me de la troisi\u00e8me \u00e9dition. \u00ab\u00a0La seconde \u00e9dition sera consacr\u00e9e \u00e0 la jeunesse, \u00a0et \u00e7a sera \u00e0 Kindia. D\u00e9j\u00e0, les programmes \u00e0 l\u2019int\u00e9rieur du pays seront donn\u00e9s \u00e0 Kindia, \u00a0et les diff\u00e9rents aspects du d\u00e9veloppement, les diff\u00e9rents aspects de la vie de la soci\u00e9t\u00e9 seront prises en compte par \u00e9dition du forum du dialogue citoyen\u00a0\u00bb.<\/p>\n<p><img fetchpriority=\"high\" decoding=\"async\" class=\"attachment-jnews-750x375 size-jnews-750x375 wp-post-image lazyautosizes lazyloaded \" src=\"https:\/\/i0.wp.com\/infochrono.org\/wp-content\/uploads\/2025\/07\/a7b87d89-26a0-49c3-a957-fb2631c93f30.jpeg?resize=750%2C375&amp;ssl=1\" alt=\"Cl\u00f4ture de la 2 \u00e8me \u00e9dition du Forum du Dialogue Citoyen : Le leadership f\u00e9minin au c\u0153ur du d\u00e9bat national\" width=\"750\" height=\"375\" data-src=\"https:\/\/i0.wp.com\/infochrono.org\/wp-content\/uploads\/2025\/07\/a7b87d89-26a0-49c3-a957-fb2631c93f30.jpeg?resize=750%2C375&amp;ssl=1\" data-srcset=\"https:\/\/i0.wp.com\/infochrono.org\/wp-content\/uploads\/2025\/07\/a7b87d89-26a0-49c3-a957-fb2631c93f30.jpeg?resize=360%2C180&amp;ssl=1 360w, https:\/\/i0.wp.com\/infochrono.org\/wp-content\/uploads\/2025\/07\/a7b87d89-26a0-49c3-a957-fb2631c93f30.jpeg?resize=750%2C375&amp;ssl=1 750w\" data-sizes=\"auto\" data-expand=\"700\" \/><\/p>\n<p>A rappeler que le forum du dialogue citoyen est un engagement personnel, c\u2019est un signe d\u2019amour et du patriotisme.<\/p>\n<p><strong>A Camara \u00a0<\/strong><\/p>\n","protected":false},"excerpt":{"rendered":"<p>L\u2019annonce officielle \u00e9t\u00e9 faite par Dr S\u00e9kou Koureissy Cond\u00e9, coordinateur G\u00e9n\u00e9ral du forum du dialogue citoyen \u00e0 l\u2019occasion de la cl\u00f4ture de la deuxi\u00e8me \u00e9dition tenue les 22 et 23 juillet 2025 \u00e0 l\u2019h\u00f4tel Kaloum\u00a0 sous le th\u00e8me : \u2018\u2019 Leadership f\u00e9minin et la Responsabilit\u00e9 citoyenne\u2019\u2019. Selon Dr Koureissy Cond\u00e9, cette deuxi\u00e8me \u00e9dition du forum [&hellip;]<\/p>\n","protected":false},"author":2,"featured_media":36537,"comment_status":"open","ping_status":"closed","sticky":false,"template":"","format":"standard","meta":{"buzzeditor_post_format":"","footnotes":""},"categories":[42],"tags":[],"class_list":["post-36536","post","type-post","status-publish","format-standard","has-post-thumbnail","hentry","category-news"],"jetpack_featured_media_url":"https:\/\/guineechrono.com\/wp-content\/uploads\/2025\/07\/koureissy.webp","amp_enabled":true,"_links":{"self":[{"href":"https:\/\/guineechrono.com\/index.php\/wp-json\/wp\/v2\/posts\/36536","targetHints":{"allow":["GET"]}}],"collection":[{"href":"https:\/\/guineechrono.com\/index.php\/wp-json\/wp\/v2\/posts"}],"about":[{"href":"https:\/\/guineechrono.com\/index.php\/wp-json\/wp\/v2\/types\/post"}],"author":[{"embeddable":true,"href":"https:\/\/guineechrono.com\/index.php\/wp-json\/wp\/v2\/users\/2"}],"replies":[{"embeddable":true,"href":"https:\/\/guineechrono.com\/index.php\/wp-json\/wp\/v2\/comments?post=36536"}],"version-history":[{"count":4,"href":"https:\/\/guineechrono.com\/index.php\/wp-json\/wp\/v2\/posts\/36536\/revisions"}],"predecessor-version":[{"id":36553,"href":"https:\/\/guineechrono.com\/index.php\/wp-json\/wp\/v2\/posts\/36536\/revisions\/36553"}],"wp:featuredmedia":[{"embeddable":true,"href":"https:\/\/guineechrono.com\/index.php\/wp-json\/wp\/v2\/media\/36537"}],"wp:attachment":[{"href":"https:\/\/guineechrono.com\/index.php\/wp-json\/wp\/v2\/media?parent=36536"}],"wp:term":[{"taxonomy":"category","embeddable":true,"href":"https:\/\/guineechrono.com\/index.php\/wp-json\/wp\/v2\/categories?post=36536"},{"taxonomy":"post_tag","embeddable":true,"href":"https:\/\/guineechrono.com\/index.php\/wp-json\/wp\/v2\/tags?post=36536"}],"curies":[{"name":"wp","href":"https:\/\/api.w.org\/{rel}","templated":true}]}}