{"id":36599,"date":"2025-07-28T20:54:43","date_gmt":"2025-07-28T19:54:43","guid":{"rendered":"https:\/\/guineechrono.com\/?p=36599"},"modified":"2025-07-28T20:54:43","modified_gmt":"2025-07-28T19:54:43","slug":"guinee-lancement-a-kaloum-de-la-campagne-de-vulgarisation-du-projet-de-nouvelle-constitution","status":"publish","type":"post","link":"https:\/\/guineechrono.com\/index.php\/guinee-lancement-a-kaloum-de-la-campagne-de-vulgarisation-du-projet-de-nouvelle-constitution\/","title":{"rendered":"Guin\u00e9e : Lancement \u00e0 Kaloum de la campagne de vulgarisation du projet de nouvelle constitution"},"content":{"rendered":"<p>Conakry, 28 juillet 2025 \u2013 Le Premier ministre, Amadou Oury BAH, a pr\u00e9sid\u00e9 la c\u00e9r\u00e9monie officielle de lancement de la campagne de vulgarisation du projet de nouvelle Constitution dans les communes de Kaloum, Dixinn, Matam et Kassa.<\/p>\n<p>En pr\u00e9sence des autorit\u00e9s locales, leaders communautaires, repr\u00e9sentants de la soci\u00e9t\u00e9 civile, des femmes et des jeunes, cette initiative marque une \u00e9tape importante dans la sensibilisation citoyenne avant le r\u00e9f\u00e9rendum du 21 septembre.<\/p>\n<p>Dans son discours, le Chef du Gouvernement a insist\u00e9 sur l\u2019importance de l\u2019appropriation citoyenne du texte fondateur voulu par le Pr\u00e9sident de la R\u00e9publique, G\u00e9n\u00e9ral Mamadi Doumbouya :<\/p>\n<p>\u00ab\u202fOn ne peut pas \u00eatre un citoyen conscient de ses droits sans conna\u00eetre les principes fondamentaux de la Constitution. \u00bb<\/p>\n<p>Il a ensuite rappel\u00e9 que ce projet de Constitution vise \u00e0 b\u00e2tir un socle institutionnel solide, inclusif et porteur de coh\u00e9sion nationale.<\/p>\n<p>\u00ab\u202fNous avons fait le choix d\u2019impliquer les acteurs locaux, parce que vous \u00eates les m\u00e9diateurs naturels entre les institutions et les citoyens. Si vous comprenez et portez ce projet, l\u2019\u00e9crasante majorit\u00e9 de la population saura de quoi il retourne et pourra y adh\u00e9rer en toute conscience\u202f\u00bb, a-t-il affirm\u00e9.<\/p>\n<p>Le Premier ministre a \u00e9galement mis en lumi\u00e8re plusieurs innovations majeures du projet :<\/p>\n<ul>\n<li>Acc\u00e8s universel et obligatoire \u00e0 l\u2019\u00e9ducation jusqu\u2019\u00e0 17 ans ;<\/li>\n<li>\u00c9galit\u00e9 de traitement entre tous les citoyens ;<\/li>\n<li>Droit \u00e0 la p\u00e9tition pour renforcer la participation citoyenne ;<\/li>\n<li>Int\u00e9gration des autorit\u00e9s traditionnelles dans les institutions ;<\/li>\n<li>Reconnaissance officielle des langues nationales.<\/li>\n<\/ul>\n<p>Mme Kadiatou Diallo, au nom des collectivit\u00e9s, a salu\u00e9 \u00ab une d\u00e9marche inclusive et f\u00e9d\u00e9ratrice, porteuse de l\u2019ambition de refondation institutionnelle engag\u00e9e par le CNRD depuis le 5 septembre 2021 \u00bb.<\/p>\n<p>Le ministre de l\u2019Administration du Territoire et de la D\u00e9centralisation a pr\u00e9cis\u00e9 que cette phase n\u2019est pas une campagne \u00e9lectorale, mais une campagne d\u2019information pour permettre \u00e0 chaque citoyen de voter librement, en toute connaissance de cause.<\/p>\n<p>Pour clore la rencontre, le Chef du Gouvernement a remis des copies du projet de nouvelle Constitution aux pr\u00e9sidents des d\u00e9l\u00e9gations sp\u00e9ciales.<\/p>\n<p><strong>Avec CCG<\/strong><\/p>\n","protected":false},"excerpt":{"rendered":"<p>Conakry, 28 juillet 2025 \u2013 Le Premier ministre, Amadou Oury BAH, a pr\u00e9sid\u00e9 la c\u00e9r\u00e9monie officielle de lancement de la campagne de vulgarisation du projet de nouvelle Constitution dans les communes de Kaloum, Dixinn, Matam et Kassa. En pr\u00e9sence des autorit\u00e9s locales, leaders communautaires, repr\u00e9sentants de la soci\u00e9t\u00e9 civile, des femmes et des jeunes, cette [&hellip;]<\/p>\n","protected":false},"author":2,"featured_media":36600,"comment_status":"open","ping_status":"closed","sticky":false,"template":"","format":"standard","meta":{"buzzeditor_post_format":"","footnotes":""},"categories":[42],"tags":[],"class_list":["post-36599","post","type-post","status-publish","format-standard","has-post-thumbnail","hentry","category-news"],"jetpack_featured_media_url":"https:\/\/guineechrono.com\/wp-content\/uploads\/2025\/07\/projet-de-nouvelle-constitution.jpeg","amp_enabled":true,"_links":{"self":[{"href":"https:\/\/guineechrono.com\/index.php\/wp-json\/wp\/v2\/posts\/36599","targetHints":{"allow":["GET"]}}],"collection":[{"href":"https:\/\/guineechrono.com\/index.php\/wp-json\/wp\/v2\/posts"}],"about":[{"href":"https:\/\/guineechrono.com\/index.php\/wp-json\/wp\/v2\/types\/post"}],"author":[{"embeddable":true,"href":"https:\/\/guineechrono.com\/index.php\/wp-json\/wp\/v2\/users\/2"}],"replies":[{"embeddable":true,"href":"https:\/\/guineechrono.com\/index.php\/wp-json\/wp\/v2\/comments?post=36599"}],"version-history":[{"count":1,"href":"https:\/\/guineechrono.com\/index.php\/wp-json\/wp\/v2\/posts\/36599\/revisions"}],"predecessor-version":[{"id":36601,"href":"https:\/\/guineechrono.com\/index.php\/wp-json\/wp\/v2\/posts\/36599\/revisions\/36601"}],"wp:featuredmedia":[{"embeddable":true,"href":"https:\/\/guineechrono.com\/index.php\/wp-json\/wp\/v2\/media\/36600"}],"wp:attachment":[{"href":"https:\/\/guineechrono.com\/index.php\/wp-json\/wp\/v2\/media?parent=36599"}],"wp:term":[{"taxonomy":"category","embeddable":true,"href":"https:\/\/guineechrono.com\/index.php\/wp-json\/wp\/v2\/categories?post=36599"},{"taxonomy":"post_tag","embeddable":true,"href":"https:\/\/guineechrono.com\/index.php\/wp-json\/wp\/v2\/tags?post=36599"}],"curies":[{"name":"wp","href":"https:\/\/api.w.org\/{rel}","templated":true}]}}