{"id":36609,"date":"2025-07-29T18:40:36","date_gmt":"2025-07-29T17:40:36","guid":{"rendered":"https:\/\/guineechrono.com\/?p=36609"},"modified":"2025-07-29T18:40:36","modified_gmt":"2025-07-29T17:40:36","slug":"presidentielle-en-cote-divoire-le-chef-de-letat-sortant-alassane-ouattara-annonce-sa-candidature","status":"publish","type":"post","link":"https:\/\/guineechrono.com\/index.php\/presidentielle-en-cote-divoire-le-chef-de-letat-sortant-alassane-ouattara-annonce-sa-candidature\/","title":{"rendered":"Pr\u00e9sidentielle en C\u00f4te d\u2019Ivoire: le chef de l\u2019\u00c9tat sortant Alassane Ouattara annonce sa candidature"},"content":{"rendered":"<p>Alassane Ouattara, pr\u00e9sident de la C\u00f4te d\u2019Ivoire depuis 2011, a annonc\u00e9 ce 29 juillet 2025 dans une allocution film\u00e9e qu\u2019il serait candidat \u00e0 sa propre succession dans trois mois : \u00ab <em>Apr\u00e8s m\u00fbre r\u00e9flexion et en toute conscience, je vous annonce aujourd\u2019hui que j\u2019ai d\u00e9cid\u00e9 d\u2019\u00eatre candidat \u00e0 l\u2019\u00e9lection pr\u00e9sidentielle du 25 octobre 2025. <\/em>\u00bb<\/p>\n<p>Alassane Ouattara briguera un nouveau mandat pr\u00e9sidentiel en\u00a0<strong><a href=\"https:\/\/www.rfi.fr\/fr\/tag\/c%C3%B4te-d-ivoire\/\">C\u00f4te d\u2019Ivoire<\/a><\/strong>\u00a0le 25 octobre prochain.<\/p>\n<p>Il l\u2019a annonc\u00e9 ce mardi dans une allocution diffus\u00e9e sur les r\u00e9seaux sociaux. \u00ab\u00a0<em>Notre pays fait face \u00e0 des d\u00e9fis s\u00e9curitaires, \u00e9conomiques et mon\u00e9taires sans pr\u00e9c\u00e9dents dont la gestion exige de l\u2019exp\u00e9rience<\/em>\u00a0\u00bb, a affirm\u00e9 le chef de l\u2019\u00c9tat de 83 ans.<\/p>\n<p>Ce dernier estime avoir la \u00ab\u00a0<em>sant\u00e9<\/em>\u00a0\u00bb pour un nouveau mandat de \u00ab\u00a0<em>transmission g\u00e9n\u00e9rationnelle<\/em>\u00a0\u00bb, selon ses mots.<\/p>\n<p>Alassane Ouattara promet des \u00e9lections apais\u00e9es, d\u00e9mocratiques et transparentes, alors que l\u2019opposition d\u00e9nonce le processus \u00e9lectoral, notamment en raison du rejet de plusieurs candidatures, dont celles de Tidjane Thiam et de l\u2019ancien pr\u00e9sident Laurent Gbagbo.<\/p>\n<p>RFI<\/p>\n<p>&nbsp;<\/p>\n","protected":false},"excerpt":{"rendered":"<p>Alassane Ouattara, pr\u00e9sident de la C\u00f4te d\u2019Ivoire depuis 2011, a annonc\u00e9 ce 29 juillet 2025 dans une allocution film\u00e9e qu\u2019il serait candidat \u00e0 sa propre succession dans trois mois : \u00ab Apr\u00e8s m\u00fbre r\u00e9flexion et en toute conscience, je vous annonce aujourd\u2019hui que j\u2019ai d\u00e9cid\u00e9 d\u2019\u00eatre candidat \u00e0 l\u2019\u00e9lection pr\u00e9sidentielle du 25 octobre 2025. \u00bb [&hellip;]<\/p>\n","protected":false},"author":2,"featured_media":36610,"comment_status":"open","ping_status":"closed","sticky":false,"template":"","format":"standard","meta":{"buzzeditor_post_format":"","footnotes":""},"categories":[42],"tags":[],"class_list":["post-36609","post","type-post","status-publish","format-standard","has-post-thumbnail","hentry","category-news"],"jetpack_featured_media_url":"https:\/\/guineechrono.com\/wp-content\/uploads\/2025\/07\/ado.jpg","amp_enabled":true,"_links":{"self":[{"href":"https:\/\/guineechrono.com\/index.php\/wp-json\/wp\/v2\/posts\/36609","targetHints":{"allow":["GET"]}}],"collection":[{"href":"https:\/\/guineechrono.com\/index.php\/wp-json\/wp\/v2\/posts"}],"about":[{"href":"https:\/\/guineechrono.com\/index.php\/wp-json\/wp\/v2\/types\/post"}],"author":[{"embeddable":true,"href":"https:\/\/guineechrono.com\/index.php\/wp-json\/wp\/v2\/users\/2"}],"replies":[{"embeddable":true,"href":"https:\/\/guineechrono.com\/index.php\/wp-json\/wp\/v2\/comments?post=36609"}],"version-history":[{"count":1,"href":"https:\/\/guineechrono.com\/index.php\/wp-json\/wp\/v2\/posts\/36609\/revisions"}],"predecessor-version":[{"id":36611,"href":"https:\/\/guineechrono.com\/index.php\/wp-json\/wp\/v2\/posts\/36609\/revisions\/36611"}],"wp:featuredmedia":[{"embeddable":true,"href":"https:\/\/guineechrono.com\/index.php\/wp-json\/wp\/v2\/media\/36610"}],"wp:attachment":[{"href":"https:\/\/guineechrono.com\/index.php\/wp-json\/wp\/v2\/media?parent=36609"}],"wp:term":[{"taxonomy":"category","embeddable":true,"href":"https:\/\/guineechrono.com\/index.php\/wp-json\/wp\/v2\/categories?post=36609"},{"taxonomy":"post_tag","embeddable":true,"href":"https:\/\/guineechrono.com\/index.php\/wp-json\/wp\/v2\/tags?post=36609"}],"curies":[{"name":"wp","href":"https:\/\/api.w.org\/{rel}","templated":true}]}}