{"id":36640,"date":"2025-07-31T14:12:21","date_gmt":"2025-07-31T13:12:21","guid":{"rendered":"https:\/\/guineechrono.com\/?p=36640"},"modified":"2025-07-31T14:37:09","modified_gmt":"2025-07-31T13:37:09","slug":"conakry-sous-les-eaux-encore-une-tragedie-evitable-par-abdoulaye-amie-soumah","status":"publish","type":"post","link":"https:\/\/guineechrono.com\/index.php\/conakry-sous-les-eaux-encore-une-tragedie-evitable-par-abdoulaye-amie-soumah\/","title":{"rendered":"Conakry sous les eaux : encore une trag\u00e9die \u00e9vitable (par Abdoulaye Amie Soumah)"},"content":{"rendered":"<p>La ville de Conakry est une nouvelle fois submerg\u00e9e par les inondations.<\/p>\n<p>Un drame qui remet en question notre mod\u00e8le d\u2019urbanisation et appelle \u00e0 des \ud835\udc26\ud835\udc1e\ud835\udc2c\ud835\udc2e\ud835\udc2b\ud835\udc1e\ud835\udc2c \ud835\udc2e\ud835\udc2b\ud835\udc20\ud835\udc1e\ud835\udc27\ud835\udc2d\ud835\udc1e\ud835\udc2c, mais surtout \u00e0 une \ud835\udc2b\ud835\udc1e\u0301\ud835\udc1f\ud835\udc25\ud835\udc1e\ud835\udc31\ud835\udc22\ud835\udc28\ud835\udc27 \ud835\udc1c\ud835\udc28\ud835\udc25\ud835\udc25\ud835\udc1e\ud835\udc1c\ud835\udc2d\ud835\udc22\ud835\udc2f\ud835\udc1e \ud835\udc1e\ud835\udc2d \ud835\udc29\ud835\udc2b\ud835\udc28\ud835\udc1f\ud835\udc28\ud835\udc27\ud835\udc1d\ud835\udc1e pour apporter des \ud835\udc2c\ud835\udc28\ud835\udc25\ud835\udc2e\ud835\udc2d\ud835\udc22\ud835\udc28\ud835\udc27\ud835\udc2c \ud835\udc1d\ud835\udc2e\ud835\udc2b\ud835\udc1a\ud835\udc1b\ud835\udc25\ud835\udc1e\ud835\udc2c.<\/p>\n<p>C\u2019est triste, r\u00e9voltant m\u00eame, de constater que chaque saison des pluies ram\u00e8ne les \ud835\udc26\ud835\udc1e\u0302\ud835\udc26\ud835\udc1e\ud835\udc2c \ud835\udc1d\ud835\udc1e\u0301\ud835\udc20\ud835\udc1a\u0302\ud835\udc2d\ud835\udc2c, \ud835\udc25\ud835\udc1e\ud835\udc2c \ud835\udc26\ud835\udc1e\u0302\ud835\udc26\ud835\udc1e\ud835\udc2c \ud835\udc29\ud835\udc1e\ud835\udc2b\ud835\udc2d\ud835\udc1e\ud835\udc2c \ud835\udc21\ud835\udc2e\ud835\udc26\ud835\udc1a\ud835\udc22\ud835\udc27\ud835\udc1e\ud835\udc2c, \ud835\udc25\ud835\udc1e\ud835\udc2c \ud835\udc26\ud835\udc1e\u0302\ud835\udc26\ud835\udc1e\ud835\udc2c \ud835\udc1c\ud835\udc2b\ud835\udc22\ud835\udc2c \ud835\udc1d\ud835\udc1e \ud835\udc1d\ud835\udc1e\u0301\ud835\udc2d\ud835\udc2b\ud835\udc1e\ud835\udc2c\ud835\udc2c\ud835\udc1e, suivis des m\u00eames indignations\u2026 mais \ud835\udc1a\ud835\udc2e\ud835\udc1c\ud835\udc2e\ud835\udc27\ud835\udc1e \ud835\udc1a\ud835\udc1c\ud835\udc2d\ud835\udc22\ud835\udc28\ud835\udc27 \ud835\udc2c\ud835\udc2d\ud835\udc2b\ud835\udc2e\ud835\udc1c\ud835\udc2d\ud835\udc2e\ud835\udc2b\ud835\udc1e\ud835\udc25\ud835\udc25\ud835\udc1e pour traiter les causes profondes.<\/p>\n<p>Aujourd\u2019hui, nous pleurons des vies perdues, des familles bris\u00e9es, et des biens emport\u00e9s apr\u00e8s des ann\u00e9es de dur labeur et de sacrifices.<\/p>\n<p>\ud835\udc00\u0300 \ud835\udc2d\ud835\udc28\ud835\udc2e\ud835\udc2d\ud835\udc1e\ud835\udc2c \ud835\udc25\ud835\udc1e\ud835\udc2c \ud835\udc1f\ud835\udc1a\ud835\udc26\ud835\udc22\ud835\udc25\ud835\udc25\ud835\udc1e\ud835\udc2c \ud835\udc2d\ud835\udc28\ud835\udc2e\ud835\udc1c\ud835\udc21\ud835\udc1e\u0301\ud835\udc1e\ud835\udc2c, j\u2019adresse mes condol\u00e9ances les plus sinc\u00e8res.<\/p>\n<p>Je prie pour le repos des \u00e2mes disparues et le r\u00e9confort moral de ceux qui restent.<\/p>\n<p><a href=\"https:\/\/guineechrono.com\/wp-content\/uploads\/2025\/07\/IMG-20250731-WA0096.jpg\"><img fetchpriority=\"high\" decoding=\"async\" class=\"alignleft size-medium wp-image-36644\" src=\"https:\/\/guineechrono.com\/wp-content\/uploads\/2025\/07\/IMG-20250731-WA0096-257x300.jpg\" alt=\"\" width=\"257\" height=\"300\" srcset=\"https:\/\/guineechrono.com\/wp-content\/uploads\/2025\/07\/IMG-20250731-WA0096-257x300.jpg 257w, https:\/\/guineechrono.com\/wp-content\/uploads\/2025\/07\/IMG-20250731-WA0096-876x1024.jpg 876w, https:\/\/guineechrono.com\/wp-content\/uploads\/2025\/07\/IMG-20250731-WA0096-768x898.jpg 768w, https:\/\/guineechrono.com\/wp-content\/uploads\/2025\/07\/IMG-20250731-WA0096-1314x1536.jpg 1314w, https:\/\/guineechrono.com\/wp-content\/uploads\/2025\/07\/IMG-20250731-WA0096-696x813.jpg 696w, https:\/\/guineechrono.com\/wp-content\/uploads\/2025\/07\/IMG-20250731-WA0096-1068x1248.jpg 1068w, https:\/\/guineechrono.com\/wp-content\/uploads\/2025\/07\/IMG-20250731-WA0096-359x420.jpg 359w, https:\/\/guineechrono.com\/wp-content\/uploads\/2025\/07\/IMG-20250731-WA0096.jpg 1536w\" sizes=\"(max-width: 257px) 100vw, 257px\" \/><\/a><\/p>\n<p>&nbsp;<\/p>\n<p>&nbsp;<\/p>\n<p>&nbsp;<\/p>\n<p>&nbsp;<\/p>\n<p>&nbsp;<\/p>\n<p>J\u2019en appelle aux autorit\u00e9s : \ud835\udc22\ud835\udc25 \ud835\udc1e\ud835\udc2c\ud835\udc2d \ud835\udc2d\ud835\udc1e\ud835\udc26\ud835\udc29\ud835\udc2c \ud835\udc1d\u2019\ud835\udc1a\ud835\udc20\ud835\udc22\ud835\udc2b, et surtout d\u2019agir \ud835\udc1a\ud835\udc2f\ud835\udc1e\ud835\udc1c \ud835\udc25\ud835\udc1e\ud835\udc2c \ud835\udc29\ud835\udc28\ud835\udc29\ud835\udc2e\ud835\udc25\ud835\udc1a\ud835\udc2d\ud835\udc22\ud835\udc28\ud835\udc27\ud835\udc2c \ud835\udc1c\ud835\udc28\ud835\udc27\ud835\udc1c\ud835\udc1e\ud835\udc2b\ud835\udc27\ud835\udc1e\u0301\ud835\udc1e\ud835\udc2c. Les zones \u00e0 risque doivent faire l\u2019objet d\u2019un \ud835\udc2d\ud835\udc2b\ud835\udc1a\ud835\udc2f\ud835\udc1a\ud835\udc22\ud835\udc25 \ud835\udc1d\u2019\ud835\udc1a\ud835\udc1c\ud835\udc1c\ud835\udc28\ud835\udc26\ud835\udc29\ud835\udc1a\ud835\udc20\ud835\udc27\ud835\udc1e\ud835\udc26\ud835\udc1e\ud835\udc27\ud835\udc2d \ud835\udc21\ud835\udc2e\ud835\udc26\ud835\udc1a\ud835\udc22\ud835\udc27 \ud835\udc1e\ud835\udc2d \ud835\udc2b\ud835\udc1e\ud835\udc2c\ud835\udc29\ud835\udc28\ud835\udc27\ud835\udc2c\ud835\udc1a\ud835\udc1b\ud835\udc25\ud835\udc1e, vers une \ud835\udc2b\ud835\udc1e\ud835\udc25\ud835\udc28\ud835\udc1c\ud835\udc1a\ud835\udc25\ud835\udc22\ud835\udc2c\ud835\udc1a\ud835\udc2d\ud835\udc22\ud835\udc28\ud835\udc27 \ud835\udc1c\ud835\udc28\ud835\udc27\ud835\udc2c\ud835\udc1e\ud835\udc27\ud835\udc2c\ud835\udc2e\ud835\udc1e\ud835\udc25\ud835\udc25\ud835\udc1e \ud835\udc1e\ud835\udc2d \ud835\udc2c\ud835\udc1e\u0301\ud835\udc1c\ud835\udc2e\ud835\udc2b\ud835\udc22\ud835\udc2c\ud835\udc1e\u0301\ud835\udc1e.<\/p>\n<p>\ud835\udc10\ud835\udc2e\ud835\udc1e \ud835\udc03\ud835\udc22\ud835\udc1e\ud835\udc2e \ud835\udc2c\ud835\udc1a\ud835\udc2e\ud835\udc2f\ud835\udc1e \ud835\udc25\ud835\udc1a \ud835\udc06\ud835\udc2e\ud835\udc22\ud835\udc27\ud835\udc1e\u0301\ud835\udc1e.<\/p>\n<p>Elhadj Abdoulaye Amie Soumah<\/p>\n<p>Vice Pr\u00e9sident du MoDeL<\/p>\n<p>&nbsp;<\/p>\n","protected":false},"excerpt":{"rendered":"<p>La ville de Conakry est une nouvelle fois submerg\u00e9e par les inondations. Un drame qui remet en question notre mod\u00e8le d\u2019urbanisation et appelle \u00e0 des \ud835\udc26\ud835\udc1e\ud835\udc2c\ud835\udc2e\ud835\udc2b\ud835\udc1e\ud835\udc2c \ud835\udc2e\ud835\udc2b\ud835\udc20\ud835\udc1e\ud835\udc27\ud835\udc2d\ud835\udc1e\ud835\udc2c, mais surtout \u00e0 une \ud835\udc2b\ud835\udc1e\u0301\ud835\udc1f\ud835\udc25\ud835\udc1e\ud835\udc31\ud835\udc22\ud835\udc28\ud835\udc27 \ud835\udc1c\ud835\udc28\ud835\udc25\ud835\udc25\ud835\udc1e\ud835\udc1c\ud835\udc2d\ud835\udc22\ud835\udc2f\ud835\udc1e \ud835\udc1e\ud835\udc2d \ud835\udc29\ud835\udc2b\ud835\udc28\ud835\udc1f\ud835\udc28\ud835\udc27\ud835\udc1d\ud835\udc1e pour apporter des \ud835\udc2c\ud835\udc28\ud835\udc25\ud835\udc2e\ud835\udc2d\ud835\udc22\ud835\udc28\ud835\udc27\ud835\udc2c \ud835\udc1d\ud835\udc2e\ud835\udc2b\ud835\udc1a\ud835\udc1b\ud835\udc25\ud835\udc1e\ud835\udc2c. C\u2019est triste, r\u00e9voltant m\u00eame, de constater que chaque saison des pluies ram\u00e8ne les \ud835\udc26\ud835\udc1e\u0302\ud835\udc26\ud835\udc1e\ud835\udc2c \ud835\udc1d\ud835\udc1e\u0301\ud835\udc20\ud835\udc1a\u0302\ud835\udc2d\ud835\udc2c, [&hellip;]<\/p>\n","protected":false},"author":2,"featured_media":36638,"comment_status":"open","ping_status":"closed","sticky":false,"template":"","format":"standard","meta":{"buzzeditor_post_format":"","footnotes":""},"categories":[42],"tags":[],"class_list":["post-36640","post","type-post","status-publish","format-standard","has-post-thumbnail","hentry","category-news"],"jetpack_featured_media_url":"https:\/\/guineechrono.com\/wp-content\/uploads\/2025\/07\/leauu.jpg","amp_enabled":true,"_links":{"self":[{"href":"https:\/\/guineechrono.com\/index.php\/wp-json\/wp\/v2\/posts\/36640","targetHints":{"allow":["GET"]}}],"collection":[{"href":"https:\/\/guineechrono.com\/index.php\/wp-json\/wp\/v2\/posts"}],"about":[{"href":"https:\/\/guineechrono.com\/index.php\/wp-json\/wp\/v2\/types\/post"}],"author":[{"embeddable":true,"href":"https:\/\/guineechrono.com\/index.php\/wp-json\/wp\/v2\/users\/2"}],"replies":[{"embeddable":true,"href":"https:\/\/guineechrono.com\/index.php\/wp-json\/wp\/v2\/comments?post=36640"}],"version-history":[{"count":3,"href":"https:\/\/guineechrono.com\/index.php\/wp-json\/wp\/v2\/posts\/36640\/revisions"}],"predecessor-version":[{"id":36645,"href":"https:\/\/guineechrono.com\/index.php\/wp-json\/wp\/v2\/posts\/36640\/revisions\/36645"}],"wp:featuredmedia":[{"embeddable":true,"href":"https:\/\/guineechrono.com\/index.php\/wp-json\/wp\/v2\/media\/36638"}],"wp:attachment":[{"href":"https:\/\/guineechrono.com\/index.php\/wp-json\/wp\/v2\/media?parent=36640"}],"wp:term":[{"taxonomy":"category","embeddable":true,"href":"https:\/\/guineechrono.com\/index.php\/wp-json\/wp\/v2\/categories?post=36640"},{"taxonomy":"post_tag","embeddable":true,"href":"https:\/\/guineechrono.com\/index.php\/wp-json\/wp\/v2\/tags?post=36640"}],"curies":[{"name":"wp","href":"https:\/\/api.w.org\/{rel}","templated":true}]}}