{"id":3666,"date":"2019-04-10T15:06:37","date_gmt":"2019-04-10T14:06:37","guid":{"rendered":"http:\/\/guineechrono.com\/?p=3666"},"modified":"2019-04-10T15:06:37","modified_gmt":"2019-04-10T14:06:37","slug":"soudan-la-contestation-met-le-president-bechir-en-difficulte","status":"publish","type":"post","link":"https:\/\/guineechrono.com\/index.php\/soudan-la-contestation-met-le-president-bechir-en-difficulte\/","title":{"rendered":"Soudan: la contestation met le pr\u00e9sident B\u00e9chir en difficult\u00e9"},"content":{"rendered":"<p><strong>Le pouvoir soudanais est confront\u00e9 en ce moment \u00e0 un vaste mouvement de d\u00e9fiance \u00e0 Khartoum. Pour la cinqui\u00e8me journ\u00e9e cons\u00e9cutive, des milliers de manifestants campent devant le quartier g\u00e9n\u00e9ral de l\u2019arm\u00e9e. Ils appellent le chef de l\u2019\u00c9tat \u00e0 d\u00e9missionner et demandent aux militaires de les rejoindre. D\u00e9sormais, la pression sur le pr\u00e9sident Omar el-B\u00e9chir est forte et la mobilisation ne faiblit pas.<\/strong><\/p>\n<p>Les manifestants sont des milliers \u00e0 camper jour et nuit devant le quartier g\u00e9n\u00e9ral de l\u2019arm\u00e9e \u00e0 Khartoum. Et selon leurs dires,<strong><a href=\"http:\/\/www.rfi.fr\/afrique\/20190409-soudan-manifestants-toujours-plus-nombreux-reclamer-le-depart-omar-el-bechir\">\u00a0ils sont de plus en plus nombreux.\u00a0<\/a><\/strong>Cette nuit, l\u2019un d\u2019entre eux expliquait que des centaines de personnes \u00e9taient arriv\u00e9es dans la soir\u00e9e\u00a0: des femmes, des familles, \u00e9galement des manifestants venant de l\u2019ext\u00e9rieur de Khartoum et des diff\u00e9rentes r\u00e9gions du pays.<\/p>\n<p>Il s\u2019agit d\u2019occuper symboliquement ce lieu pour maintenir la pression sur l\u2019arm\u00e9e et sur le r\u00e9gime. En tout cas, pour la premi\u00e8re fois depuis samedi, cette nuit a \u00e9t\u00e9 calme. Les forces des services de renseignement, qui ont men\u00e9 la r\u00e9pression jusqu\u2019\u00e0 pr\u00e9sent, n\u2019ont pas tent\u00e9 de disperser les manifestants comme cela a \u00e9t\u00e9 le cas les nuits pr\u00e9c\u00e9dentes.<\/p>\n<p>\u00ab\u00a0<em>Je pense qu\u2019ils se sont rendus compte que leur tentative de d\u00e9loger les manifestants la nuit ne marchait pas. Au contraire, le nombre de personnes qui se sont port\u00e9es volontaires pour venir camper la nuit a m\u00eame augment\u00e9. De plus, le gouvernement est tr\u00e8s inquiet de ce que rapporte la presse internationale et a peur que le monde ne d\u00e9couvre l\u2019ampleur de la r\u00e9pression<\/em>\u00a0\u00bb, t\u00e9moigne Hamid Murtada, qui a pass\u00e9 la nuit devant le si\u00e8ge de l\u2019arm\u00e9e.<\/p>\n<p>Ce matin, ce manifestant expliquait l\u2019organisation du mouvement. Ils ont notamment install\u00e9 des check-points autour des rues occup\u00e9es pour fouiller les gens qui arrivent et s\u2019assurer qu\u2019il n\u2019y a pas d\u2019arme. Ils ont \u00e9galement install\u00e9 des points de ravitaillement en eau, car il fait tr\u00e8s chaud pendant la journ\u00e9e. Il y a aussi des cliniques ambulantes pour ceux qui sont bless\u00e9s.<\/p>\n<p>Ces derniers jours, on a assist\u00e9 \u00e0 des sc\u00e8nes de fraternisation entre certains soldats et manifestants, mais il est difficile de savoir si ce sont des cas isol\u00e9s. Ce qui est s\u00fbr, c\u2019est que l\u2019arm\u00e9e n\u2019a pas particip\u00e9 \u00e0 la r\u00e9pression depuis le d\u00e9but de la contestation. Elle aurait m\u00eame aid\u00e9, prot\u00e9g\u00e9 les manifestants la nuit. Ce mardi, les agences rapportaient que<a href=\"http:\/\/www.rfi.fr\/afrique\/20190410-contestation-soudan-police-pas-intervenir-manifestants-armee\">\u00a0le chef de la police avait demand\u00e9 \u00e0 ses forces de ne pas intervenir contre les manifestants.<\/a><\/p>\n<p>Dans le m\u00eame temps, les \u00c9tats-Unis, la Grande-Bretagne et la Norv\u00e8ge,\u00a0<em>via\u00a0<\/em>leur ambassade \u00e0 Khartoum, ont fait part de leur inqui\u00e9tude et appel\u00e9 \u00e0 un \u00ab\u00a0<em>transfert pacifique du pouvoir<\/em>\u00a0\u00bb.<\/p>\n<p><strong>RFI.FR<\/strong><\/p>\n","protected":false},"excerpt":{"rendered":"<p>Le pouvoir soudanais est confront\u00e9 en ce moment \u00e0 un vaste mouvement de d\u00e9fiance \u00e0 Khartoum. Pour la cinqui\u00e8me journ\u00e9e cons\u00e9cutive, des milliers de manifestants campent devant le quartier g\u00e9n\u00e9ral de l\u2019arm\u00e9e. Ils appellent le chef de l\u2019\u00c9tat \u00e0 d\u00e9missionner et demandent aux militaires de les rejoindre. D\u00e9sormais, la pression sur le pr\u00e9sident Omar el-B\u00e9chir [&hellip;]<\/p>\n","protected":false},"author":2,"featured_media":3667,"comment_status":"open","ping_status":"closed","sticky":false,"template":"","format":"standard","meta":{"buzzeditor_post_format":"","footnotes":""},"categories":[1],"tags":[],"class_list":["post-3666","post","type-post","status-publish","format-standard","has-post-thumbnail","hentry","category-non-classe"],"jetpack_featured_media_url":"https:\/\/guineechrono.com\/wp-content\/uploads\/2019\/04\/soudan-1.jpg","amp_enabled":true,"_links":{"self":[{"href":"https:\/\/guineechrono.com\/index.php\/wp-json\/wp\/v2\/posts\/3666","targetHints":{"allow":["GET"]}}],"collection":[{"href":"https:\/\/guineechrono.com\/index.php\/wp-json\/wp\/v2\/posts"}],"about":[{"href":"https:\/\/guineechrono.com\/index.php\/wp-json\/wp\/v2\/types\/post"}],"author":[{"embeddable":true,"href":"https:\/\/guineechrono.com\/index.php\/wp-json\/wp\/v2\/users\/2"}],"replies":[{"embeddable":true,"href":"https:\/\/guineechrono.com\/index.php\/wp-json\/wp\/v2\/comments?post=3666"}],"version-history":[{"count":0,"href":"https:\/\/guineechrono.com\/index.php\/wp-json\/wp\/v2\/posts\/3666\/revisions"}],"wp:featuredmedia":[{"embeddable":true,"href":"https:\/\/guineechrono.com\/index.php\/wp-json\/wp\/v2\/media\/3667"}],"wp:attachment":[{"href":"https:\/\/guineechrono.com\/index.php\/wp-json\/wp\/v2\/media?parent=3666"}],"wp:term":[{"taxonomy":"category","embeddable":true,"href":"https:\/\/guineechrono.com\/index.php\/wp-json\/wp\/v2\/categories?post=3666"},{"taxonomy":"post_tag","embeddable":true,"href":"https:\/\/guineechrono.com\/index.php\/wp-json\/wp\/v2\/tags?post=3666"}],"curies":[{"name":"wp","href":"https:\/\/api.w.org\/{rel}","templated":true}]}}