{"id":36677,"date":"2025-08-02T15:42:56","date_gmt":"2025-08-02T14:42:56","guid":{"rendered":"https:\/\/guineechrono.com\/?p=36677"},"modified":"2025-08-02T15:42:56","modified_gmt":"2025-08-02T14:42:56","slug":"gestion-durable-des-dechets-a-conakry-vers-la-delocalisation-de-la-decharge-de-dar-es-salam","status":"publish","type":"post","link":"https:\/\/guineechrono.com\/index.php\/gestion-durable-des-dechets-a-conakry-vers-la-delocalisation-de-la-decharge-de-dar-es-salam\/","title":{"rendered":"Gestion durable des d\u00e9chets \u00e0 Conakry : Vers la d\u00e9localisation de la d\u00e9charge de Dar-Es-Salam"},"content":{"rendered":"<p>Dans le cadre de son engagement pour l\u2019am\u00e9lioration du cadre de vie des citoyens et la protection de l\u2019environnement, le gouvernement guin\u00e9en, sous l\u2019impulsion du Pr\u00e9sident de la R\u00e9publique, le G\u00e9n\u00e9ral Mamadi Doumbouya, met en \u0153uvre des mesures visant \u00e0 une gestion durable des d\u00e9chets dans la capitale.<\/p>\n<p><img fetchpriority=\"high\" decoding=\"async\" class=\"alignnone size-medium wp-image-53707\" src=\"http:\/\/africavision7.com\/wp-content\/uploads\/1753982046947-350x233.jpg\" alt=\"\" width=\"350\" height=\"233\" data-pin-no-hover=\"true\" \/><\/p>\n<p>Le Premier ministre, Amadou Oury Bah, a effectu\u00e9 hier une visite de terrain \u00e0 la d\u00e9charge de Dar-Es-Salam afin de r\u00e9pondre aux d\u00e9fis sanitaires et s\u00e9curitaires pos\u00e9s par ce site.<\/p>\n<p>Cette visite strat\u00e9gique, qui a mobilis\u00e9 les services techniques de salubrit\u00e9 publique et de s\u00e9curit\u00e9, ainsi que les \u00e9lus locaux, a permis au Chef du Gouvernement de formuler des instructions claires en vue de l\u2019identification imm\u00e9diate des zones \u00e0 risque et du d\u00e9ploiement rapide des dispositifs de s\u00e9curisation.<\/p>\n<p>Objectif principal : la fermeture d\u00e9finitive de la d\u00e9charge de Dar-Es-Salam.<\/p>\n<p>T-A<\/p>\n","protected":false},"excerpt":{"rendered":"<p>Dans le cadre de son engagement pour l\u2019am\u00e9lioration du cadre de vie des citoyens et la protection de l\u2019environnement, le gouvernement guin\u00e9en, sous l\u2019impulsion du Pr\u00e9sident de la R\u00e9publique, le G\u00e9n\u00e9ral Mamadi Doumbouya, met en \u0153uvre des mesures visant \u00e0 une gestion durable des d\u00e9chets dans la capitale. Le Premier ministre, Amadou Oury Bah, a [&hellip;]<\/p>\n","protected":false},"author":2,"featured_media":36678,"comment_status":"open","ping_status":"closed","sticky":false,"template":"","format":"standard","meta":{"buzzeditor_post_format":"","footnotes":""},"categories":[42],"tags":[],"class_list":["post-36677","post","type-post","status-publish","format-standard","has-post-thumbnail","hentry","category-news"],"jetpack_featured_media_url":"https:\/\/guineechrono.com\/wp-content\/uploads\/2025\/08\/ordure.jpg","amp_enabled":true,"_links":{"self":[{"href":"https:\/\/guineechrono.com\/index.php\/wp-json\/wp\/v2\/posts\/36677","targetHints":{"allow":["GET"]}}],"collection":[{"href":"https:\/\/guineechrono.com\/index.php\/wp-json\/wp\/v2\/posts"}],"about":[{"href":"https:\/\/guineechrono.com\/index.php\/wp-json\/wp\/v2\/types\/post"}],"author":[{"embeddable":true,"href":"https:\/\/guineechrono.com\/index.php\/wp-json\/wp\/v2\/users\/2"}],"replies":[{"embeddable":true,"href":"https:\/\/guineechrono.com\/index.php\/wp-json\/wp\/v2\/comments?post=36677"}],"version-history":[{"count":1,"href":"https:\/\/guineechrono.com\/index.php\/wp-json\/wp\/v2\/posts\/36677\/revisions"}],"predecessor-version":[{"id":36679,"href":"https:\/\/guineechrono.com\/index.php\/wp-json\/wp\/v2\/posts\/36677\/revisions\/36679"}],"wp:featuredmedia":[{"embeddable":true,"href":"https:\/\/guineechrono.com\/index.php\/wp-json\/wp\/v2\/media\/36678"}],"wp:attachment":[{"href":"https:\/\/guineechrono.com\/index.php\/wp-json\/wp\/v2\/media?parent=36677"}],"wp:term":[{"taxonomy":"category","embeddable":true,"href":"https:\/\/guineechrono.com\/index.php\/wp-json\/wp\/v2\/categories?post=36677"},{"taxonomy":"post_tag","embeddable":true,"href":"https:\/\/guineechrono.com\/index.php\/wp-json\/wp\/v2\/tags?post=36677"}],"curies":[{"name":"wp","href":"https:\/\/api.w.org\/{rel}","templated":true}]}}