{"id":3670,"date":"2019-04-10T16:47:48","date_gmt":"2019-04-10T15:47:48","guid":{"rendered":"http:\/\/guineechrono.com\/?p=3670"},"modified":"2020-05-19T16:39:57","modified_gmt":"2020-05-19T15:39:57","slug":"art-culinaire-la-date-de-la-4eme-edition-du-festival-panafricain-des-grillades-decalee","status":"publish","type":"post","link":"https:\/\/guineechrono.com\/index.php\/art-culinaire-la-date-de-la-4eme-edition-du-festival-panafricain-des-grillades-decalee\/","title":{"rendered":"Art culinaire : la date de la 4\u00e8me \u00e9dition du festival panafricain des grillades d\u00e9cal\u00e9e"},"content":{"rendered":"<p><strong>Normalement, la 4<sup>\u00e8me<\/sup> \u00e9dition du festival panafricain des grillades devrait d\u00e9marrer \u00a0le 19 avril 2019. Mais, pour des raisons de logistiques, cette a \u00e9t\u00e9 d\u00e9cal\u00e9e d\u2019une journ\u00e9e. Cette annonce a \u00e9t\u00e9 faite ce mercredi 10 avril 2019 par la directrice de l\u2019agence YoKAM au cours d\u2019une conf\u00e9rence de presse anim\u00e9e \u00e0 Conakry.<\/strong><\/p>\n<p>D\u2019entr\u00e9e Hawa Kam Hogui\u00e9, directrice de l\u2019agence YOKAM et organisatrice du festival panafricain des grillades a rappel\u00e9 qu\u2019il ya de cela 4 ans apr\u00e8s le succ\u00e8s du festival en Afrique centrale, \u00ab\u00a0o\u00f9 nous avons d\u00e9but\u00e9 cette magnifique aventure, j\u2019ai ressenti le besoin de lancer l\u2019\u00e9v\u00e9nement en Guin\u00e9e, mon pays natal\u00a0\u00bb, rappelle-t-elle.<\/p>\n<p>Concernant le d\u00e9calage de la date, Hawa Kam Hougui\u00e9, directrice de l\u2019agence YOKAM explique les raisons. \u00ab\u00a0<em>Pour ceux qui ont suivit nos annonces depuis le lancement de la campagne publicitaire de cette 4<sup>\u00e8me<\/sup> \u00e9dition, vous avez certainement constat\u00e9 que la date d\u2019ouverture a \u00e9t\u00e9 d\u00e9cal\u00e9e d\u2019une journ\u00e9e. la raison est toute simple\u00a0:pour des raisons de logistique li\u00e9es au forum de l\u2019\u00e9tudiant qui se tient sur une partie de l\u2019esplanade du palais du peuple et qui prend fin le 19 avril ,date \u00e0 laquelle nous sommes cens\u00e9 d\u00e9but\u00e9 , afin de garantir un acc\u00e8s facile et des places de parking pour les premiers arriv\u00e9s au festival et \u00e9tant donn\u00e9e que le lundi 22 avril correspond au lundi de parques ,jour f\u00e9ri\u00e9 ,nous avons jug\u00e9 n\u00e9cessaire de donner le temps aux organisateurs du FEG\u00a0 de d\u00e9manteler tranquillement leurs stands et installation . Nous commencerons donc le lendemain, samedi 20 avril et cela jusqu&rsquo;\u00e0 la soir\u00e9e du lundi 22 avril 2019<\/em>\u00a0\u00bb explique-t-elle.<\/p>\n<p>Pour elle, le festival offre \u00a0au visiteur \u00a0\u00a0non seulement une vari\u00e9t\u00e9 en termes de gastronomie africaine et guin\u00e9enne mais \u00e9galement une cr\u00e8me d\u2019artistes nationaux et africains de renom.<\/p>\n<p>A pr\u00e9cis\u00e9 que\u00a0 plus d\u2019une dizaine d\u2019artistes sont programm\u00e9s \u00a0pour agr\u00e9menter les jours du festival.<\/p>\n<p><strong>Le kindiaka<\/strong><\/p>\n","protected":false},"excerpt":{"rendered":"<p>Normalement, la 4\u00e8me \u00e9dition du festival panafricain des grillades devrait d\u00e9marrer \u00a0le 19 avril 2019. Mais, pour des raisons de logistiques, cette a \u00e9t\u00e9 d\u00e9cal\u00e9e d\u2019une journ\u00e9e. Cette annonce a \u00e9t\u00e9 faite ce mercredi 10 avril 2019 par la directrice de l\u2019agence YoKAM au cours d\u2019une conf\u00e9rence de presse anim\u00e9e \u00e0 Conakry. D\u2019entr\u00e9e Hawa Kam [&hellip;]<\/p>\n","protected":false},"author":2,"featured_media":3671,"comment_status":"open","ping_status":"closed","sticky":false,"template":"","format":"standard","meta":{"buzzeditor_post_format":"","footnotes":""},"categories":[1,46],"tags":[],"class_list":["post-3670","post","type-post","status-publish","format-standard","has-post-thumbnail","hentry","category-non-classe","category-societe"],"jetpack_featured_media_url":"https:\/\/guineechrono.com\/wp-content\/uploads\/2019\/04\/IMG_20190410_105648.jpg","amp_enabled":true,"_links":{"self":[{"href":"https:\/\/guineechrono.com\/index.php\/wp-json\/wp\/v2\/posts\/3670","targetHints":{"allow":["GET"]}}],"collection":[{"href":"https:\/\/guineechrono.com\/index.php\/wp-json\/wp\/v2\/posts"}],"about":[{"href":"https:\/\/guineechrono.com\/index.php\/wp-json\/wp\/v2\/types\/post"}],"author":[{"embeddable":true,"href":"https:\/\/guineechrono.com\/index.php\/wp-json\/wp\/v2\/users\/2"}],"replies":[{"embeddable":true,"href":"https:\/\/guineechrono.com\/index.php\/wp-json\/wp\/v2\/comments?post=3670"}],"version-history":[{"count":0,"href":"https:\/\/guineechrono.com\/index.php\/wp-json\/wp\/v2\/posts\/3670\/revisions"}],"wp:featuredmedia":[{"embeddable":true,"href":"https:\/\/guineechrono.com\/index.php\/wp-json\/wp\/v2\/media\/3671"}],"wp:attachment":[{"href":"https:\/\/guineechrono.com\/index.php\/wp-json\/wp\/v2\/media?parent=3670"}],"wp:term":[{"taxonomy":"category","embeddable":true,"href":"https:\/\/guineechrono.com\/index.php\/wp-json\/wp\/v2\/categories?post=3670"},{"taxonomy":"post_tag","embeddable":true,"href":"https:\/\/guineechrono.com\/index.php\/wp-json\/wp\/v2\/tags?post=3670"}],"curies":[{"name":"wp","href":"https:\/\/api.w.org\/{rel}","templated":true}]}}