{"id":36706,"date":"2025-08-04T16:51:38","date_gmt":"2025-08-04T15:51:38","guid":{"rendered":"https:\/\/guineechrono.com\/?p=36706"},"modified":"2025-08-04T16:51:38","modified_gmt":"2025-08-04T15:51:38","slug":"secteur-extractif-en-afrique-de-louest-conakry-abrite-un-sommet-strategique-sur-la-mobilisation-des-recettes","status":"publish","type":"post","link":"https:\/\/guineechrono.com\/index.php\/secteur-extractif-en-afrique-de-louest-conakry-abrite-un-sommet-strategique-sur-la-mobilisation-des-recettes\/","title":{"rendered":"Secteur extractif en Afrique de l\u2019Ouest : Conakry abrite un sommet strat\u00e9gique sur la mobilisation des recettes"},"content":{"rendered":"<p><b>Conakry a accueilli, ce lundi 4 ao\u00fbt 2025, l\u2019atelier r\u00e9gional du Forum Africain des Administrations Fiscales de l\u2019Afrique de l\u2019Ouest (FAFOA), \u00e0 l\u2019h\u00f4tel Noom.<\/b><\/p>\n<p>Plac\u00e9e sous la pr\u00e9sidence du Premier ministre Amadou Oury Bah, cette rencontre de haut niveau \u00e9tait ax\u00e9e sur le th\u00e8me : <i>\u00ab Renforcement des capacit\u00e9s de contr\u00f4le fiscal et d\u2019\u00e9change d\u2019informations dans le secteur extractif en Afrique de l\u2019Ouest \u00bb<\/i>. Elle a r\u00e9uni plusieurs repr\u00e9sentants d\u2019institutions internationales, des cadres du minist\u00e8re des Finances ainsi que des membres du gouvernement guin\u00e9en.<\/p>\n<p><a href=\"https:\/\/guineechrono.com\/wp-content\/uploads\/2025\/08\/IMG-20250804-WA0016.jpg\"><img fetchpriority=\"high\" decoding=\"async\" class=\"size-medium wp-image-36707 aligncenter\" src=\"https:\/\/guineechrono.com\/wp-content\/uploads\/2025\/08\/IMG-20250804-WA0016-222x300.jpg\" alt=\"\" width=\"222\" height=\"300\" srcset=\"https:\/\/guineechrono.com\/wp-content\/uploads\/2025\/08\/IMG-20250804-WA0016-222x300.jpg 222w, https:\/\/guineechrono.com\/wp-content\/uploads\/2025\/08\/IMG-20250804-WA0016-311x420.jpg 311w, https:\/\/guineechrono.com\/wp-content\/uploads\/2025\/08\/IMG-20250804-WA0016.jpg 696w\" sizes=\"(max-width: 222px) 100vw, 222px\" \/><\/a><\/p>\n<p>Dans son discours de bienvenue, la directrice g\u00e9n\u00e9rale des imp\u00f4ts a tenu \u00e0 remercier les organisateurs pour le choix port\u00e9 sur la Guin\u00e9e comme pays h\u00f4te, ainsi que la Banque mondiale pour son appui constant. Elle a rappel\u00e9 que malgr\u00e9 leur immense potentiel extractif, de nombreux pays ouest-africains peinent encore \u00e0 mobiliser efficacement les recettes issues du secteur minier.<br \/>\n<i>\u00ab Le secteur extractif, de par sa complexit\u00e9, exige des comp\u00e9tences renforc\u00e9es en mati\u00e8re de contr\u00f4le fiscal et d\u2019\u00e9change d\u2019informations. C\u2019est pourquoi ce cadre de dialogue et de partage d\u2019exp\u00e9riences est si pr\u00e9cieux pour nous \u00bb<\/i>, a-t-elle d\u00e9clar\u00e9.<\/p>\n<p>Appelant \u00e0 des recommandations concr\u00e8tes et \u00e0 des strat\u00e9gies innovantes, elle a exhort\u00e9 les participants \u00e0 faire de l\u2019administration fiscale un v\u00e9ritable levier de d\u00e9veloppement \u00e9conomique et de bonne gouvernance.<br \/>\n<i>\u00ab Nous devons \u00e9largir l\u2019assiette fiscale, s\u00e9curiser les recettes et lutter efficacement contre la fraude et l\u2019\u00e9vasion fiscales \u00bb<\/i>, a-t-elle insist\u00e9.<\/p>\n<p><a href=\"https:\/\/guineechrono.com\/wp-content\/uploads\/2025\/08\/IMG-20250804-WA0008.jpg\"><img decoding=\"async\" class=\"alignleft size-medium wp-image-36708\" src=\"https:\/\/guineechrono.com\/wp-content\/uploads\/2025\/08\/IMG-20250804-WA0008-300x169.jpg\" alt=\"\" width=\"300\" height=\"169\" srcset=\"https:\/\/guineechrono.com\/wp-content\/uploads\/2025\/08\/IMG-20250804-WA0008-300x169.jpg 300w, https:\/\/guineechrono.com\/wp-content\/uploads\/2025\/08\/IMG-20250804-WA0008-768x432.jpg 768w, https:\/\/guineechrono.com\/wp-content\/uploads\/2025\/08\/IMG-20250804-WA0008-696x392.jpg 696w, https:\/\/guineechrono.com\/wp-content\/uploads\/2025\/08\/IMG-20250804-WA0008-746x420.jpg 746w, https:\/\/guineechrono.com\/wp-content\/uploads\/2025\/08\/IMG-20250804-WA0008.jpg 1020w\" sizes=\"(max-width: 300px) 100vw, 300px\" \/><\/a><\/p>\n<p>Prenant la parole \u00e0 son tour, le Premier ministre Amadou Oury Bah a salu\u00e9 la tenue de cet atelier dans un contexte de refondation profonde de la gouvernance en Guin\u00e9e, amorc\u00e9e depuis le 5 septembre 2021. Il a r\u00e9affirm\u00e9 la volont\u00e9 du gouvernement de rompre avec le mod\u00e8le \u00e9conomique bas\u00e9 uniquement sur l\u2019exportation des ressources brutes.<\/p>\n<p><i>\u00ab Nous ne voulons plus que la Guin\u00e9e soit simplement per\u00e7ue comme un pays d\u2019extraction mini\u00e8re. Ces ressources doivent \u00eatre transform\u00e9es localement afin de g\u00e9n\u00e9rer plus de valeur ajout\u00e9e au b\u00e9n\u00e9fice des populations \u00bb,<\/i>\u00a0a-t-il d\u00e9clar\u00e9.<br \/>\nLe Premier ministre a rappel\u00e9 que l\u2019objectif du gouvernement \u00e0 l\u2019horizon 2026 est de <b>traquer toutes les recettes potentielles non encore valoris\u00e9es<\/b>\u00a0dans le secteur extractif. Il a \u00e9galement exprim\u00e9 le souhait de voir l\u2019Institut des Mines Continentales s\u2019installer en R\u00e9publique de Guin\u00e9e, afin d\u2019en faire un centre d\u2019excellence r\u00e9gional pour la formation, la recherche et la bonne gouvernance des ressources mini\u00e8res.<br \/>\n<i>\u00ab Il est temps de transformer la richesse mini\u00e8re en levier du d\u00e9veloppement agricole et industriel. Cela passe par des r\u00e9formes profondes, une coop\u00e9ration r\u00e9gionale renforc\u00e9e et une souverainet\u00e9 \u00e9conomique assum\u00e9e \u00bb,<\/i>\u00a0a-t-il conclu.<\/p>\n<p><b>Cet atelier r\u00e9gional du FAFOA devrait d\u00e9boucher sur des recommandations fortes pour harmoniser les pratiques fiscales dans la sous-r\u00e9gion et am\u00e9liorer la gouvernance du secteur extractif.<\/b><!--\/data\/user\/0\/com.samsung.android.app.notes\/files\/clipdata\/clipdata_bodytext_250804_153847_566.sdocx--><\/p>\n<p><strong>Molota CAMARA <\/strong><\/p>\n<p><strong>624 85 46 56\u00a0<\/strong><\/p>\n","protected":false},"excerpt":{"rendered":"<p>Conakry a accueilli, ce lundi 4 ao\u00fbt 2025, l\u2019atelier r\u00e9gional du Forum Africain des Administrations Fiscales de l\u2019Afrique de l\u2019Ouest (FAFOA), \u00e0 l\u2019h\u00f4tel Noom. Plac\u00e9e sous la pr\u00e9sidence du Premier ministre Amadou Oury Bah, cette rencontre de haut niveau \u00e9tait ax\u00e9e sur le th\u00e8me : \u00ab Renforcement des capacit\u00e9s de contr\u00f4le fiscal et d\u2019\u00e9change d\u2019informations [&hellip;]<\/p>\n","protected":false},"author":2,"featured_media":36709,"comment_status":"open","ping_status":"closed","sticky":false,"template":"","format":"standard","meta":{"buzzeditor_post_format":"","footnotes":""},"categories":[44,2,42],"tags":[],"class_list":["post-36706","post","type-post","status-publish","format-standard","has-post-thumbnail","hentry","category-economie","category-featured","category-news"],"jetpack_featured_media_url":"https:\/\/guineechrono.com\/wp-content\/uploads\/2025\/08\/IMG-20250804-WA0009.jpg","amp_enabled":true,"_links":{"self":[{"href":"https:\/\/guineechrono.com\/index.php\/wp-json\/wp\/v2\/posts\/36706","targetHints":{"allow":["GET"]}}],"collection":[{"href":"https:\/\/guineechrono.com\/index.php\/wp-json\/wp\/v2\/posts"}],"about":[{"href":"https:\/\/guineechrono.com\/index.php\/wp-json\/wp\/v2\/types\/post"}],"author":[{"embeddable":true,"href":"https:\/\/guineechrono.com\/index.php\/wp-json\/wp\/v2\/users\/2"}],"replies":[{"embeddable":true,"href":"https:\/\/guineechrono.com\/index.php\/wp-json\/wp\/v2\/comments?post=36706"}],"version-history":[{"count":1,"href":"https:\/\/guineechrono.com\/index.php\/wp-json\/wp\/v2\/posts\/36706\/revisions"}],"predecessor-version":[{"id":36710,"href":"https:\/\/guineechrono.com\/index.php\/wp-json\/wp\/v2\/posts\/36706\/revisions\/36710"}],"wp:featuredmedia":[{"embeddable":true,"href":"https:\/\/guineechrono.com\/index.php\/wp-json\/wp\/v2\/media\/36709"}],"wp:attachment":[{"href":"https:\/\/guineechrono.com\/index.php\/wp-json\/wp\/v2\/media?parent=36706"}],"wp:term":[{"taxonomy":"category","embeddable":true,"href":"https:\/\/guineechrono.com\/index.php\/wp-json\/wp\/v2\/categories?post=36706"},{"taxonomy":"post_tag","embeddable":true,"href":"https:\/\/guineechrono.com\/index.php\/wp-json\/wp\/v2\/tags?post=36706"}],"curies":[{"name":"wp","href":"https:\/\/api.w.org\/{rel}","templated":true}]}}