{"id":36711,"date":"2025-08-04T17:06:01","date_gmt":"2025-08-04T16:06:01","guid":{"rendered":"https:\/\/guineechrono.com\/?p=36711"},"modified":"2025-08-04T17:07:35","modified_gmt":"2025-08-04T16:07:35","slug":"alseny-fofana-chaque-guineen-doit-connaitre-la-constitution-pour-batir-lavenir","status":"publish","type":"post","link":"https:\/\/guineechrono.com\/index.php\/alseny-fofana-chaque-guineen-doit-connaitre-la-constitution-pour-batir-lavenir\/","title":{"rendered":"Alseny Fofana : \u00ab Chaque Guin\u00e9en doit conna\u00eetre la Constitution pour b\u00e2tir l\u2019avenir \u00bb"},"content":{"rendered":"<p><strong>Pr\u00e9sident du mouvement \u00ab\u00a0Guin\u00e9e Forte et Respect\u00e9e (GFR)\u00a0\u00bb, Alseny Fofana incarne l\u2019alliance entre comp\u00e9tence professionnelle et engagement civique. Porte-voix de la jeunesse de Matam, il appelle \u00e0 une mobilisation responsable autour de la vulgarisation de la nouvelle Constitution et \u00e0 un vote massif pour le r\u00e9f\u00e9rendum du 21 septembre.<\/strong><\/p>\n<p>Patriote engag\u00e9 et homme de devoir, Alseny Fofana n\u2019a pas h\u00e9sit\u00e9 \u00e0 r\u00e9pondre \u00e0 l\u2019appel des jeunes de Matam, qui l\u2019ont sollicit\u00e9 pour parrainer leur mouvement de soutien aux id\u00e9aux du CNRD, baptis\u00e9 \u00ab\u00a0Guin\u00e9e Forte et Respect\u00e9e (GFR)\u00a0\u00bb. Une mission qu\u2019il a accept\u00e9e avec conviction, conscient du r\u00f4le crucial que jouent les jeunes dans la consolidation des acquis de la transition.<\/p>\n<p><a href=\"https:\/\/guineechrono.com\/wp-content\/uploads\/2025\/08\/Snapchat-663743196.jpg\"><img fetchpriority=\"high\" decoding=\"async\" class=\"size-medium wp-image-36712\" src=\"https:\/\/guineechrono.com\/wp-content\/uploads\/2025\/08\/Snapchat-663743196-169x300.jpg\" alt=\"\" width=\"169\" height=\"300\" srcset=\"https:\/\/guineechrono.com\/wp-content\/uploads\/2025\/08\/Snapchat-663743196-169x300.jpg 169w, https:\/\/guineechrono.com\/wp-content\/uploads\/2025\/08\/Snapchat-663743196-576x1024.jpg 576w, https:\/\/guineechrono.com\/wp-content\/uploads\/2025\/08\/Snapchat-663743196-768x1365.jpg 768w, https:\/\/guineechrono.com\/wp-content\/uploads\/2025\/08\/Snapchat-663743196-864x1536.jpg 864w, https:\/\/guineechrono.com\/wp-content\/uploads\/2025\/08\/Snapchat-663743196-696x1237.jpg 696w, https:\/\/guineechrono.com\/wp-content\/uploads\/2025\/08\/Snapchat-663743196-1068x1899.jpg 1068w, https:\/\/guineechrono.com\/wp-content\/uploads\/2025\/08\/Snapchat-663743196-236x420.jpg 236w, https:\/\/guineechrono.com\/wp-content\/uploads\/2025\/08\/Snapchat-663743196.jpg 1080w\" sizes=\"(max-width: 169px) 100vw, 169px\" \/><\/a><\/p>\n<p>\u00ab J\u2019ai vu dans cette initiative une volont\u00e9 sinc\u00e8re de contribuer \u00e0 l\u2019\u00e9dification d\u2019un \u00c9tat plus fort, plus juste. Ces jeunes croient en la vision du G\u00e9n\u00e9ral Mamadi Doumbouya, et c\u2019est ce qui m\u2019a motiv\u00e9 \u00e0 accepter leur demande de devenir leur pr\u00e9sident et parrain \u00bb, confie M. Fofana.<\/p>\n<p>Dans cette dynamique citoyenne, il met un point d\u2019honneur \u00e0 encourager la vulgarisation de la nouvelle Constitution, surtout aupr\u00e8s des jeunes. \u00ab J\u2019ai demand\u00e9 aux jeunes de Matam de s\u2019approprier le contenu de la Constitution et de s\u2019y engager activement. Quand on parle de jeunesse, on pense aux \u00e9l\u00e8ves, aux \u00e9tudiants\u2026 Ce sont eux l\u2019avenir du pays. Plus ils connaissent leurs droits et devoirs, mieux ils d\u00e9fendront les valeurs de la R\u00e9publique \u00bb, affirme-t-il.<\/p>\n<p>Cependant, il regrette un obstacle de taille : le manque de brochures de la Constitution sur le terrain. \u00ab Beaucoup de citoyens se plaignent de ne pas avoir re\u00e7u leur exemplaire. Pourtant, selon mes informations, des millions d\u2019exemplaires ont \u00e9t\u00e9 imprim\u00e9s. Je demande aux autorit\u00e9s en charge de la distribution d\u2019adopter une strat\u00e9gie plus efficace pour que chaque Guin\u00e9en, o\u00f9 qu\u2019il soit, puisse en disposer \u00bb, plaide-t-il.<\/p>\n<p>Il insiste : \u00ab M\u00eame ceux qui vendent du charbon ont besoin de conna\u00eetre les lois sur l\u2019environnement. Et ceux qui ne savent pas lire peuvent se faire aider par leurs enfants ou leurs proches. \u00bb<\/p>\n<p>Enfin, \u00e0 l\u2019approche du r\u00e9f\u00e9rendum pr\u00e9vu pour le 21 septembre, Alseny Fofana lance un vibrant appel : \u00ab En tant que jeune engag\u00e9 pour la r\u00e9ussite de la transition, j\u2019invite toute la jeunesse guin\u00e9enne \u2013 en particulier celle de Conakry et de Matam \u00e0 aller voter massivement Oui pour cette nouvelle Constitution. C\u2019est par ce Oui que nous donnerons au G\u00e9n\u00e9ral Doumbouya la force l\u00e9gale et morale de transformer la Guin\u00e9e.<\/p>\n<p><strong>Alseny Macir\u00e9 Fofana<\/strong><\/p>\n","protected":false},"excerpt":{"rendered":"<p>Pr\u00e9sident du mouvement \u00ab\u00a0Guin\u00e9e Forte et Respect\u00e9e (GFR)\u00a0\u00bb, Alseny Fofana incarne l\u2019alliance entre comp\u00e9tence professionnelle et engagement civique. Porte-voix de la jeunesse de Matam, il appelle \u00e0 une mobilisation responsable autour de la vulgarisation de la nouvelle Constitution et \u00e0 un vote massif pour le r\u00e9f\u00e9rendum du 21 septembre. Patriote engag\u00e9 et homme de devoir, [&hellip;]<\/p>\n","protected":false},"author":2,"featured_media":36715,"comment_status":"open","ping_status":"closed","sticky":false,"template":"","format":"standard","meta":{"buzzeditor_post_format":"","footnotes":""},"categories":[47,2,42],"tags":[],"class_list":["post-36711","post","type-post","status-publish","format-standard","has-post-thumbnail","hentry","category-culture","category-featured","category-news"],"jetpack_featured_media_url":"https:\/\/guineechrono.com\/wp-content\/uploads\/2025\/08\/Snapchat-1191629850-1.jpg","amp_enabled":true,"_links":{"self":[{"href":"https:\/\/guineechrono.com\/index.php\/wp-json\/wp\/v2\/posts\/36711","targetHints":{"allow":["GET"]}}],"collection":[{"href":"https:\/\/guineechrono.com\/index.php\/wp-json\/wp\/v2\/posts"}],"about":[{"href":"https:\/\/guineechrono.com\/index.php\/wp-json\/wp\/v2\/types\/post"}],"author":[{"embeddable":true,"href":"https:\/\/guineechrono.com\/index.php\/wp-json\/wp\/v2\/users\/2"}],"replies":[{"embeddable":true,"href":"https:\/\/guineechrono.com\/index.php\/wp-json\/wp\/v2\/comments?post=36711"}],"version-history":[{"count":1,"href":"https:\/\/guineechrono.com\/index.php\/wp-json\/wp\/v2\/posts\/36711\/revisions"}],"predecessor-version":[{"id":36714,"href":"https:\/\/guineechrono.com\/index.php\/wp-json\/wp\/v2\/posts\/36711\/revisions\/36714"}],"wp:featuredmedia":[{"embeddable":true,"href":"https:\/\/guineechrono.com\/index.php\/wp-json\/wp\/v2\/media\/36715"}],"wp:attachment":[{"href":"https:\/\/guineechrono.com\/index.php\/wp-json\/wp\/v2\/media?parent=36711"}],"wp:term":[{"taxonomy":"category","embeddable":true,"href":"https:\/\/guineechrono.com\/index.php\/wp-json\/wp\/v2\/categories?post=36711"},{"taxonomy":"post_tag","embeddable":true,"href":"https:\/\/guineechrono.com\/index.php\/wp-json\/wp\/v2\/tags?post=36711"}],"curies":[{"name":"wp","href":"https:\/\/api.w.org\/{rel}","templated":true}]}}