{"id":36719,"date":"2025-08-04T18:08:24","date_gmt":"2025-08-04T17:08:24","guid":{"rendered":"https:\/\/guineechrono.com\/?p=36719"},"modified":"2025-08-04T18:08:24","modified_gmt":"2025-08-04T17:08:24","slug":"mamadi-doumbouya-et-le-stoicisme-une-figure-de-calme-et-de-maitrise-par-honorable-cheick-tidiane-traore","status":"publish","type":"post","link":"https:\/\/guineechrono.com\/index.php\/mamadi-doumbouya-et-le-stoicisme-une-figure-de-calme-et-de-maitrise-par-honorable-cheick-tidiane-traore\/","title":{"rendered":"Mamadi Doumbouya et le sto\u00efcisme: une figure de calme et de ma\u00eetrise (par  Honorable Cheick Tidiane TRAORE)"},"content":{"rendered":"<p>Le sto\u00efcisme enseigne la ma\u00eetrise de soi, l\u2019acceptation de ce qui ne d\u00e9pend pas de nous, la rigueur morale, et la priorit\u00e9 donn\u00e9e \u00e0 l\u2019action juste plut\u00f4t qu\u2019aux passions ou aux apparences. Certaines attitudes du pr\u00e9sident de la transition guin\u00e9enne, Mamadi Doumbouya, rappellent cette sagesse antique.<\/p>\n<p>Doumbouya s\u2019exprime peu, mais agit avec fermet\u00e9. Il ne r\u00e9pond pas \u00e0 toutes les attaques ni aux rumeurs, cultivant un silence \u00e9loquent, souvent interpr\u00e9t\u00e9 comme un signe de s\u00e9r\u00e9nit\u00e9 int\u00e9rieure et de discipline personnelle. Comme un sto\u00efcien, il semble guid\u00e9 par une volont\u00e9 d\u2019agir justement, sans se laisser distraire par les critiques ou les \u00e9loges. Avec la ma\u00eetrise de l\u2019\u00e9motionnel, Mamadi DOUMBOUYA fait du silence un outil de puissance.<\/p>\n<p>\u201cCe qui trouble les hommes, ce ne sont pas les choses elles-m\u00eames, mais les jugements qu\u2019ils portent sur ces choses.\u201d \u2014 \u00c9pict\u00e8te.<\/p>\n<p>Form\u00e9 dans les rangs des forces sp\u00e9ciales, Doumbouya adopte une attitude sobre et rigoureuse, loin du blingbling de nombreux dirigeants africains. Cette sobri\u00e9t\u00e9 dans l\u2019apparence et la discipline militaire peuvent \u00eatre per\u00e7ues comme une forme contemporaine de la vertu sto\u00efcienne, qui rejette les exc\u00e8s et cultive l\u2019endurance.<\/p>\n<p>Le sto\u00efcisme valorise le sens du devoir, la loyaut\u00e9 envers la cit\u00e9 et la recherche du bien commun. En instaurant la transition, en restructurant les institutions et en parlant de refondation de l\u2019\u00c9tat, Mamadi Doumbouya s\u2019inscrit dans une logique qui d\u00e9passe les int\u00e9r\u00eats individuels : une vision du pouvoir comme service, non comme jouissance. Il met l\u2019action au service du devoir<\/p>\n<p>Doumbouya ne semble ni chercher la gloire, ni craindre l\u2019impopularit\u00e9. Il avance \u00e0 son rythme, souvent critiqu\u00e9 pour sa lenteur ou ses silences, mais fid\u00e8le \u00e0 sa ligne. Cela \u00e9voque l\u2019ataraxie sto\u00efcienne : cet \u00e9tat de paix int\u00e9rieure qu\u2019on atteint lorsqu\u2019on se d\u00e9tache des jugements ext\u00e9rieurs pour ne se concentrer que sur ce qui d\u00e9pend de nous. Il est indiff\u00e9rent face \u00e0 la gloire ou \u00e0 la critique<\/p>\n<p>Bien qu\u2019il ne s\u2019en r\u00e9clame pas ouvertement, Mamadi Doumbouya incarne certaines vertus du sto\u00efcisme :<\/p>\n<p>&#8211; Ma\u00eetrise de soi ;<\/p>\n<p>&#8211; Discr\u00e9tion dans la communication ;<\/p>\n<p>&#8211; Sens du devoir ;<\/p>\n<p>&#8211; D\u00e9tachement \u00e9motionnel face aux critiques.<\/p>\n<p>Dans une \u00e9poque o\u00f9 les passions dominent souvent la politique, cette posture naturelle lui conf\u00e8re une autorit\u00e9 morale singuli\u00e8re. Elle peut constituer une force strat\u00e9gique, mais elle appelle aussi \u00e0 une vigilance : le sto\u00efcisme ne doit jamais devenir un pr\u00e9texte \u00e0 l\u2019inaction ou \u00e0 l\u2019absence de redevabilit\u00e9.<\/p>\n<p>Honorable Cheick Tidiane TRAORE<\/p>\n<p>Secr\u00e9taire Ex\u00e9cutif National de la Synergie GMD25<\/p>\n","protected":false},"excerpt":{"rendered":"<p>Le sto\u00efcisme enseigne la ma\u00eetrise de soi, l\u2019acceptation de ce qui ne d\u00e9pend pas de nous, la rigueur morale, et la priorit\u00e9 donn\u00e9e \u00e0 l\u2019action juste plut\u00f4t qu\u2019aux passions ou aux apparences. Certaines attitudes du pr\u00e9sident de la transition guin\u00e9enne, Mamadi Doumbouya, rappellent cette sagesse antique. Doumbouya s\u2019exprime peu, mais agit avec fermet\u00e9. Il ne [&hellip;]<\/p>\n","protected":false},"author":2,"featured_media":36720,"comment_status":"open","ping_status":"closed","sticky":false,"template":"","format":"standard","meta":{"buzzeditor_post_format":"","footnotes":""},"categories":[42],"tags":[],"class_list":["post-36719","post","type-post","status-publish","format-standard","has-post-thumbnail","hentry","category-news"],"jetpack_featured_media_url":"https:\/\/guineechrono.com\/wp-content\/uploads\/2025\/08\/FB_IMG_1754297611481.jpg","amp_enabled":true,"_links":{"self":[{"href":"https:\/\/guineechrono.com\/index.php\/wp-json\/wp\/v2\/posts\/36719","targetHints":{"allow":["GET"]}}],"collection":[{"href":"https:\/\/guineechrono.com\/index.php\/wp-json\/wp\/v2\/posts"}],"about":[{"href":"https:\/\/guineechrono.com\/index.php\/wp-json\/wp\/v2\/types\/post"}],"author":[{"embeddable":true,"href":"https:\/\/guineechrono.com\/index.php\/wp-json\/wp\/v2\/users\/2"}],"replies":[{"embeddable":true,"href":"https:\/\/guineechrono.com\/index.php\/wp-json\/wp\/v2\/comments?post=36719"}],"version-history":[{"count":1,"href":"https:\/\/guineechrono.com\/index.php\/wp-json\/wp\/v2\/posts\/36719\/revisions"}],"predecessor-version":[{"id":36721,"href":"https:\/\/guineechrono.com\/index.php\/wp-json\/wp\/v2\/posts\/36719\/revisions\/36721"}],"wp:featuredmedia":[{"embeddable":true,"href":"https:\/\/guineechrono.com\/index.php\/wp-json\/wp\/v2\/media\/36720"}],"wp:attachment":[{"href":"https:\/\/guineechrono.com\/index.php\/wp-json\/wp\/v2\/media?parent=36719"}],"wp:term":[{"taxonomy":"category","embeddable":true,"href":"https:\/\/guineechrono.com\/index.php\/wp-json\/wp\/v2\/categories?post=36719"},{"taxonomy":"post_tag","embeddable":true,"href":"https:\/\/guineechrono.com\/index.php\/wp-json\/wp\/v2\/tags?post=36719"}],"curies":[{"name":"wp","href":"https:\/\/api.w.org\/{rel}","templated":true}]}}