{"id":36788,"date":"2025-08-08T13:27:45","date_gmt":"2025-08-08T12:27:45","guid":{"rendered":"https:\/\/guineechrono.com\/?p=36788"},"modified":"2025-08-08T13:27:45","modified_gmt":"2025-08-08T12:27:45","slug":"visite-inaugurale-du-ministre-de-lenergie-a-ledg-un-engagement-fort-pour-un-acces-durable-a-lelectricite-en-guinee","status":"publish","type":"post","link":"https:\/\/guineechrono.com\/index.php\/visite-inaugurale-du-ministre-de-lenergie-a-ledg-un-engagement-fort-pour-un-acces-durable-a-lelectricite-en-guinee\/","title":{"rendered":"Visite inaugurale du Ministre de l\u2019\u00c9nergie \u00e0 l\u2019EDG : un engagement fort pour un acc\u00e8s durable \u00e0 l\u2019\u00e9lectricit\u00e9 en Guin\u00e9e"},"content":{"rendered":"<p>Dans le cadre de la vision strat\u00e9gique ambitieuse du Pr\u00e9sident de la R\u00e9publique, le G\u00e9n\u00e9ral d\u2019arm\u00e9e Mamadi Doumbouya, visant \u00e0 am\u00e9liorer durablement les conditions de vie des Guin\u00e9ens par un acc\u00e8s fiable et durable \u00e0 l\u2019\u00e9lectricit\u00e9, Monsieur Namory Camara, Ministre de l\u2019\u00c9nergie, a entam\u00e9 cette semaine une tourn\u00e9e officielle dans les diff\u00e9rentes directions plac\u00e9es sous sa tutelle.<\/p>\n<p>La premi\u00e8re \u00e9tape de cette mission s\u2019est d\u00e9roul\u00e9e \u00e0 la Direction G\u00e9n\u00e9rale de l\u2019\u00c9lectricit\u00e9 de Guin\u00e9e (EDG), o\u00f9 il \u00e9tait accompagn\u00e9 du Secr\u00e9taire g\u00e9n\u00e9ral, Monsieur Bachir Camara, ainsi que de la Cheffe de Cabinet, Madame Nima Bah.<\/p>\n<p><a href=\"https:\/\/guineechrono.com\/wp-content\/uploads\/2025\/08\/1000447364-1024x683-1.jpg\"><img fetchpriority=\"high\" decoding=\"async\" class=\"alignleft size-medium wp-image-36790\" src=\"https:\/\/guineechrono.com\/wp-content\/uploads\/2025\/08\/1000447364-1024x683-1-300x200.jpg\" alt=\"\" width=\"300\" height=\"200\" srcset=\"https:\/\/guineechrono.com\/wp-content\/uploads\/2025\/08\/1000447364-1024x683-1-300x200.jpg 300w, https:\/\/guineechrono.com\/wp-content\/uploads\/2025\/08\/1000447364-1024x683-1-768x512.jpg 768w, https:\/\/guineechrono.com\/wp-content\/uploads\/2025\/08\/1000447364-1024x683-1-696x464.jpg 696w, https:\/\/guineechrono.com\/wp-content\/uploads\/2025\/08\/1000447364-1024x683-1-630x420.jpg 630w, https:\/\/guineechrono.com\/wp-content\/uploads\/2025\/08\/1000447364-1024x683-1.jpg 1024w\" sizes=\"(max-width: 300px) 100vw, 300px\" \/><\/a><\/p>\n<p>&nbsp;<\/p>\n<p>&nbsp;<\/p>\n<p>&nbsp;<\/p>\n<p>&nbsp;<\/p>\n<p>Accueillant la d\u00e9l\u00e9gation, le Directeur g\u00e9n\u00e9ral de l\u2019EDG, Monsieur Gando Barry, a chaleureusement f\u00e9licit\u00e9 la nomination du Ministre, tout en r\u00e9affirmant l\u2019engagement total de son \u00e9quipe \u00e0 soutenir les r\u00e9formes profondes engag\u00e9es dans le secteur \u00e9nerg\u00e9tique. Il a pr\u00e9sent\u00e9 un \u00e9tat des lieux des activit\u00e9s en cours et a d\u00e9taill\u00e9 les axes prioritaires d\u2019am\u00e9lioration pour renforcer la performance et l\u2019efficacit\u00e9 de l\u2019entreprise.<\/p>\n<p>Dans son allocution, le Ministre Namory Camara a soulign\u00e9 la port\u00e9e symbolique et strat\u00e9gique de cette premi\u00e8re visite, marquant la volont\u00e9 claire du gouvernement de moderniser le secteur \u00e9nerg\u00e9tique. Il a insist\u00e9 sur la n\u00e9cessit\u00e9 d\u2019une fourniture \u00e9lectrique stable, continue et de qualit\u00e9, condition sine qua non pour accompagner le d\u00e9veloppement socio-\u00e9conomique du pays. Le Ministre a ainsi invit\u00e9 les \u00e9quipes de l\u2019EDG \u00e0 redoubler d\u2019efforts, d\u2019innovation et de rigueur afin de traduire en actes concrets la vision pr\u00e9sidentielle, centr\u00e9e sur l\u2019am\u00e9lioration tangible des conditions de vie de tous les Guin\u00e9ens.<\/p>\n<p><a href=\"https:\/\/guineechrono.com\/wp-content\/uploads\/2025\/08\/1000447389-1024x683-1.jpg\"><img decoding=\"async\" class=\"alignleft size-medium wp-image-36791\" src=\"https:\/\/guineechrono.com\/wp-content\/uploads\/2025\/08\/1000447389-1024x683-1-300x200.jpg\" alt=\"\" width=\"300\" height=\"200\" srcset=\"https:\/\/guineechrono.com\/wp-content\/uploads\/2025\/08\/1000447389-1024x683-1-300x200.jpg 300w, https:\/\/guineechrono.com\/wp-content\/uploads\/2025\/08\/1000447389-1024x683-1-768x512.jpg 768w, https:\/\/guineechrono.com\/wp-content\/uploads\/2025\/08\/1000447389-1024x683-1-696x464.jpg 696w, https:\/\/guineechrono.com\/wp-content\/uploads\/2025\/08\/1000447389-1024x683-1-630x420.jpg 630w, https:\/\/guineechrono.com\/wp-content\/uploads\/2025\/08\/1000447389-1024x683-1.jpg 1024w\" sizes=\"(max-width: 300px) 100vw, 300px\" \/><\/a><\/p>\n<p>&nbsp;<\/p>\n<p>&nbsp;<\/p>\n<p>&nbsp;<\/p>\n<p>&nbsp;<\/p>\n<p>Cette visite inaugure une nouvelle \u00e8re dans la gouvernance du secteur de l\u2019\u00e9nergie en Guin\u00e9e, o\u00f9 responsabilit\u00e9, transparence et ambition se conjuguent pour offrir \u00e0 chaque citoyen un acc\u00e8s durable \u00e0 l\u2019\u00e9lectricit\u00e9, moteur essentiel de la croissance et du bien-\u00eatre national.<\/p>\n<p><strong>Transmis par le Service de Communication et des Relations Publiques<\/strong><\/p>\n","protected":false},"excerpt":{"rendered":"<p>Dans le cadre de la vision strat\u00e9gique ambitieuse du Pr\u00e9sident de la R\u00e9publique, le G\u00e9n\u00e9ral d\u2019arm\u00e9e Mamadi Doumbouya, visant \u00e0 am\u00e9liorer durablement les conditions de vie des Guin\u00e9ens par un acc\u00e8s fiable et durable \u00e0 l\u2019\u00e9lectricit\u00e9, Monsieur Namory Camara, Ministre de l\u2019\u00c9nergie, a entam\u00e9 cette semaine une tourn\u00e9e officielle dans les diff\u00e9rentes directions plac\u00e9es sous [&hellip;]<\/p>\n","protected":false},"author":2,"featured_media":36789,"comment_status":"open","ping_status":"closed","sticky":false,"template":"","format":"standard","meta":{"buzzeditor_post_format":"","footnotes":""},"categories":[42],"tags":[],"class_list":["post-36788","post","type-post","status-publish","format-standard","has-post-thumbnail","hentry","category-news"],"jetpack_featured_media_url":"https:\/\/guineechrono.com\/wp-content\/uploads\/2025\/08\/EEdg.jpg","amp_enabled":true,"_links":{"self":[{"href":"https:\/\/guineechrono.com\/index.php\/wp-json\/wp\/v2\/posts\/36788","targetHints":{"allow":["GET"]}}],"collection":[{"href":"https:\/\/guineechrono.com\/index.php\/wp-json\/wp\/v2\/posts"}],"about":[{"href":"https:\/\/guineechrono.com\/index.php\/wp-json\/wp\/v2\/types\/post"}],"author":[{"embeddable":true,"href":"https:\/\/guineechrono.com\/index.php\/wp-json\/wp\/v2\/users\/2"}],"replies":[{"embeddable":true,"href":"https:\/\/guineechrono.com\/index.php\/wp-json\/wp\/v2\/comments?post=36788"}],"version-history":[{"count":1,"href":"https:\/\/guineechrono.com\/index.php\/wp-json\/wp\/v2\/posts\/36788\/revisions"}],"predecessor-version":[{"id":36792,"href":"https:\/\/guineechrono.com\/index.php\/wp-json\/wp\/v2\/posts\/36788\/revisions\/36792"}],"wp:featuredmedia":[{"embeddable":true,"href":"https:\/\/guineechrono.com\/index.php\/wp-json\/wp\/v2\/media\/36789"}],"wp:attachment":[{"href":"https:\/\/guineechrono.com\/index.php\/wp-json\/wp\/v2\/media?parent=36788"}],"wp:term":[{"taxonomy":"category","embeddable":true,"href":"https:\/\/guineechrono.com\/index.php\/wp-json\/wp\/v2\/categories?post=36788"},{"taxonomy":"post_tag","embeddable":true,"href":"https:\/\/guineechrono.com\/index.php\/wp-json\/wp\/v2\/tags?post=36788"}],"curies":[{"name":"wp","href":"https:\/\/api.w.org\/{rel}","templated":true}]}}