{"id":36796,"date":"2025-08-09T11:24:12","date_gmt":"2025-08-09T10:24:12","guid":{"rendered":"https:\/\/guineechrono.com\/?p=36796"},"modified":"2025-08-09T11:24:12","modified_gmt":"2025-08-09T10:24:12","slug":"mamadi-doumbouya-celebre-a-labe-lancement-dun-fan-club-sous-le-parrainage-dahmed-kante","status":"publish","type":"post","link":"https:\/\/guineechrono.com\/index.php\/mamadi-doumbouya-celebre-a-labe-lancement-dun-fan-club-sous-le-parrainage-dahmed-kante\/","title":{"rendered":"Mamadi Doumbouya c\u00e9l\u00e9br\u00e9 \u00e0 Lab\u00e9 : lancement d\u2019un Fan Club sous le parrainage d\u2019Ahmed Kant\u00e9"},"content":{"rendered":"<p>Lab\u00e9 s\u2019appr\u00eate \u00e0 accueillir ce samedi le lancement du Fan Club G\u00e9n\u00e9ral Mamadi Doumbouya, une initiative citoyenne parrain\u00e9e par l\u2019ancien ministre des Mines et de la G\u00e9ologie, Ahmed Kant\u00e9. L\u2019\u00e9v\u00e9nement vise \u00e0 promouvoir les valeurs de paix, de coh\u00e9sion sociale et d\u2019engagement civique.<\/p>\n<p>En pr\u00e9lude \u00e0 cette c\u00e9r\u00e9monie, l\u2019Administrateur g\u00e9n\u00e9ral de la soci\u00e9t\u00e9 AGB2A-GIC, accompagn\u00e9 de ses partenaires de Sinohydro, a rencontr\u00e9 ce vendredi les autorit\u00e9s r\u00e9gionales et locales. Ces \u00e9changes ont r\u00e9uni le directeur de cabinet du gouvernorat, le pr\u00e9fet et les membres de la d\u00e9l\u00e9gation sp\u00e9ciale de Lab\u00e9.<\/p>\n<p><a href=\"https:\/\/guineechrono.com\/wp-content\/uploads\/2025\/08\/IMG-20250809-WA0006.jpg\"><img fetchpriority=\"high\" decoding=\"async\" class=\"alignleft size-medium wp-image-36798\" src=\"https:\/\/guineechrono.com\/wp-content\/uploads\/2025\/08\/IMG-20250809-WA0006-300x297.jpg\" alt=\"\" width=\"300\" height=\"297\" srcset=\"https:\/\/guineechrono.com\/wp-content\/uploads\/2025\/08\/IMG-20250809-WA0006-300x297.jpg 300w, https:\/\/guineechrono.com\/wp-content\/uploads\/2025\/08\/IMG-20250809-WA0006-1024x1014.jpg 1024w, https:\/\/guineechrono.com\/wp-content\/uploads\/2025\/08\/IMG-20250809-WA0006-150x150.jpg 150w, https:\/\/guineechrono.com\/wp-content\/uploads\/2025\/08\/IMG-20250809-WA0006-768x761.jpg 768w, https:\/\/guineechrono.com\/wp-content\/uploads\/2025\/08\/IMG-20250809-WA0006-696x689.jpg 696w, https:\/\/guineechrono.com\/wp-content\/uploads\/2025\/08\/IMG-20250809-WA0006-1068x1058.jpg 1068w, https:\/\/guineechrono.com\/wp-content\/uploads\/2025\/08\/IMG-20250809-WA0006-424x420.jpg 424w, https:\/\/guineechrono.com\/wp-content\/uploads\/2025\/08\/IMG-20250809-WA0006.jpg 1280w\" sizes=\"(max-width: 300px) 100vw, 300px\" \/><\/a><\/p>\n<p>&nbsp;<\/p>\n<p>&nbsp;<\/p>\n<p>&nbsp;<\/p>\n<p>&nbsp;<\/p>\n<p>&nbsp;<\/p>\n<p>Deux priorit\u00e9s ont \u00e9t\u00e9 abord\u00e9es : le lancement officiel du Fan Club et la formation d\u2019agents vulgarisateurs de la nouvelle constitution. Ces agents, issus des sous-pr\u00e9fectures, districts et quartiers de Lab\u00e9, seront charg\u00e9s d\u2019expliquer les principales \u00e9volutions du nouveau texte constitutionnel.<\/p>\n<p>Pour Cin\u00e9 Magassouba, directeur de cabinet du gouvernorat, cette initiative renforce le r\u00f4le des administrateurs territoriaux dans leur mission d\u2019information et de sensibilisation. Il a salu\u00e9 l\u2019appui apport\u00e9 \u00e0 la vulgarisation du projet constitutionnel.<\/p>\n<p>Ahmed Kant\u00e9 a soulign\u00e9 que ce Fan Club s\u2019inscrit dans une dynamique de consolidation de la paix et de promotion du d\u00e9veloppement. Il a \u00e9galement annonc\u00e9 que l\u2019initiative sera \u00e9tendue \u00e0 l\u2019ensemble du territoire national, ainsi qu\u2019\u00e0 plusieurs pays voisins, dont le Mali, le S\u00e9n\u00e9gal et le Burkina Faso.<\/p>\n<p><a href=\"https:\/\/guineechrono.com\/wp-content\/uploads\/2025\/08\/IMG-20250809-WA0007.jpg\"><img decoding=\"async\" class=\"alignleft size-medium wp-image-36799\" src=\"https:\/\/guineechrono.com\/wp-content\/uploads\/2025\/08\/IMG-20250809-WA0007-300x200.jpg\" alt=\"\" width=\"300\" height=\"200\" srcset=\"https:\/\/guineechrono.com\/wp-content\/uploads\/2025\/08\/IMG-20250809-WA0007-300x200.jpg 300w, https:\/\/guineechrono.com\/wp-content\/uploads\/2025\/08\/IMG-20250809-WA0007-1024x683.jpg 1024w, https:\/\/guineechrono.com\/wp-content\/uploads\/2025\/08\/IMG-20250809-WA0007-768x512.jpg 768w, https:\/\/guineechrono.com\/wp-content\/uploads\/2025\/08\/IMG-20250809-WA0007-696x464.jpg 696w, https:\/\/guineechrono.com\/wp-content\/uploads\/2025\/08\/IMG-20250809-WA0007-1068x712.jpg 1068w, https:\/\/guineechrono.com\/wp-content\/uploads\/2025\/08\/IMG-20250809-WA0007-630x420.jpg 630w, https:\/\/guineechrono.com\/wp-content\/uploads\/2025\/08\/IMG-20250809-WA0007.jpg 1080w\" sizes=\"(max-width: 300px) 100vw, 300px\" \/><\/a><\/p>\n<p>&nbsp;<\/p>\n<p>&nbsp;<\/p>\n<p>&nbsp;<\/p>\n<p>&nbsp;<\/p>\n<p>Amadou Bhoye Kant\u00e9, coordinateur local du Fan Club, a pr\u00e9cis\u00e9 que la journ\u00e9e de lancement comprendra une session de formation pour les repr\u00e9sentants des 13 sous-pr\u00e9fectures, des 31 quartiers et des 14 communes. L\u2019objectif est de leur fournir les outils n\u00e9cessaires pour expliquer les diff\u00e9rences entre les anciennes constitutions et le nouveau texte.<\/p>\n<p><a href=\"https:\/\/guineechrono.com\/wp-content\/uploads\/2025\/08\/IMG-20250809-WA0008.jpg\"><img decoding=\"async\" class=\"alignleft size-medium wp-image-36800\" src=\"https:\/\/guineechrono.com\/wp-content\/uploads\/2025\/08\/IMG-20250809-WA0008-300x198.jpg\" alt=\"\" width=\"300\" height=\"198\" srcset=\"https:\/\/guineechrono.com\/wp-content\/uploads\/2025\/08\/IMG-20250809-WA0008-300x198.jpg 300w, https:\/\/guineechrono.com\/wp-content\/uploads\/2025\/08\/IMG-20250809-WA0008-1024x677.jpg 1024w, https:\/\/guineechrono.com\/wp-content\/uploads\/2025\/08\/IMG-20250809-WA0008-768x508.jpg 768w, https:\/\/guineechrono.com\/wp-content\/uploads\/2025\/08\/IMG-20250809-WA0008-696x460.jpg 696w, https:\/\/guineechrono.com\/wp-content\/uploads\/2025\/08\/IMG-20250809-WA0008-741x486.jpg 741w, https:\/\/guineechrono.com\/wp-content\/uploads\/2025\/08\/IMG-20250809-WA0008-1068x706.jpg 1068w, https:\/\/guineechrono.com\/wp-content\/uploads\/2025\/08\/IMG-20250809-WA0008-635x420.jpg 635w, https:\/\/guineechrono.com\/wp-content\/uploads\/2025\/08\/IMG-20250809-WA0008.jpg 1280w\" sizes=\"(max-width: 300px) 100vw, 300px\" \/><\/a><\/p>\n<p>&nbsp;<\/p>\n<p>&nbsp;<\/p>\n<p>&nbsp;<\/p>\n<p>&nbsp;<\/p>\n<p>Ce lancement marque une \u00e9tape importante pour le Fan Club G\u00e9n\u00e9ral Mamadi Doumbouya, qui entend mobiliser les citoyens autour d\u2019un projet f\u00e9d\u00e9rateur et durable.<\/p>\n<p><strong>Bella Diallo<\/strong><\/p>\n","protected":false},"excerpt":{"rendered":"<p>Lab\u00e9 s\u2019appr\u00eate \u00e0 accueillir ce samedi le lancement du Fan Club G\u00e9n\u00e9ral Mamadi Doumbouya, une initiative citoyenne parrain\u00e9e par l\u2019ancien ministre des Mines et de la G\u00e9ologie, Ahmed Kant\u00e9. L\u2019\u00e9v\u00e9nement vise \u00e0 promouvoir les valeurs de paix, de coh\u00e9sion sociale et d\u2019engagement civique. En pr\u00e9lude \u00e0 cette c\u00e9r\u00e9monie, l\u2019Administrateur g\u00e9n\u00e9ral de la soci\u00e9t\u00e9 AGB2A-GIC, accompagn\u00e9 [&hellip;]<\/p>\n","protected":false},"author":2,"featured_media":36797,"comment_status":"open","ping_status":"closed","sticky":false,"template":"","format":"standard","meta":{"buzzeditor_post_format":"","footnotes":""},"categories":[42],"tags":[],"class_list":["post-36796","post","type-post","status-publish","format-standard","has-post-thumbnail","hentry","category-news"],"jetpack_featured_media_url":"https:\/\/guineechrono.com\/wp-content\/uploads\/2025\/08\/IMG-20250809-WA0005.jpg","amp_enabled":true,"_links":{"self":[{"href":"https:\/\/guineechrono.com\/index.php\/wp-json\/wp\/v2\/posts\/36796","targetHints":{"allow":["GET"]}}],"collection":[{"href":"https:\/\/guineechrono.com\/index.php\/wp-json\/wp\/v2\/posts"}],"about":[{"href":"https:\/\/guineechrono.com\/index.php\/wp-json\/wp\/v2\/types\/post"}],"author":[{"embeddable":true,"href":"https:\/\/guineechrono.com\/index.php\/wp-json\/wp\/v2\/users\/2"}],"replies":[{"embeddable":true,"href":"https:\/\/guineechrono.com\/index.php\/wp-json\/wp\/v2\/comments?post=36796"}],"version-history":[{"count":1,"href":"https:\/\/guineechrono.com\/index.php\/wp-json\/wp\/v2\/posts\/36796\/revisions"}],"predecessor-version":[{"id":36801,"href":"https:\/\/guineechrono.com\/index.php\/wp-json\/wp\/v2\/posts\/36796\/revisions\/36801"}],"wp:featuredmedia":[{"embeddable":true,"href":"https:\/\/guineechrono.com\/index.php\/wp-json\/wp\/v2\/media\/36797"}],"wp:attachment":[{"href":"https:\/\/guineechrono.com\/index.php\/wp-json\/wp\/v2\/media?parent=36796"}],"wp:term":[{"taxonomy":"category","embeddable":true,"href":"https:\/\/guineechrono.com\/index.php\/wp-json\/wp\/v2\/categories?post=36796"},{"taxonomy":"post_tag","embeddable":true,"href":"https:\/\/guineechrono.com\/index.php\/wp-json\/wp\/v2\/tags?post=36796"}],"curies":[{"name":"wp","href":"https:\/\/api.w.org\/{rel}","templated":true}]}}