{"id":36846,"date":"2025-08-11T12:13:17","date_gmt":"2025-08-11T11:13:17","guid":{"rendered":"https:\/\/guineechrono.com\/?p=36846"},"modified":"2025-08-11T12:35:10","modified_gmt":"2025-08-11T11:35:10","slug":"hommage-a-sekou-koureissy-conde-leader-dopinion-par-adama-diakite","status":"publish","type":"post","link":"https:\/\/guineechrono.com\/index.php\/hommage-a-sekou-koureissy-conde-leader-dopinion-par-adama-diakite\/","title":{"rendered":"Hommage \u00e0 S\u00e9kou Koureissy Cond\u00e9 leader d&rsquo;opinion (par Adama Diakit\u00e9)"},"content":{"rendered":"<p>Un leader d\u2019opinion est une personne qui exerce une influence significative sur les attitudes, les comportements ou les d\u00e9cisions d\u2019un groupe ou d\u2019une soci\u00e9t\u00e9, selon ses domaines d\u2019intervention. Cette influence d\u00e9coule souvent de sa cr\u00e9dibilit\u00e9, de son expertise et de sa visibilit\u00e9 dans un domaine particulier.<\/p>\n<p>Le leadership d\u2019opinion repose sur la comp\u00e9tence et la confiance que l\u2019on inspire. Il suppose une connaissance approfondie dans un domaine pr\u00e9cis, une capacit\u00e9 \u00e0 s\u2019exprimer clairement, et une pr\u00e9sence active aussi bien dans les m\u00e9dias et sur les r\u00e9seaux sociaux que dans les canaux traditionnels ou les cercles professionnels. Les avis d\u2019un leader d\u2019opinion sont \u00e9cout\u00e9s, repris et peuvent orienter les choix d\u2019autrui. Il joue souvent le r\u00f4le de passerelle morale entre gouvernants et gouvern\u00e9s, entre autorit\u00e9s traditionnelles et populations locales. Il est \u00e9galement un acteur central dans les campagnes de sensibilisation ou les mouvements sociaux.<\/p>\n<p>Dans le domaine de la promotion de la paix, de la pr\u00e9vention et de la r\u00e9solution des conflits, qu\u2019ils soient institutionnels ou intercommunautaires, ainsi que dans la sensibilisation autour de la r\u00e9conciliation et de la coh\u00e9sion sociale, le Docteur S\u00e9kou Koureissy Cond\u00e9 s\u2019est impos\u00e9 comme une figure de r\u00e9f\u00e9rence. \u00c0 travers les deux \u00e9ditions du Forum du Dialogue Citoyen, il a su r\u00e9unir l\u2019\u00e9lite guin\u00e9enne : repr\u00e9sentants des communaut\u00e9s traditionnelles et religieuses, responsables de l\u2019\u00c9tat et des institutions r\u00e9publicaines, mais aussi divers acteurs locaux, nationaux et urbains, issus de tous horizons. Ensemble, ils ont pu dialoguer, sans \u00e9tiquette ni posture partisane, autour des enjeux nationaux dans un cadre transg\u00e9n\u00e9rationnel.<\/p>\n<p>Valoriser un individu d\u2019exception, c\u2019est \u00e9lever tout un collectif et, par extension, l\u2019image d\u2019un pays dans le domaine o\u00f9 il \u0153uvre. Reconna\u00eetre les m\u00e9rites d\u2019un leader d\u2019opinion, d\u2019un expert ou d\u2019un acteur public ne revient pas seulement \u00e0 lui rendre hommage ; c\u2019est aussi un acte qui renforce la l\u00e9gitimit\u00e9 de la cause qu\u2019il d\u00e9fend. En mettant en lumi\u00e8re une personne comp\u00e9tente, on cr\u00e9dibilise l\u2019ensemble du champ d\u2019expertise ainsi que l\u2019importance de la sensibilisation dans ce domaine.<\/p>\n<p>Une telle reconnaissance d\u00e9montre qu\u2019il est possible d\u2019avoir un impact positif, objectif et durable. Elle motive ceux qui suivent ce chemin ou aspirent \u00e0 contribuer. La reconnaissance mutuelle nourrit l\u2019estime, encourage la collaboration, stimule l\u2019innovation et consolide le respect ainsi que la coh\u00e9sion sociale au sein de la communaut\u00e9.<\/p>\n<p><strong>Adama Diakit\u00e9<\/strong><\/p>\n<p><strong>\u00a0<\/strong><\/p>\n","protected":false},"excerpt":{"rendered":"<p>Un leader d\u2019opinion est une personne qui exerce une influence significative sur les attitudes, les comportements ou les d\u00e9cisions d\u2019un groupe ou d\u2019une soci\u00e9t\u00e9, selon ses domaines d\u2019intervention. Cette influence d\u00e9coule souvent de sa cr\u00e9dibilit\u00e9, de son expertise et de sa visibilit\u00e9 dans un domaine particulier. Le leadership d\u2019opinion repose sur la comp\u00e9tence et la [&hellip;]<\/p>\n","protected":false},"author":2,"featured_media":36847,"comment_status":"open","ping_status":"closed","sticky":false,"template":"","format":"standard","meta":{"buzzeditor_post_format":"","footnotes":""},"categories":[42],"tags":[],"class_list":["post-36846","post","type-post","status-publish","format-standard","has-post-thumbnail","hentry","category-news"],"jetpack_featured_media_url":"https:\/\/guineechrono.com\/wp-content\/uploads\/2025\/08\/FB_IMG_1754905740176.jpg","amp_enabled":true,"_links":{"self":[{"href":"https:\/\/guineechrono.com\/index.php\/wp-json\/wp\/v2\/posts\/36846","targetHints":{"allow":["GET"]}}],"collection":[{"href":"https:\/\/guineechrono.com\/index.php\/wp-json\/wp\/v2\/posts"}],"about":[{"href":"https:\/\/guineechrono.com\/index.php\/wp-json\/wp\/v2\/types\/post"}],"author":[{"embeddable":true,"href":"https:\/\/guineechrono.com\/index.php\/wp-json\/wp\/v2\/users\/2"}],"replies":[{"embeddable":true,"href":"https:\/\/guineechrono.com\/index.php\/wp-json\/wp\/v2\/comments?post=36846"}],"version-history":[{"count":5,"href":"https:\/\/guineechrono.com\/index.php\/wp-json\/wp\/v2\/posts\/36846\/revisions"}],"predecessor-version":[{"id":36852,"href":"https:\/\/guineechrono.com\/index.php\/wp-json\/wp\/v2\/posts\/36846\/revisions\/36852"}],"wp:featuredmedia":[{"embeddable":true,"href":"https:\/\/guineechrono.com\/index.php\/wp-json\/wp\/v2\/media\/36847"}],"wp:attachment":[{"href":"https:\/\/guineechrono.com\/index.php\/wp-json\/wp\/v2\/media?parent=36846"}],"wp:term":[{"taxonomy":"category","embeddable":true,"href":"https:\/\/guineechrono.com\/index.php\/wp-json\/wp\/v2\/categories?post=36846"},{"taxonomy":"post_tag","embeddable":true,"href":"https:\/\/guineechrono.com\/index.php\/wp-json\/wp\/v2\/tags?post=36846"}],"curies":[{"name":"wp","href":"https:\/\/api.w.org\/{rel}","templated":true}]}}