{"id":36856,"date":"2025-08-11T16:23:00","date_gmt":"2025-08-11T15:23:00","guid":{"rendered":"https:\/\/guineechrono.com\/?p=36856"},"modified":"2025-08-11T17:25:59","modified_gmt":"2025-08-11T16:25:59","slug":"nomme-au-poste-de-directeur-general-de-lanasp-mamoudou-diane-remercie-le-president-mamadi-doumbouya","status":"publish","type":"post","link":"https:\/\/guineechrono.com\/index.php\/nomme-au-poste-de-directeur-general-de-lanasp-mamoudou-diane-remercie-le-president-mamadi-doumbouya\/","title":{"rendered":"Nomm\u00e9 au poste de Directeur G\u00e9n\u00e9ral de l\u2019ANASP : Mamoudou Dian\u00e9 remercie le Pr\u00e9sident Mamadi Doumbouya"},"content":{"rendered":"<p>Par d\u00e9cret D\/2025\/0144\/PRG\/CNRD\/SGG r\u00e9cemment publi\u00e9, le Pr\u00e9sident de la R\u00e9publique, le G\u00e9n\u00e9ral Mamadi Doumbouya, a nomm\u00e9 Monsieur Mamoud Dian\u00e9 au poste de <strong data-start=\"375\" data-end=\"468\">Directeur G\u00e9n\u00e9ral de l\u2019Agence Nationale d\u2019Assainissement et de Salubrit\u00e9 Publique (ANASP)<\/strong>.<\/p>\n<p data-start=\"471\" data-end=\"635\">Sur sa page officielle, le tout nouveau Directeur G\u00e9n\u00e9ral de l\u2019ANASP a exprim\u00e9 sa profonde gratitude \u00e0 l\u2019endroit de son bienfaiteur, le Pr\u00e9sident Mamadi Doumbouya :<\/p>\n<p data-start=\"639\" data-end=\"956\"><em data-start=\"639\" data-end=\"956\">\u00ab C\u2019est avec une profonde gratitude et un sens \u00e9lev\u00e9 du devoir que je remercie Son Excellence Monsieur le Pr\u00e9sident de la R\u00e9publique, le G\u00e9n\u00e9ral Mamadi Doumbouya, pour la confiance plac\u00e9e en ma modeste personne en me nommant Directeur G\u00e9n\u00e9ral de l\u2019Agence Nationale d\u2019Assainissement et de Salubrit\u00e9 Publique (ANASP).<\/em><\/p>\n<p data-start=\"960\" data-end=\"1166\"><em data-start=\"960\" data-end=\"1166\">Je consid\u00e8re cette nomination comme l\u2019expression de la volont\u00e9 de Son Excellence Monsieur le Pr\u00e9sident de la R\u00e9publique de faire de la Guin\u00e9e un mod\u00e8le inspirant de d\u00e9veloppement inclusif et participatif.<\/em><\/p>\n<p data-start=\"1170\" data-end=\"1435\"><em data-start=\"1170\" data-end=\"1435\">Elle constitue \u00e9galement la concr\u00e9tisation de l\u2019approche strat\u00e9gique du Gouvernement dirig\u00e9 par Monsieur Amadou Oury Bah, qui \u0153uvre pour un renforcement continu de l\u2019action publique \u00e0 travers l\u2019efficacit\u00e9 et l\u2019innovation, notamment via le Programme SIMANDOU 2040.<\/em><\/p>\n<p data-start=\"1439\" data-end=\"1844\"><em data-start=\"1439\" data-end=\"1844\">Je mesure pleinement l\u2019ampleur des d\u00e9fis li\u00e9s \u00e0 ce secteur sensible. Toutefois, je garde la ferme conviction qu\u2019ensemble, avec les \u00e9quipes du Minist\u00e8re de l\u2019Administration du Territoire et de la D\u00e9centralisation, et sous le leadership \u00e9clair\u00e9 de Monsieur le Ministre, le G\u00e9n\u00e9ral Ibrahima Kalil Cond\u00e9, nous saurons faire de l\u2019ANASP un v\u00e9ritable moteur d\u2019am\u00e9lioration du cadre de vie dans notre cher pays.<\/em><\/p>\n<p data-start=\"1848\" data-end=\"2079\"><em data-start=\"1848\" data-end=\"2079\">Je remercie ma famille, mes amis, mes coll\u00e8gues et collaborateurs du Minist\u00e8re de la Jeunesse et des Sports, de l\u2019ANVJ, ainsi que les nombreux anonymes qui m\u2019ont adress\u00e9 appels, messages, pri\u00e8res, encouragements et f\u00e9licitations.<\/em><\/p>\n<p data-start=\"2083\" data-end=\"2114\"><em data-start=\"2083\" data-end=\"2114\">Qu\u2019Allah b\u00e9nisse la Guin\u00e9e. \u00bb<\/em><\/p>\n<p><strong>R\u00e9daction <\/strong><\/p>\n","protected":false},"excerpt":{"rendered":"<p>Par d\u00e9cret D\/2025\/0144\/PRG\/CNRD\/SGG r\u00e9cemment publi\u00e9, le Pr\u00e9sident de la R\u00e9publique, le G\u00e9n\u00e9ral Mamadi Doumbouya, a nomm\u00e9 Monsieur Mamoud Dian\u00e9 au poste de Directeur G\u00e9n\u00e9ral de l\u2019Agence Nationale d\u2019Assainissement et de Salubrit\u00e9 Publique (ANASP). Sur sa page officielle, le tout nouveau Directeur G\u00e9n\u00e9ral de l\u2019ANASP a exprim\u00e9 sa profonde gratitude \u00e0 l\u2019endroit de son bienfaiteur, le [&hellip;]<\/p>\n","protected":false},"author":2,"featured_media":36862,"comment_status":"open","ping_status":"closed","sticky":false,"template":"","format":"standard","meta":{"buzzeditor_post_format":"","footnotes":""},"categories":[42],"tags":[],"class_list":["post-36856","post","type-post","status-publish","format-standard","has-post-thumbnail","hentry","category-news"],"jetpack_featured_media_url":"https:\/\/guineechrono.com\/wp-content\/uploads\/2025\/08\/IMG-20250811-WA0178.jpg","amp_enabled":true,"_links":{"self":[{"href":"https:\/\/guineechrono.com\/index.php\/wp-json\/wp\/v2\/posts\/36856","targetHints":{"allow":["GET"]}}],"collection":[{"href":"https:\/\/guineechrono.com\/index.php\/wp-json\/wp\/v2\/posts"}],"about":[{"href":"https:\/\/guineechrono.com\/index.php\/wp-json\/wp\/v2\/types\/post"}],"author":[{"embeddable":true,"href":"https:\/\/guineechrono.com\/index.php\/wp-json\/wp\/v2\/users\/2"}],"replies":[{"embeddable":true,"href":"https:\/\/guineechrono.com\/index.php\/wp-json\/wp\/v2\/comments?post=36856"}],"version-history":[{"count":4,"href":"https:\/\/guineechrono.com\/index.php\/wp-json\/wp\/v2\/posts\/36856\/revisions"}],"predecessor-version":[{"id":36861,"href":"https:\/\/guineechrono.com\/index.php\/wp-json\/wp\/v2\/posts\/36856\/revisions\/36861"}],"wp:featuredmedia":[{"embeddable":true,"href":"https:\/\/guineechrono.com\/index.php\/wp-json\/wp\/v2\/media\/36862"}],"wp:attachment":[{"href":"https:\/\/guineechrono.com\/index.php\/wp-json\/wp\/v2\/media?parent=36856"}],"wp:term":[{"taxonomy":"category","embeddable":true,"href":"https:\/\/guineechrono.com\/index.php\/wp-json\/wp\/v2\/categories?post=36856"},{"taxonomy":"post_tag","embeddable":true,"href":"https:\/\/guineechrono.com\/index.php\/wp-json\/wp\/v2\/tags?post=36856"}],"curies":[{"name":"wp","href":"https:\/\/api.w.org\/{rel}","templated":true}]}}