{"id":36888,"date":"2025-08-13T14:57:57","date_gmt":"2025-08-13T13:57:57","guid":{"rendered":"https:\/\/guineechrono.com\/?p=36888"},"modified":"2025-08-13T14:57:57","modified_gmt":"2025-08-13T13:57:57","slug":"conakry-dissolution-de-la-synergie-sgmd25-au-profit-de-lafp","status":"publish","type":"post","link":"https:\/\/guineechrono.com\/index.php\/conakry-dissolution-de-la-synergie-sgmd25-au-profit-de-lafp\/","title":{"rendered":"Conakry : dissolution de la Synergie SGMD25 au profit de l\u2019AFP"},"content":{"rendered":"<p><strong>La Synergie SGMD25 est d\u00e9sormais dissoute. C\u2019est ce qui ressort d\u2019une conf\u00e9rence de presse tenue ce mercredi 13 ao\u00fbt 2025 \u00e0 la Maison de la Presse, o\u00f9 cette d\u00e9cision a \u00e9t\u00e9 annonc\u00e9e officiellement.<\/strong><\/p>\n<p data-start=\"365\" data-end=\"693\">Cette organisation, autrefois dirig\u00e9e par Alhouseiny Makanera Kak\u00e9 en tant que Coordinateur national, passe d\u00e9sormais sous la direction juridique de l\u2019<strong data-start=\"516\" data-end=\"558\">AFP (Alliance des Forces Patriotiques)<\/strong>, pr\u00e9sid\u00e9e par Aboubacar Soumah.<\/p>\n<p>L\u2019annonce a \u00e9t\u00e9 faite par l\u2019honorable Cheick Traor\u00e9, ancien secr\u00e9taire ex\u00e9cutif de la Synergie SGMD25. \u00ab En fran\u00e7ais facile, il \u00e9tait une fois la Synergie SGMD2025\u2026 c\u2019est termin\u00e9 \u00bb, a d\u00e9clar\u00e9 l\u2019honorable Cheick Traor\u00e9 \u00e0 la presse.<\/p>\n<p>Les documents officiels ainsi que le mat\u00e9riel de l\u2019ex-Synergie SGMD25 ont \u00e9t\u00e9 remis \u00e0 l\u2019AFP, qui prend d\u00e9sormais la responsabilit\u00e9 de g\u00e9rer cette structure. Cette d\u00e9cision prend effet imm\u00e9diatement, \u00e0 la suite de la signature d\u2019un protocole d\u2019accord, act\u00e9e ce mercredi \u00e0 la Maison de la Presse.<\/p>\n<p data-start=\"1121\" data-end=\"1301\">Les membres et sympathisants de l\u2019ancienne Synergie SGMD25 sont donc invit\u00e9s \u00e0 se rallier \u00e0 Aboubacar Soumah, pr\u00e9sident de l\u2019AFP, d\u00e9sormais charg\u00e9 de conduire cette nouvelle phase.<\/p>\n<p data-start=\"1303\" data-end=\"1611\">Satisfait de cette \u00e9volution, Aboubacar Soumah a exprim\u00e9 sa gratitude \u00e0 la Synergie SGMD25 pour ce transfert de responsabilit\u00e9. Il a rappel\u00e9 que ce rapprochement est n\u00e9 de sa rencontre avec le pr\u00e9sident de la R\u00e9publique, le g\u00e9n\u00e9ral Mamadi Doumbouya, dont l\u2019objectif affich\u00e9 est le d\u00e9veloppement de la Guin\u00e9e.<\/p>\n<p data-start=\"1613\" data-end=\"2035\">\u00ab Je remercie la Synergie SGMD25, qui vient de tourner une page importante. Franchement, les mots me manquent. Ce que je peux dire, c\u2019est que nous allons bient\u00f4t entamer le v\u00e9ritable combat politique. Je prie Dieu de nous donner la force n\u00e9cessaire pour porter le g\u00e9n\u00e9ral Mamadi Doumbouya \u00e0 la t\u00eate de la Guin\u00e9e, que ce soit au S\u00e9nat, au Parlement ou lors des \u00e9lections communales \u00bb, a conclu l\u2019honorable Aboubacar Soumah.<\/p>\n<p><strong>R\u00e9daction <\/strong><\/p>\n<p>&nbsp;<\/p>\n","protected":false},"excerpt":{"rendered":"<p>La Synergie SGMD25 est d\u00e9sormais dissoute. C\u2019est ce qui ressort d\u2019une conf\u00e9rence de presse tenue ce mercredi 13 ao\u00fbt 2025 \u00e0 la Maison de la Presse, o\u00f9 cette d\u00e9cision a \u00e9t\u00e9 annonc\u00e9e officiellement. Cette organisation, autrefois dirig\u00e9e par Alhouseiny Makanera Kak\u00e9 en tant que Coordinateur national, passe d\u00e9sormais sous la direction juridique de l\u2019AFP (Alliance [&hellip;]<\/p>\n","protected":false},"author":2,"featured_media":36889,"comment_status":"open","ping_status":"closed","sticky":false,"template":"","format":"standard","meta":{"buzzeditor_post_format":"","footnotes":""},"categories":[42],"tags":[],"class_list":["post-36888","post","type-post","status-publish","format-standard","has-post-thumbnail","hentry","category-news"],"jetpack_featured_media_url":"https:\/\/guineechrono.com\/wp-content\/uploads\/2025\/08\/synergie.jpg","amp_enabled":true,"_links":{"self":[{"href":"https:\/\/guineechrono.com\/index.php\/wp-json\/wp\/v2\/posts\/36888","targetHints":{"allow":["GET"]}}],"collection":[{"href":"https:\/\/guineechrono.com\/index.php\/wp-json\/wp\/v2\/posts"}],"about":[{"href":"https:\/\/guineechrono.com\/index.php\/wp-json\/wp\/v2\/types\/post"}],"author":[{"embeddable":true,"href":"https:\/\/guineechrono.com\/index.php\/wp-json\/wp\/v2\/users\/2"}],"replies":[{"embeddable":true,"href":"https:\/\/guineechrono.com\/index.php\/wp-json\/wp\/v2\/comments?post=36888"}],"version-history":[{"count":1,"href":"https:\/\/guineechrono.com\/index.php\/wp-json\/wp\/v2\/posts\/36888\/revisions"}],"predecessor-version":[{"id":36890,"href":"https:\/\/guineechrono.com\/index.php\/wp-json\/wp\/v2\/posts\/36888\/revisions\/36890"}],"wp:featuredmedia":[{"embeddable":true,"href":"https:\/\/guineechrono.com\/index.php\/wp-json\/wp\/v2\/media\/36889"}],"wp:attachment":[{"href":"https:\/\/guineechrono.com\/index.php\/wp-json\/wp\/v2\/media?parent=36888"}],"wp:term":[{"taxonomy":"category","embeddable":true,"href":"https:\/\/guineechrono.com\/index.php\/wp-json\/wp\/v2\/categories?post=36888"},{"taxonomy":"post_tag","embeddable":true,"href":"https:\/\/guineechrono.com\/index.php\/wp-json\/wp\/v2\/tags?post=36888"}],"curies":[{"name":"wp","href":"https:\/\/api.w.org\/{rel}","templated":true}]}}