{"id":36900,"date":"2025-08-14T16:59:08","date_gmt":"2025-08-14T15:59:08","guid":{"rendered":"https:\/\/guineechrono.com\/?p=36900"},"modified":"2025-08-14T16:59:08","modified_gmt":"2025-08-14T15:59:08","slug":"vulgarisation-du-projet-de-la-nouvelle-constitution-m-mamady-kane-sengage-a-accompagner-le-tresor-et-la-comptabilite-publique","status":"publish","type":"post","link":"https:\/\/guineechrono.com\/index.php\/vulgarisation-du-projet-de-la-nouvelle-constitution-m-mamady-kane-sengage-a-accompagner-le-tresor-et-la-comptabilite-publique\/","title":{"rendered":"Vulgarisation du projet de la nouvelle Constitution : M. Mamady Kane s\u2019engage \u00e0 accompagner le Tr\u00e9sor et la Comptabilit\u00e9 publique"},"content":{"rendered":"<p><strong>Ce jeudi 14 ao\u00fbt 2025, la Direction g\u00e9n\u00e9rale du Tr\u00e9sor et de la Comptabilit\u00e9 publique a organis\u00e9 une c\u00e9r\u00e9monie de sensibilisation sur la vulgarisation du projet de la nouvelle Constitution.<\/strong><\/p>\n<figure id=\"attachment_36899\" aria-describedby=\"caption-attachment-36899\" style=\"width: 300px\" class=\"wp-caption alignleft\"><a href=\"https:\/\/guineechrono.com\/wp-content\/uploads\/2025\/08\/IMG_20250814_130233.jpg\"><img fetchpriority=\"high\" decoding=\"async\" class=\"size-medium wp-image-36899\" src=\"https:\/\/guineechrono.com\/wp-content\/uploads\/2025\/08\/IMG_20250814_130233-300x169.jpg\" alt=\"\" width=\"300\" height=\"169\" srcset=\"https:\/\/guineechrono.com\/wp-content\/uploads\/2025\/08\/IMG_20250814_130233-300x169.jpg 300w, https:\/\/guineechrono.com\/wp-content\/uploads\/2025\/08\/IMG_20250814_130233-1024x576.jpg 1024w, https:\/\/guineechrono.com\/wp-content\/uploads\/2025\/08\/IMG_20250814_130233-768x432.jpg 768w, https:\/\/guineechrono.com\/wp-content\/uploads\/2025\/08\/IMG_20250814_130233-1536x864.jpg 1536w, https:\/\/guineechrono.com\/wp-content\/uploads\/2025\/08\/IMG_20250814_130233-2048x1152.jpg 2048w, https:\/\/guineechrono.com\/wp-content\/uploads\/2025\/08\/IMG_20250814_130233-696x392.jpg 696w, https:\/\/guineechrono.com\/wp-content\/uploads\/2025\/08\/IMG_20250814_130233-1068x601.jpg 1068w, https:\/\/guineechrono.com\/wp-content\/uploads\/2025\/08\/IMG_20250814_130233-747x420.jpg 747w, https:\/\/guineechrono.com\/wp-content\/uploads\/2025\/08\/IMG_20250814_130233-1920x1080.jpg 1920w\" sizes=\"(max-width: 300px) 100vw, 300px\" \/><\/a><figcaption id=\"caption-attachment-36899\" class=\"wp-caption-text\">Exif_JPEG_420<\/figcaption><\/figure>\n<p>&nbsp;<\/p>\n<p>&nbsp;<\/p>\n<p>&nbsp;<\/p>\n<p>&nbsp;<\/p>\n<p>\u00c0 cette occasion, M. Mamady Kane, Tr\u00e9sorier r\u00e9gional de Bok\u00e9, a, au nom des Tr\u00e9soriers r\u00e9gionaux, Tr\u00e9soriers pr\u00e9fectoraux, Agents comptables et Receveurs communaux, salu\u00e9 cette initiative.<\/p>\n<p><strong>\u00ab Nous saluons vivement cette initiative de la Direction g\u00e9n\u00e9rale du Tr\u00e9sor et de la Comptabilit\u00e9 publique ainsi que du minist\u00e8re de l\u2019\u00c9conomie et des Finances. Nous nous associons pleinement \u00e0 cette action citoyenne \u00bb,<\/strong> a-t-il d\u00e9clar\u00e9.<\/p>\n<p>En tant que citoyen, il a affirm\u00e9 qu\u2019il ne pouvait rester en marge du projet de la nouvelle Constitution.<\/p>\n<p><strong>\u00ab Lorsqu\u2019on parle d\u2019un projet aussi fondamental, qui engage la vie de la nation, nous ne pouvons pas rester en retrait. C\u2019est pourquoi nous sommes venus en grand nombre de l\u2019int\u00e9rieur du pays, pour \u00e9couter nos responsables et autorit\u00e9s, afin de comprendre et de nous approprier le contenu de ce projet \u00bb,<\/strong> a-t-il expliqu\u00e9.<\/p>\n<figure id=\"attachment_36898\" aria-describedby=\"caption-attachment-36898\" style=\"width: 300px\" class=\"wp-caption alignleft\"><a href=\"https:\/\/guineechrono.com\/wp-content\/uploads\/2025\/08\/IMG_20250814_135246.jpg\"><img decoding=\"async\" class=\"size-medium wp-image-36898\" src=\"https:\/\/guineechrono.com\/wp-content\/uploads\/2025\/08\/IMG_20250814_135246-300x169.jpg\" alt=\"\" width=\"300\" height=\"169\" srcset=\"https:\/\/guineechrono.com\/wp-content\/uploads\/2025\/08\/IMG_20250814_135246-300x169.jpg 300w, https:\/\/guineechrono.com\/wp-content\/uploads\/2025\/08\/IMG_20250814_135246-1024x576.jpg 1024w, https:\/\/guineechrono.com\/wp-content\/uploads\/2025\/08\/IMG_20250814_135246-768x432.jpg 768w, https:\/\/guineechrono.com\/wp-content\/uploads\/2025\/08\/IMG_20250814_135246-1536x864.jpg 1536w, https:\/\/guineechrono.com\/wp-content\/uploads\/2025\/08\/IMG_20250814_135246-2048x1152.jpg 2048w, https:\/\/guineechrono.com\/wp-content\/uploads\/2025\/08\/IMG_20250814_135246-696x392.jpg 696w, https:\/\/guineechrono.com\/wp-content\/uploads\/2025\/08\/IMG_20250814_135246-1068x601.jpg 1068w, https:\/\/guineechrono.com\/wp-content\/uploads\/2025\/08\/IMG_20250814_135246-747x420.jpg 747w, https:\/\/guineechrono.com\/wp-content\/uploads\/2025\/08\/IMG_20250814_135246-1920x1080.jpg 1920w\" sizes=\"(max-width: 300px) 100vw, 300px\" \/><\/a><figcaption id=\"caption-attachment-36898\" class=\"wp-caption-text\">Exif_JPEG_420<\/figcaption><\/figure>\n<p>&nbsp;<\/p>\n<p>&nbsp;<\/p>\n<p>&nbsp;<\/p>\n<p>&nbsp;<\/p>\n<p>Il a ensuite promis de relayer le message aupr\u00e8s de ses coll\u00e8gues et concitoyens.<br \/>\n<strong>\u00ab Une fois bien inform\u00e9s et outill\u00e9s, nous allons, \u00e0 notre retour, porter et amplifier ce message aupr\u00e8s de nos coll\u00e8gues et des populations \u00e0 l\u2019int\u00e9rieur du pays \u00bb,<\/strong> a-t-il assur\u00e9.<\/p>\n<p>Pour conclure, M. Mamady Kane a r\u00e9affirm\u00e9 son engagement \u00e0 accompagner cette campagne de vulgarisation. <strong>\u00ab Nous nous engageons pleinement \u00e0 accompagner la campagne de vulgarisation du projet de la nouvelle Constitution \u00bb,<\/strong> a-t-il conclu.<\/p>\n<figure id=\"attachment_36903\" aria-describedby=\"caption-attachment-36903\" style=\"width: 300px\" class=\"wp-caption alignleft\"><a href=\"https:\/\/guineechrono.com\/wp-content\/uploads\/2025\/08\/IMG_20250814_130553-1.jpg\"><img decoding=\"async\" class=\"size-medium wp-image-36903\" src=\"https:\/\/guineechrono.com\/wp-content\/uploads\/2025\/08\/IMG_20250814_130553-1-300x169.jpg\" alt=\"\" width=\"300\" height=\"169\" srcset=\"https:\/\/guineechrono.com\/wp-content\/uploads\/2025\/08\/IMG_20250814_130553-1-300x169.jpg 300w, https:\/\/guineechrono.com\/wp-content\/uploads\/2025\/08\/IMG_20250814_130553-1-1024x576.jpg 1024w, https:\/\/guineechrono.com\/wp-content\/uploads\/2025\/08\/IMG_20250814_130553-1-768x432.jpg 768w, https:\/\/guineechrono.com\/wp-content\/uploads\/2025\/08\/IMG_20250814_130553-1-1536x864.jpg 1536w, https:\/\/guineechrono.com\/wp-content\/uploads\/2025\/08\/IMG_20250814_130553-1-2048x1152.jpg 2048w, https:\/\/guineechrono.com\/wp-content\/uploads\/2025\/08\/IMG_20250814_130553-1-696x392.jpg 696w, https:\/\/guineechrono.com\/wp-content\/uploads\/2025\/08\/IMG_20250814_130553-1-1068x601.jpg 1068w, https:\/\/guineechrono.com\/wp-content\/uploads\/2025\/08\/IMG_20250814_130553-1-747x420.jpg 747w, https:\/\/guineechrono.com\/wp-content\/uploads\/2025\/08\/IMG_20250814_130553-1-1920x1080.jpg 1920w\" sizes=\"(max-width: 300px) 100vw, 300px\" \/><\/a><figcaption id=\"caption-attachment-36903\" class=\"wp-caption-text\">Exif_JPEG_420<\/figcaption><\/figure>\n<p>&nbsp;<\/p>\n<p>&nbsp;<\/p>\n<p>&nbsp;<\/p>\n<p>&nbsp;<\/p>\n<p>A noter que la c\u00e9r\u00e9monie a \u00e9t\u00e9 pr\u00e9sid\u00e9e par le ministre de l\u2019Economie et des finances, M. Mourana Soumah<\/p>\n<p><strong>Aboubacar Camara<\/strong><\/p>\n","protected":false},"excerpt":{"rendered":"<p>Ce jeudi 14 ao\u00fbt 2025, la Direction g\u00e9n\u00e9rale du Tr\u00e9sor et de la Comptabilit\u00e9 publique a organis\u00e9 une c\u00e9r\u00e9monie de sensibilisation sur la vulgarisation du projet de la nouvelle Constitution. &nbsp; &nbsp; &nbsp; &nbsp; \u00c0 cette occasion, M. Mamady Kane, Tr\u00e9sorier r\u00e9gional de Bok\u00e9, a, au nom des Tr\u00e9soriers r\u00e9gionaux, Tr\u00e9soriers pr\u00e9fectoraux, Agents comptables et [&hellip;]<\/p>\n","protected":false},"author":2,"featured_media":36896,"comment_status":"open","ping_status":"closed","sticky":false,"template":"","format":"standard","meta":{"buzzeditor_post_format":"","footnotes":""},"categories":[42],"tags":[],"class_list":["post-36900","post","type-post","status-publish","format-standard","has-post-thumbnail","hentry","category-news"],"jetpack_featured_media_url":"https:\/\/guineechrono.com\/wp-content\/uploads\/2025\/08\/IMG_20250814_135951.jpg","amp_enabled":true,"_links":{"self":[{"href":"https:\/\/guineechrono.com\/index.php\/wp-json\/wp\/v2\/posts\/36900","targetHints":{"allow":["GET"]}}],"collection":[{"href":"https:\/\/guineechrono.com\/index.php\/wp-json\/wp\/v2\/posts"}],"about":[{"href":"https:\/\/guineechrono.com\/index.php\/wp-json\/wp\/v2\/types\/post"}],"author":[{"embeddable":true,"href":"https:\/\/guineechrono.com\/index.php\/wp-json\/wp\/v2\/users\/2"}],"replies":[{"embeddable":true,"href":"https:\/\/guineechrono.com\/index.php\/wp-json\/wp\/v2\/comments?post=36900"}],"version-history":[{"count":1,"href":"https:\/\/guineechrono.com\/index.php\/wp-json\/wp\/v2\/posts\/36900\/revisions"}],"predecessor-version":[{"id":36904,"href":"https:\/\/guineechrono.com\/index.php\/wp-json\/wp\/v2\/posts\/36900\/revisions\/36904"}],"wp:featuredmedia":[{"embeddable":true,"href":"https:\/\/guineechrono.com\/index.php\/wp-json\/wp\/v2\/media\/36896"}],"wp:attachment":[{"href":"https:\/\/guineechrono.com\/index.php\/wp-json\/wp\/v2\/media?parent=36900"}],"wp:term":[{"taxonomy":"category","embeddable":true,"href":"https:\/\/guineechrono.com\/index.php\/wp-json\/wp\/v2\/categories?post=36900"},{"taxonomy":"post_tag","embeddable":true,"href":"https:\/\/guineechrono.com\/index.php\/wp-json\/wp\/v2\/tags?post=36900"}],"curies":[{"name":"wp","href":"https:\/\/api.w.org\/{rel}","templated":true}]}}