{"id":36918,"date":"2025-08-15T20:01:04","date_gmt":"2025-08-15T19:01:04","guid":{"rendered":"https:\/\/guineechrono.com\/?p=36918"},"modified":"2025-08-16T11:51:08","modified_gmt":"2025-08-16T10:51:08","slug":"page-noire-le-journaliste-daouda-taban-sylla-nest-plus","status":"publish","type":"post","link":"https:\/\/guineechrono.com\/index.php\/page-noire-le-journaliste-daouda-taban-sylla-nest-plus\/","title":{"rendered":"Page noire : le journaliste Daouda Taban Sylla n\u2019est plus !"},"content":{"rendered":"<p><strong>C\u2019est la triste nouvelle qui s\u2019est propag\u00e9e sur les r\u00e9seaux sociaux dans la soir\u00e9e du vendredi 15 ao\u00fbt 2025. Daouda Taban Sylla, journaliste reporter \u00e0 la t\u00e9l\u00e9vision nationale, est d\u00e9c\u00e9d\u00e9 en Tunisie.<\/strong><\/p>\n<p>Selon nos informations, il avait \u00e9t\u00e9 \u00e9vacu\u00e9 d\u2019urgence mercredi dernier vers ce pays maghr\u00e9bin, dans un \u00e9tat critique.<\/p>\n<p>Depuis l\u2019annonce de sa disparition, les internautes qui l\u2019ont c\u00f4toy\u00e9 regrettent le d\u00e9part d\u2019un jeune professionnel d\u00e9vou\u00e9, dot\u00e9 d\u2019un grand sens de l\u2019ouverture.<\/p>\n<p>En plus d\u2019\u00eatre reporter aupr\u00e8s du minist\u00e8re du Plan et de la Coop\u00e9ration internationale, Taban \u00e9tait \u00e9galement responsable du site d\u2019information de la RTG et chroniqueur dans plusieurs \u00e9missions.<\/p>\n<p>En cette douloureuse circonstance, la r\u00e9daction de <strong>Guineechrono.com<\/strong> pr\u00e9sente ses sinc\u00e8res condol\u00e9ances \u00e0 sa famille biologique, \u00e0 ses proches et \u00e0 ses collaborateurs.<\/p>\n<p><strong>La R\u00e9daction<\/strong><\/p>\n","protected":false},"excerpt":{"rendered":"<p>C\u2019est la triste nouvelle qui s\u2019est propag\u00e9e sur les r\u00e9seaux sociaux dans la soir\u00e9e du vendredi 15 ao\u00fbt 2025. Daouda Taban Sylla, journaliste reporter \u00e0 la t\u00e9l\u00e9vision nationale, est d\u00e9c\u00e9d\u00e9 en Tunisie. Selon nos informations, il avait \u00e9t\u00e9 \u00e9vacu\u00e9 d\u2019urgence mercredi dernier vers ce pays maghr\u00e9bin, dans un \u00e9tat critique. Depuis l\u2019annonce de sa disparition, [&hellip;]<\/p>\n","protected":false},"author":2,"featured_media":36919,"comment_status":"open","ping_status":"closed","sticky":false,"template":"","format":"standard","meta":{"buzzeditor_post_format":"","footnotes":""},"categories":[42],"tags":[],"class_list":["post-36918","post","type-post","status-publish","format-standard","has-post-thumbnail","hentry","category-news"],"jetpack_featured_media_url":"https:\/\/guineechrono.com\/wp-content\/uploads\/2025\/08\/Taban.jpg","amp_enabled":true,"_links":{"self":[{"href":"https:\/\/guineechrono.com\/index.php\/wp-json\/wp\/v2\/posts\/36918","targetHints":{"allow":["GET"]}}],"collection":[{"href":"https:\/\/guineechrono.com\/index.php\/wp-json\/wp\/v2\/posts"}],"about":[{"href":"https:\/\/guineechrono.com\/index.php\/wp-json\/wp\/v2\/types\/post"}],"author":[{"embeddable":true,"href":"https:\/\/guineechrono.com\/index.php\/wp-json\/wp\/v2\/users\/2"}],"replies":[{"embeddable":true,"href":"https:\/\/guineechrono.com\/index.php\/wp-json\/wp\/v2\/comments?post=36918"}],"version-history":[{"count":1,"href":"https:\/\/guineechrono.com\/index.php\/wp-json\/wp\/v2\/posts\/36918\/revisions"}],"predecessor-version":[{"id":36920,"href":"https:\/\/guineechrono.com\/index.php\/wp-json\/wp\/v2\/posts\/36918\/revisions\/36920"}],"wp:featuredmedia":[{"embeddable":true,"href":"https:\/\/guineechrono.com\/index.php\/wp-json\/wp\/v2\/media\/36919"}],"wp:attachment":[{"href":"https:\/\/guineechrono.com\/index.php\/wp-json\/wp\/v2\/media?parent=36918"}],"wp:term":[{"taxonomy":"category","embeddable":true,"href":"https:\/\/guineechrono.com\/index.php\/wp-json\/wp\/v2\/categories?post=36918"},{"taxonomy":"post_tag","embeddable":true,"href":"https:\/\/guineechrono.com\/index.php\/wp-json\/wp\/v2\/tags?post=36918"}],"curies":[{"name":"wp","href":"https:\/\/api.w.org\/{rel}","templated":true}]}}