{"id":36924,"date":"2025-08-16T14:53:57","date_gmt":"2025-08-16T13:53:57","guid":{"rendered":"https:\/\/guineechrono.com\/?p=36924"},"modified":"2025-08-16T14:53:57","modified_gmt":"2025-08-16T13:53:57","slug":"ministere-de-lenergie-une-semaine-dactions-et-de-cooperation-au-service-de-lacces-equitable-a-lelectricite","status":"publish","type":"post","link":"https:\/\/guineechrono.com\/index.php\/ministere-de-lenergie-une-semaine-dactions-et-de-cooperation-au-service-de-lacces-equitable-a-lelectricite\/","title":{"rendered":"Minist\u00e8re de l\u2019\u00e9nergie : Une semaine d\u2019actions et de coop\u00e9ration au service de l\u2019acc\u00e8s \u00e9quitable \u00e0 l\u2019\u00e9lectricit\u00e9"},"content":{"rendered":"<p>Fid\u00e8le \u00e0 la vision du Gouvernement de la Transition, sous le leadership du Pr\u00e9sident de la R\u00e9publique le G\u00e9n\u00e9ral du Corps d\u2019Arm\u00e9e Mamadi Doumbouya, visant \u00e0 garantir \u00e0 chaque citoyen un acc\u00e8s fiable, durable et \u00e9quitable \u00e0 l\u2019\u00e9lectricit\u00e9, le Ministre de l\u2019\u00c9nergie, Monsieur Namory Camara, a men\u00e9 cette semaine une s\u00e9rie d\u2019actions strat\u00e9giques, combinant suivi technique et diplomatie \u00e9nerg\u00e9tique.<\/p>\n<p><strong>Renforcer l\u2019\u00e9lectrification rurale et moderniser les infrastructures<\/strong><br \/>\nLa semaine a \u00e9t\u00e9 marqu\u00e9e par une visite \u00e0 l\u2019Agence Guin\u00e9enne d\u2019\u00c9lectrification Rurale (AGER), pierre angulaire de la politique gouvernementale en mati\u00e8re d\u2019acc\u00e8s \u00e0 l\u2019\u00e9nergie dans les zones rurales. Le Ministre y a rappel\u00e9 l\u2019engagement du Gouvernement \u00e0 r\u00e9duire la fracture \u00e9nerg\u00e9tique entre les villes et les campagnes, en mettant l\u2019\u00e9lectricit\u00e9 au service du d\u00e9veloppement local et de l\u2019am\u00e9lioration du cadre de vie des populations.<br \/>\nLe programme de suivi s\u2019est poursuivi par des d\u00e9placements aupr\u00e8s des coordinations du Projet d\u2019Interconnexion \u00c9lectrique Guin\u00e9e\u2013Mali (PIEGM) et du Projet de R\u00e9habilitation et d\u2019Extension du R\u00e9seau \u00c9lectrique de Conakry (PREREC), ainsi que d\u2019autres chantiers majeurs.<br \/>\nCes visites ont permis de constater l\u2019\u00e9tat d\u2019avancement des travaux, d\u2019\u00e9valuer les contraintes techniques et d\u2019orienter les \u00e9quipes pour une ex\u00e9cution optimale et dans les d\u00e9lais.<\/p>\n<p><strong>La diplomatie \u00e9nerg\u00e9tique au service du d\u00e9veloppement<\/strong>.<\/p>\n<p>&nbsp;<\/p>\n<p><img fetchpriority=\"high\" decoding=\"async\" class=\"wp-image-14429\" src=\"https:\/\/letengue.com\/wp-content\/uploads\/2025\/08\/1000470940-1024x683.jpg\" alt=\"\" width=\"1024\" height=\"683\" \/><br \/>\nParall\u00e8lement aux visites de terrain, le Ministre a re\u00e7u en audience Son Excellence l\u2019Ambassadeur du Royaume d\u2019Arabie Saoudite en Guin\u00e9e, avec qui il a \u00e9chang\u00e9 sur les perspectives de coop\u00e9ration dans le secteur \u00e9nerg\u00e9tique, notamment le financement et l\u2019appui technique aux projets d\u2019\u00e9lectrification.<br \/>\nIl a \u00e9galement accord\u00e9 une audience \u00e0 Madame la Charg\u00e9e d\u2019Affaires de l\u2019Ambassade des \u00c9tats-Unis d\u2019Am\u00e9rique en Guin\u00e9e, rencontre au cours de laquelle les deux parties ont r\u00e9affirm\u00e9 leur volont\u00e9 de renforcer les liens bilat\u00e9raux et de travailler conjointement \u00e0 la modernisation du syst\u00e8me \u00e9nerg\u00e9tique guin\u00e9en, en particulier dans les \u00e9nergies renouvelables.<\/p>\n<p><img decoding=\"async\" class=\"wp-image-14430\" src=\"https:\/\/letengue.com\/wp-content\/uploads\/2025\/08\/1000470949-1024x683.jpg\" alt=\"\" width=\"1024\" height=\"683\" \/><\/p>\n<p>Ces actions s\u2019inscrivent pleinement dans la politique \u00e9nerg\u00e9tique nationale, qui repose sur trois piliers :<br \/>\n\u2013 Moderniser les infrastructures de production, de transport et de distribution d\u2019\u00e9lectricit\u00e9 ;<br \/>\n\u2013 Diversifier les sources d\u2019approvisionnement en favorisant les \u00e9nergies propres ;<br \/>\n\u2013 Garantir un acc\u00e8s \u00e9quitable \u00e0 l\u2019\u00e9lectricit\u00e9 sur tout le territoire, condition essentielle au d\u00e9veloppement \u00e9conomique et social.<br \/>\n\u00c0 travers ce programme soutenu d\u2019actions techniques et diplomatiques, le Minist\u00e8re de l\u2019\u00c9nergie confirme que la transformation du secteur \u00e9lectrique est en marche et qu\u2019elle reste une priorit\u00e9 strat\u00e9gique du Gouvernement de la Transition pour b\u00e2tir une Guin\u00e9e \u00e9nerg\u00e9tiquement autonome, comp\u00e9titive et inclusive.<br \/>\n<strong>Transmis par le Service de Communication et des Relations Publiques<\/strong><\/p>\n","protected":false},"excerpt":{"rendered":"<p>Fid\u00e8le \u00e0 la vision du Gouvernement de la Transition, sous le leadership du Pr\u00e9sident de la R\u00e9publique le G\u00e9n\u00e9ral du Corps d\u2019Arm\u00e9e Mamadi Doumbouya, visant \u00e0 garantir \u00e0 chaque citoyen un acc\u00e8s fiable, durable et \u00e9quitable \u00e0 l\u2019\u00e9lectricit\u00e9, le Ministre de l\u2019\u00c9nergie, Monsieur Namory Camara, a men\u00e9 cette semaine une s\u00e9rie d\u2019actions strat\u00e9giques, combinant suivi [&hellip;]<\/p>\n","protected":false},"author":2,"featured_media":36925,"comment_status":"open","ping_status":"closed","sticky":false,"template":"","format":"standard","meta":{"buzzeditor_post_format":"","footnotes":""},"categories":[42],"tags":[],"class_list":["post-36924","post","type-post","status-publish","format-standard","has-post-thumbnail","hentry","category-news"],"jetpack_featured_media_url":"https:\/\/guineechrono.com\/wp-content\/uploads\/2025\/08\/energit.jpg","amp_enabled":true,"_links":{"self":[{"href":"https:\/\/guineechrono.com\/index.php\/wp-json\/wp\/v2\/posts\/36924","targetHints":{"allow":["GET"]}}],"collection":[{"href":"https:\/\/guineechrono.com\/index.php\/wp-json\/wp\/v2\/posts"}],"about":[{"href":"https:\/\/guineechrono.com\/index.php\/wp-json\/wp\/v2\/types\/post"}],"author":[{"embeddable":true,"href":"https:\/\/guineechrono.com\/index.php\/wp-json\/wp\/v2\/users\/2"}],"replies":[{"embeddable":true,"href":"https:\/\/guineechrono.com\/index.php\/wp-json\/wp\/v2\/comments?post=36924"}],"version-history":[{"count":1,"href":"https:\/\/guineechrono.com\/index.php\/wp-json\/wp\/v2\/posts\/36924\/revisions"}],"predecessor-version":[{"id":36926,"href":"https:\/\/guineechrono.com\/index.php\/wp-json\/wp\/v2\/posts\/36924\/revisions\/36926"}],"wp:featuredmedia":[{"embeddable":true,"href":"https:\/\/guineechrono.com\/index.php\/wp-json\/wp\/v2\/media\/36925"}],"wp:attachment":[{"href":"https:\/\/guineechrono.com\/index.php\/wp-json\/wp\/v2\/media?parent=36924"}],"wp:term":[{"taxonomy":"category","embeddable":true,"href":"https:\/\/guineechrono.com\/index.php\/wp-json\/wp\/v2\/categories?post=36924"},{"taxonomy":"post_tag","embeddable":true,"href":"https:\/\/guineechrono.com\/index.php\/wp-json\/wp\/v2\/tags?post=36924"}],"curies":[{"name":"wp","href":"https:\/\/api.w.org\/{rel}","templated":true}]}}