{"id":36961,"date":"2025-08-19T11:49:33","date_gmt":"2025-08-19T10:49:33","guid":{"rendered":"https:\/\/guineechrono.com\/?p=36961"},"modified":"2025-08-19T11:49:33","modified_gmt":"2025-08-19T10:49:33","slug":"manifestation-projetee-par-les-forces-vives-de-guinee-appel-pressant-a-un-dialogue-inclusif-inter-guineen","status":"publish","type":"post","link":"https:\/\/guineechrono.com\/index.php\/manifestation-projetee-par-les-forces-vives-de-guinee-appel-pressant-a-un-dialogue-inclusif-inter-guineen\/","title":{"rendered":"Manifestation projet\u00e9e par les Forces Vives de Guin\u00e9e : Appel pressant \u00e0 un dialogue inclusif inter-guin\u00e9en."},"content":{"rendered":"<p>Le 10 ao\u00fbt dernier, les Forces Vives ont annonc\u00e9 une vaste mobilisation nationale \u00e0 compter du 5 septembre 2025.<\/p>\n<p>Cette manifestation vise, selon les organisateurs, \u00e0 protester contre le r\u00e9f\u00e9rendum pr\u00e9vu le 21 septembre, \u00e0 exiger un retour rapide \u00e0 l\u2019ordre constitutionnel, ainsi que la lib\u00e9ration des d\u00e9tenus politiques et la clarification du sort des personnes port\u00e9es disparues.<\/p>\n<p>En tant qu\u2019acteur de la soci\u00e9t\u00e9 civile guin\u00e9enne, soucieux de la paix et la qui\u00e9tude sociale, aujourd\u2019hui contraint \u00e0 l\u2019exil depuis plus d\u2019un an, je ressens une profonde inqui\u00e9tude face \u00e0 la tournure des \u00e9v\u00e9nements dans notre pays. C\u2019est pourquoi j\u2019adresse, de mani\u00e8re urgente et solennelle, un appel au G\u00e9n\u00e9ral President Mamady Doumbouya, et \u00e0 l\u2019ensemble des autorit\u00e9s de la Transition d\u2019ouvrir un dialogue sinc\u00e8re, inclusif et sans conditions pr\u00e9alables avec tous les acteurs sociopolitiques.<\/p>\n<p><strong>Pourquoi le dialogue est indispensable?<\/strong><\/p>\n<p>\u00c0 cette \u00e9tape cruciale de notre histoire, seul un dialogue franc et responsable peut permettre de rapprocher des positions aujourd\u2019hui \u00e9loign\u00e9es.<\/p>\n<p>Le dialogue est une passerelle entre les divergences, un antidote \u00e0 la m\u00e9fiance, et un outil de paix durable.<\/p>\n<p>Dans nos traditions africaines, lorsque les tensions montent dans une famille, on se r\u00e9unit autour du feu, on se parle, on lave ensemble le linge sale. C\u2019est exactement ce que notre pays doit faire aujourd\u2019hui.<\/p>\n<p>Des gestes forts pour restaurer la confiance.<\/p>\n<p>Pour que ce dialogue soit cr\u00e9dible et porteur d\u2019espoir, il est urgent de poser quelques actes concrets d\u2019apaisement, parmi lesquels :<\/p>\n<ul>\n<li>La lib\u00e9ration des prisonniers politiques.<\/li>\n<li>La recherche active et la pr\u00e9sentation des disparus \u00e0 leurs familles, sains et saufs.<\/li>\n<li>Le retour s\u00e9curis\u00e9 des exil\u00e9s politiques et sociaux, afin qu\u2019ils puissent contribuer au d\u00e9bat national.<\/li>\n<\/ul>\n<p>Ces gestes symboliques, mais puissants, enverraient un message clair au peuple : la Transition est r\u00e9ellement engag\u00e9e sur la voie de l\u2019inclusivit\u00e9 et de la r\u00e9conciliation.<\/p>\n<p>Red\u00e9finir ensemble la Transition:<\/p>\n<p>Autour d\u2019une m\u00eame table, il serait possible de :<\/p>\n<ul>\n<li>Revoir, de mani\u00e8re consensuelle, les priorit\u00e9s de la Transition.<\/li>\n<li>\u00c9tablir un nouveau chronogramme r\u00e9aliste pour le retour \u00e0 l\u2019ordre constitutionnel.<\/li>\n<li>Garantir la s\u00e9curit\u00e9 et la libert\u00e9 d\u2019expression de tous les acteurs, sans peur ni repr\u00e9sailles.<\/li>\n<\/ul>\n<p>Car s\u2019opposer \u00e0 l\u2019ouverture du dialogue, c\u2019est s\u2019opposer \u00e0 la r\u00e9ussite m\u00eame de la Transition.<\/p>\n<p><strong>Un choix historique:<\/strong><\/p>\n<p>L\u2019histoire retiendra que, dans les moments les plus tendus, ce ne sont pas les cris qui ont sauv\u00e9 la Guin\u00e9e, mais la voix du dialogue.<\/p>\n<p>Le d\u00e9veloppement, la stabilit\u00e9 et l\u2019unit\u00e9 nationale ne peuvent na\u00eetre que dans un climat de confiance mutuelle, o\u00f9 chacun se sent \u00e9cout\u00e9 et respect\u00e9.<\/p>\n<p>L\u2019heure n\u2019est plus aux calculs politiques, ni aux \u00e9preuves de force. L\u2019histoire ne retient pas ceux qui ont aliment\u00e9 les divisions, mais ceux qui ont tendu la main quand tout semblait perdu.<\/p>\n<p>Le dialogue n\u2019est pas un signe de faiblesse, c\u2019est l\u2019expression la plus noble de la force.<\/p>\n<p>Si nous ratons ce rendez-vous avec l\u2019Histoire, la fracture nationale s\u2019\u00e9largira et la paix s\u2019\u00e9loignera.<\/p>\n<p>Mais si nous choisissons le Dialogue plut\u00f4t que la confrontation, alors la Guin\u00e9e se donnera enfin une chance de gu\u00e9rir ses blessures et de b\u00e2tir un avenir commun, juste et durable.<\/p>\n<p>Aujourd\u2019hui, c\u2019est une main qu\u2019il faut tendre, pas un poing \u00e0 lever.<\/p>\n<p>Que Dieu prot\u00e8ge la Guin\u00e9e et les Guin\u00e9ens.<\/p>\n<p>Ensemble, choisissons la voie du Dialogue et de la paix.<\/p>\n<p><strong>Alpha BAYO, acteur de la soci\u00e9t\u00e9 civile.<\/strong><\/p>\n<p>&nbsp;<\/p>\n","protected":false},"excerpt":{"rendered":"<p>Le 10 ao\u00fbt dernier, les Forces Vives ont annonc\u00e9 une vaste mobilisation nationale \u00e0 compter du 5 septembre 2025. Cette manifestation vise, selon les organisateurs, \u00e0 protester contre le r\u00e9f\u00e9rendum pr\u00e9vu le 21 septembre, \u00e0 exiger un retour rapide \u00e0 l\u2019ordre constitutionnel, ainsi que la lib\u00e9ration des d\u00e9tenus politiques et la clarification du sort des [&hellip;]<\/p>\n","protected":false},"author":2,"featured_media":36962,"comment_status":"open","ping_status":"closed","sticky":false,"template":"","format":"standard","meta":{"buzzeditor_post_format":"","footnotes":""},"categories":[42],"tags":[],"class_list":["post-36961","post","type-post","status-publish","format-standard","has-post-thumbnail","hentry","category-news"],"jetpack_featured_media_url":"https:\/\/guineechrono.com\/wp-content\/uploads\/2025\/08\/IMG-20250819-WA0048.jpg","amp_enabled":true,"_links":{"self":[{"href":"https:\/\/guineechrono.com\/index.php\/wp-json\/wp\/v2\/posts\/36961","targetHints":{"allow":["GET"]}}],"collection":[{"href":"https:\/\/guineechrono.com\/index.php\/wp-json\/wp\/v2\/posts"}],"about":[{"href":"https:\/\/guineechrono.com\/index.php\/wp-json\/wp\/v2\/types\/post"}],"author":[{"embeddable":true,"href":"https:\/\/guineechrono.com\/index.php\/wp-json\/wp\/v2\/users\/2"}],"replies":[{"embeddable":true,"href":"https:\/\/guineechrono.com\/index.php\/wp-json\/wp\/v2\/comments?post=36961"}],"version-history":[{"count":1,"href":"https:\/\/guineechrono.com\/index.php\/wp-json\/wp\/v2\/posts\/36961\/revisions"}],"predecessor-version":[{"id":36963,"href":"https:\/\/guineechrono.com\/index.php\/wp-json\/wp\/v2\/posts\/36961\/revisions\/36963"}],"wp:featuredmedia":[{"embeddable":true,"href":"https:\/\/guineechrono.com\/index.php\/wp-json\/wp\/v2\/media\/36962"}],"wp:attachment":[{"href":"https:\/\/guineechrono.com\/index.php\/wp-json\/wp\/v2\/media?parent=36961"}],"wp:term":[{"taxonomy":"category","embeddable":true,"href":"https:\/\/guineechrono.com\/index.php\/wp-json\/wp\/v2\/categories?post=36961"},{"taxonomy":"post_tag","embeddable":true,"href":"https:\/\/guineechrono.com\/index.php\/wp-json\/wp\/v2\/tags?post=36961"}],"curies":[{"name":"wp","href":"https:\/\/api.w.org\/{rel}","templated":true}]}}