{"id":36976,"date":"2025-08-21T11:32:27","date_gmt":"2025-08-21T10:32:27","guid":{"rendered":"https:\/\/guineechrono.com\/?p=36976"},"modified":"2025-08-21T11:32:27","modified_gmt":"2025-08-21T10:32:27","slug":"guinee-la-date-de-louverture-de-la-campagne-pour-le-referendum-constitutionnel-fixee","status":"publish","type":"post","link":"https:\/\/guineechrono.com\/index.php\/guinee-la-date-de-louverture-de-la-campagne-pour-le-referendum-constitutionnel-fixee\/","title":{"rendered":"Guin\u00e9e : la date de l\u2019ouverture de la campagne pour le r\u00e9f\u00e9rendum constitutionnel fix\u00e9e"},"content":{"rendered":"<p><strong>Le pr\u00e9sident de la R\u00e9publique, le g\u00e9n\u00e9ral Mamadi Doumbouya, a annonc\u00e9 l\u2019ouverture de la campagne pour le r\u00e9f\u00e9rendum constitutionnel. C\u2019est \u00e0 travers un d\u00e9cret lu \u00e0 la t\u00e9l\u00e9vision nationale ce mercredi soir, 20 aout 2025. <\/strong><\/p>\n<p>Selon le d\u00e9cret, la compagne d\u00e9butera\u00a0dimanche 24 aout 2025\u00a0et prendra fin le\u00a018 septembre 2025.<\/p>\n<p>A rappeler que le referendum est pr\u00e9vu le 21 septembre 2025.<\/p>\n<p><strong>R\u00e9daction <\/strong><\/p>\n","protected":false},"excerpt":{"rendered":"<p>Le pr\u00e9sident de la R\u00e9publique, le g\u00e9n\u00e9ral Mamadi Doumbouya, a annonc\u00e9 l\u2019ouverture de la campagne pour le r\u00e9f\u00e9rendum constitutionnel. C\u2019est \u00e0 travers un d\u00e9cret lu \u00e0 la t\u00e9l\u00e9vision nationale ce mercredi soir, 20 aout 2025. Selon le d\u00e9cret, la compagne d\u00e9butera\u00a0dimanche 24 aout 2025\u00a0et prendra fin le\u00a018 septembre 2025. A rappeler que le referendum est [&hellip;]<\/p>\n","protected":false},"author":2,"featured_media":36786,"comment_status":"open","ping_status":"closed","sticky":false,"template":"","format":"standard","meta":{"buzzeditor_post_format":"","footnotes":""},"categories":[1],"tags":[],"class_list":["post-36976","post","type-post","status-publish","format-standard","has-post-thumbnail","hentry","category-non-classe"],"jetpack_featured_media_url":"https:\/\/guineechrono.com\/wp-content\/uploads\/2025\/08\/FB_IMG_1754652374497.jpg","amp_enabled":true,"_links":{"self":[{"href":"https:\/\/guineechrono.com\/index.php\/wp-json\/wp\/v2\/posts\/36976","targetHints":{"allow":["GET"]}}],"collection":[{"href":"https:\/\/guineechrono.com\/index.php\/wp-json\/wp\/v2\/posts"}],"about":[{"href":"https:\/\/guineechrono.com\/index.php\/wp-json\/wp\/v2\/types\/post"}],"author":[{"embeddable":true,"href":"https:\/\/guineechrono.com\/index.php\/wp-json\/wp\/v2\/users\/2"}],"replies":[{"embeddable":true,"href":"https:\/\/guineechrono.com\/index.php\/wp-json\/wp\/v2\/comments?post=36976"}],"version-history":[{"count":1,"href":"https:\/\/guineechrono.com\/index.php\/wp-json\/wp\/v2\/posts\/36976\/revisions"}],"predecessor-version":[{"id":36977,"href":"https:\/\/guineechrono.com\/index.php\/wp-json\/wp\/v2\/posts\/36976\/revisions\/36977"}],"wp:featuredmedia":[{"embeddable":true,"href":"https:\/\/guineechrono.com\/index.php\/wp-json\/wp\/v2\/media\/36786"}],"wp:attachment":[{"href":"https:\/\/guineechrono.com\/index.php\/wp-json\/wp\/v2\/media?parent=36976"}],"wp:term":[{"taxonomy":"category","embeddable":true,"href":"https:\/\/guineechrono.com\/index.php\/wp-json\/wp\/v2\/categories?post=36976"},{"taxonomy":"post_tag","embeddable":true,"href":"https:\/\/guineechrono.com\/index.php\/wp-json\/wp\/v2\/tags?post=36976"}],"curies":[{"name":"wp","href":"https:\/\/api.w.org\/{rel}","templated":true}]}}