{"id":36993,"date":"2025-08-21T19:03:20","date_gmt":"2025-08-21T18:03:20","guid":{"rendered":"https:\/\/guineechrono.com\/?p=36993"},"modified":"2025-08-21T19:03:20","modified_gmt":"2025-08-21T18:03:20","slug":"kindia-la-hac-cloture-ses-travaux-par-une-minute-de-silence-en-memoire-de-daouda-taban-sylla","status":"publish","type":"post","link":"https:\/\/guineechrono.com\/index.php\/kindia-la-hac-cloture-ses-travaux-par-une-minute-de-silence-en-memoire-de-daouda-taban-sylla\/","title":{"rendered":"Kindia: la HAC cl\u00f4ture ses travaux par une minute de silence en m\u00e9moire de Daouda Taban Sylla"},"content":{"rendered":"<p><strong>Le Pr\u00e9sident de la Haute Autorit\u00e9 de la Communication (HAC), Boubacar Yacine Diallo, a observ\u00e9 une minute de silence \u00e0 la m\u00e9moire du journaliste Daouda Taban Sylla, ce mercredi 20 ao\u00fbt 2025 dans l\u2019apr\u00e8s-midi, en marge de la c\u00e9r\u00e9monie de cl\u00f4ture de la retraite de la HAC consacr\u00e9e \u00e0 la gestion de la campagne m\u00e9diatique r\u00e9f\u00e9rendaire.<\/strong><\/p>\n<p><strong>Ce jeune journaliste de la RTG, reconnu pour son professionnalisme et son engagement, est d\u00e9c\u00e9d\u00e9 il y a quelques jours \u00e0 Tunis, des suites d\u2019une maladie<\/strong><\/p>\n<p>Le pr\u00e9sident de la HAC a remerci\u00e9 le Pr\u00e9sident de la R\u00e9publique, G\u00e9n\u00e9ral Mamadi Doumbouya pour avoir offert un toit aux enfants du d\u00e9funt, une bourse scolaire et l\u2019avoir \u00e9lev\u00e9 au grade de chevalier de l\u2019Ordre national du m\u00e9rite de la R\u00e9publique de Guin\u00e9e.<\/p>\n<p>En pr\u00e9sence des membres du Coll\u00e8ge de la HAC et ceux des Points Focaux r\u00e9gionaux de l\u2019institution, Boubacar Yacine Diallo a d\u00e9voil\u00e9 les r\u00e9sultats obtenus apr\u00e8s trois jours de travail.<\/p>\n<p>\u00ab (\u2026) pendant trois jours,\u00a0 nous avons r\u00e9fl\u00e9chi\u00a0 et nous avons \u00e9labor\u00e9 des textes qui vont fixer les modalit\u00e9s de la couverture m\u00e9diatique de la campagne du referendum. Nous avons \u00e9labor\u00e9 une premi\u00e8re d\u00e9cision qui r\u00e8glemente la couverture m\u00e9diatique au niveau\u00a0 des m\u00e9dias d\u2019Etat pour assurer un \u00e9gal acc\u00e8s aux courants du &lt;&lt;OUI &gt;&gt; et du &lt;&lt;NON&gt;. Mais en m\u00eame temps,\u00a0 nous avons permis aussi \u00e0 ce que des tables rondes\u00a0 puissent avoir lieu entre les entit\u00e9s\u00a0 qui ont des opinions diff\u00e9rentes au cours du r\u00e9f\u00e9rendum \u00bb explique le Pr\u00e9sident de la HAC.<\/p>\n<p>\u00abLa deuxi\u00e8me d\u00e9cision que nous avons prise, continue -t-il, concerne la couverture m\u00e9diatique par la presse priv\u00e9e pour laquelle des dispositions ont \u00e9t\u00e9 prises \u00e0 ce niveau.\u00a0 Pour toutes\u00a0 ces d\u00e9cisions \u00e0 prendre,\u00a0 nous allons veiller \u00e0 ce que les institutions de la R\u00e9publique soient prot\u00e9g\u00e9es,\u00a0 que l\u2019ordre public soit prot\u00e9g\u00e9,\u00a0 que des discours\u00a0 de haine qui incitent \u00e0 la violence ne soient pas tenus. \u00bb<\/p>\n<p>Les membres des sept points focaux des r\u00e9gions administratives de la Guin\u00e9e qui ont particip\u00e9 \u00e0 la Retraite de Kindia ont, ensemble, propos\u00e9 un guide du point focal.<\/p>\n<p>\u00ab D\u00e9sormais,\u00a0 les points focaux ont un guide qui d\u00e9finit \u00e0 la fois leurs missions, leurs avantages,\u00a0 mais \u00e9galement les contraintes li\u00e9es aux t\u00e2ches qu\u2019ils seront amen\u00e9s \u00e0 accomplir.\u00a0 Voil\u00e0\u00a0 les r\u00e9sultats des travaux auxquels nous sommes parvenus ici \u00e0 Kindia avec les Commissaires et les points focaux \u00bb,\u00a0 a conclut le Pr\u00e9sident Boubacar Yacine Diallo.<\/p>\n<p>A la question de savoir pourquoi les points focaux ont-ils \u00e9t\u00e9 associ\u00e9s \u00e0 la retraite jusqu\u2019\u00e0 l\u2019\u00e9laboration d\u2019un guide \u00e0 cette occasion,\u00a0 Boubacar Yacine Diallo,\u00a0 n\u2019est pas pass\u00e9 par mille chemins.<\/p>\n<p>\u00abVous savez que nous avons obtenu des financements du Budget national de d\u00e9veloppement qui ont permis d\u2019entreprendre la construction des si\u00e8ges r\u00e9gionaux de la Haute Autorit\u00e9 de la Communication.\u00a0 Donc, dans les sept r\u00e9gions administratives,\u00a0 les b\u00e2timents sont en construction.\u00a0 Donc, nous avons l\u2019obligation d\u2019installer les points focaux qui sont les dignes repr\u00e9sentants de la HAC.\u00a0 Ils ont entre autres\u00a0 missions,\u00a0 de servir d\u2019interface entre la HAC et les usagers de la Communication y compris les professionnels des m\u00e9dias.\u00a0 Mais \u00e9galement,\u00a0 de conna\u00eetre les d\u00e9rapages,\u00a0 les manquements,\u00a0 au besoin, les r\u00e9soudre sur place\u00a0 et pour les cas\u00a0 qu\u2019ils ne peuvent pas r\u00e9soudre,\u00a0 de les transmettre au coll\u00e8ge de la HAC \u00e0 Conakry\u00a0 pour que des d\u00e9cisions soient prises \u00bb, a-t-il \u00e9clair\u00e9.<\/p>\n<p><strong>De Kindia : Alpha Ibrahima Tour\u00e9,\u00a0 Service Communication de la HAC<\/strong><\/p>\n","protected":false},"excerpt":{"rendered":"<p>Le Pr\u00e9sident de la Haute Autorit\u00e9 de la Communication (HAC), Boubacar Yacine Diallo, a observ\u00e9 une minute de silence \u00e0 la m\u00e9moire du journaliste Daouda Taban Sylla, ce mercredi 20 ao\u00fbt 2025 dans l\u2019apr\u00e8s-midi, en marge de la c\u00e9r\u00e9monie de cl\u00f4ture de la retraite de la HAC consacr\u00e9e \u00e0 la gestion de la campagne m\u00e9diatique [&hellip;]<\/p>\n","protected":false},"author":2,"featured_media":36994,"comment_status":"open","ping_status":"closed","sticky":false,"template":"","format":"standard","meta":{"buzzeditor_post_format":"","footnotes":""},"categories":[42],"tags":[],"class_list":["post-36993","post","type-post","status-publish","format-standard","has-post-thumbnail","hentry","category-news"],"jetpack_featured_media_url":"https:\/\/guineechrono.com\/wp-content\/uploads\/2025\/08\/haccc.jpg","amp_enabled":true,"_links":{"self":[{"href":"https:\/\/guineechrono.com\/index.php\/wp-json\/wp\/v2\/posts\/36993","targetHints":{"allow":["GET"]}}],"collection":[{"href":"https:\/\/guineechrono.com\/index.php\/wp-json\/wp\/v2\/posts"}],"about":[{"href":"https:\/\/guineechrono.com\/index.php\/wp-json\/wp\/v2\/types\/post"}],"author":[{"embeddable":true,"href":"https:\/\/guineechrono.com\/index.php\/wp-json\/wp\/v2\/users\/2"}],"replies":[{"embeddable":true,"href":"https:\/\/guineechrono.com\/index.php\/wp-json\/wp\/v2\/comments?post=36993"}],"version-history":[{"count":1,"href":"https:\/\/guineechrono.com\/index.php\/wp-json\/wp\/v2\/posts\/36993\/revisions"}],"predecessor-version":[{"id":36995,"href":"https:\/\/guineechrono.com\/index.php\/wp-json\/wp\/v2\/posts\/36993\/revisions\/36995"}],"wp:featuredmedia":[{"embeddable":true,"href":"https:\/\/guineechrono.com\/index.php\/wp-json\/wp\/v2\/media\/36994"}],"wp:attachment":[{"href":"https:\/\/guineechrono.com\/index.php\/wp-json\/wp\/v2\/media?parent=36993"}],"wp:term":[{"taxonomy":"category","embeddable":true,"href":"https:\/\/guineechrono.com\/index.php\/wp-json\/wp\/v2\/categories?post=36993"},{"taxonomy":"post_tag","embeddable":true,"href":"https:\/\/guineechrono.com\/index.php\/wp-json\/wp\/v2\/tags?post=36993"}],"curies":[{"name":"wp","href":"https:\/\/api.w.org\/{rel}","templated":true}]}}