{"id":37016,"date":"2025-08-23T13:41:50","date_gmt":"2025-08-23T12:41:50","guid":{"rendered":"https:\/\/guineechrono.com\/?p=37016"},"modified":"2025-08-23T13:41:50","modified_gmt":"2025-08-23T12:41:50","slug":"simandou-academy-2040-conakry-rencontre-strategique-entre-les-jeunes-cadres-guineens-et-les-experts-de-lenap-du-quebec","status":"publish","type":"post","link":"https:\/\/guineechrono.com\/index.php\/simandou-academy-2040-conakry-rencontre-strategique-entre-les-jeunes-cadres-guineens-et-les-experts-de-lenap-du-quebec\/","title":{"rendered":"SIMANDOU ACADEMY 2040 \/ Conakry : Rencontre strat\u00e9gique entre les jeunes cadres guin\u00e9ens et les experts de l\u2019ENAP du Qu\u00e9bec"},"content":{"rendered":"<p><strong>Le mardi 22 juillet 2025, l\u2019Institut National de Formation et de Perfectionnement (INFP) a accueilli une rencontre strat\u00e9gique d\u2019\u00e9changes entre de jeunes cadres guin\u00e9ens issus de divers programmes de perfectionnement administratif et une d\u00e9l\u00e9gation d\u2019experts de l\u2019\u00c9cole Nationale d\u2019Administration Publique (ENAP) du Qu\u00e9bec.<\/strong><\/p>\n<p>Cette rencontre s\u2019inscrit dans le cadre de la mission d\u2019op\u00e9rationnalisation de la future \u00c9cole Nationale d\u2019Administration (ENA) de la R\u00e9publique de Guin\u00e9e. Elle a r\u00e9uni un panel repr\u00e9sentatif compos\u00e9 notamment :<\/p>\n<ul>\n<li>Des promotions 2024 et 2025 du Certificat de Comp\u00e9tences Administratives (CCA) ;<\/li>\n<li>Des dipl\u00f4m\u00e9s des masters d\u2019excellence de l\u2019ENAP du Qu\u00e9bec ;<\/li>\n<li>D\u2019anciens auditeurs du programme \u00ab Rajeunir et F\u00e9miniser l\u2019Administration \u00bb ;<\/li>\n<li>Et du Groupe des 60 jeunes cadres certifi\u00e9s en administration et gestion publique, dans le cadre d\u2019un projet pr\u00e9sidentiel.<\/li>\n<\/ul>\n<p>Les \u00e9changes, qualifi\u00e9s de riches et constructifs, ont permis aux experts qu\u00e9b\u00e9cois de recueillir directement les besoins en formation exprim\u00e9s par ces jeunes cadres, en vue de concevoir une offre p\u00e9dagogique adapt\u00e9e aux r\u00e9alit\u00e9s et d\u00e9fis sp\u00e9cifiques de l\u2019administration publique guin\u00e9enne.<\/p>\n<p><a href=\"https:\/\/guineechrono.com\/wp-content\/uploads\/2025\/08\/IMG-20250821-WA0039.jpg\"><img fetchpriority=\"high\" decoding=\"async\" class=\"alignleft size-medium wp-image-37018\" src=\"https:\/\/guineechrono.com\/wp-content\/uploads\/2025\/08\/IMG-20250821-WA0039-300x225.jpg\" alt=\"\" width=\"300\" height=\"225\" srcset=\"https:\/\/guineechrono.com\/wp-content\/uploads\/2025\/08\/IMG-20250821-WA0039-300x225.jpg 300w, https:\/\/guineechrono.com\/wp-content\/uploads\/2025\/08\/IMG-20250821-WA0039-1024x768.jpg 1024w, https:\/\/guineechrono.com\/wp-content\/uploads\/2025\/08\/IMG-20250821-WA0039-768x576.jpg 768w, https:\/\/guineechrono.com\/wp-content\/uploads\/2025\/08\/IMG-20250821-WA0039-80x60.jpg 80w, https:\/\/guineechrono.com\/wp-content\/uploads\/2025\/08\/IMG-20250821-WA0039-265x198.jpg 265w, https:\/\/guineechrono.com\/wp-content\/uploads\/2025\/08\/IMG-20250821-WA0039-696x522.jpg 696w, https:\/\/guineechrono.com\/wp-content\/uploads\/2025\/08\/IMG-20250821-WA0039-1068x801.jpg 1068w, https:\/\/guineechrono.com\/wp-content\/uploads\/2025\/08\/IMG-20250821-WA0039-560x420.jpg 560w, https:\/\/guineechrono.com\/wp-content\/uploads\/2025\/08\/IMG-20250821-WA0039.jpg 1280w\" sizes=\"(max-width: 300px) 100vw, 300px\" \/><\/a><\/p>\n<p>&nbsp;<\/p>\n<p>&nbsp;<\/p>\n<p>&nbsp;<\/p>\n<p>&nbsp;<\/p>\n<p>Dans la perspective du projet strat\u00e9gique <strong>Simandou 2040<\/strong>, port\u00e9 par le gouvernement de transition sous le leadership du G\u00e9n\u00e9ral Mamadi Doumbouya, cette mission marque une \u00e9tape d\u00e9cisive dans le partenariat renforc\u00e9 entre le Minist\u00e8re du Travail et de la Fonction Publique et l\u2019ENAP du Qu\u00e9bec.<\/p>\n<p>Conclu en f\u00e9vrier 2025, ce partenariat vise \u00e0 doter la Guin\u00e9e d\u2019une ENA moderne, performante et ancr\u00e9e dans ses r\u00e9alit\u00e9s locales, tout en s\u2019inspirant des meilleures pratiques internationales.<\/p>\n<p>L\u2019ENA de Guin\u00e9e constituera l\u2019un des piliers majeurs du projet <strong>Simandou Academy<\/strong>, levier strat\u00e9gique de valorisation du capital humain national. Elle portera une vision ambitieuse :<\/p>\n<p><strong>Former une \u00e9lite administrative fond\u00e9e sur l\u2019excellence, l\u2019innovation, la durabilit\u00e9 et l\u2019efficience.<\/strong><\/p>\n<p>Conduite par les experts canadiens M. <strong>Marc Lepage<\/strong> et Dr <strong>Pascal Waly Faye<\/strong>, la mission se poursuivra jusqu\u2019au 30 juillet 2025. Elle comprend :<\/p>\n<ul>\n<li>Un \u00e9tat des lieux de la mise en place de l\u2019ENA ;<\/li>\n<li>La mise \u00e0 jour du profil de comp\u00e9tences des futurs cadres de l\u2019administration ;<\/li>\n<li>Ainsi que la d\u00e9finition du tronc commun et des fili\u00e8res de sp\u00e9cialisation de la future \u00e9cole.<\/li>\n<\/ul>\n<p>En accompagnant r\u00e9solument le gouvernement guin\u00e9en dans ce processus de refondation et de modernisation de l\u2019administration, l\u2019INFP continue d\u2019assumer pleinement son r\u00f4le de <strong>catalyseur des comp\u00e9tences publiques<\/strong>, en droite ligne avec les ambitions du programme <strong>Simandou 2040<\/strong> et les r\u00e9formes institutionnelles en cours.<\/p>\n<p><strong>Mohamed Lamine Dram\u00e9<\/strong><\/p>\n<p>&nbsp;<\/p>\n","protected":false},"excerpt":{"rendered":"<p>Le mardi 22 juillet 2025, l\u2019Institut National de Formation et de Perfectionnement (INFP) a accueilli une rencontre strat\u00e9gique d\u2019\u00e9changes entre de jeunes cadres guin\u00e9ens issus de divers programmes de perfectionnement administratif et une d\u00e9l\u00e9gation d\u2019experts de l\u2019\u00c9cole Nationale d\u2019Administration Publique (ENAP) du Qu\u00e9bec. Cette rencontre s\u2019inscrit dans le cadre de la mission d\u2019op\u00e9rationnalisation de la [&hellip;]<\/p>\n","protected":false},"author":2,"featured_media":37017,"comment_status":"open","ping_status":"closed","sticky":false,"template":"","format":"standard","meta":{"buzzeditor_post_format":"","footnotes":""},"categories":[42],"tags":[],"class_list":["post-37016","post","type-post","status-publish","format-standard","has-post-thumbnail","hentry","category-news"],"jetpack_featured_media_url":"https:\/\/guineechrono.com\/wp-content\/uploads\/2025\/08\/IMG-20250822-WA0016.jpg","amp_enabled":true,"_links":{"self":[{"href":"https:\/\/guineechrono.com\/index.php\/wp-json\/wp\/v2\/posts\/37016","targetHints":{"allow":["GET"]}}],"collection":[{"href":"https:\/\/guineechrono.com\/index.php\/wp-json\/wp\/v2\/posts"}],"about":[{"href":"https:\/\/guineechrono.com\/index.php\/wp-json\/wp\/v2\/types\/post"}],"author":[{"embeddable":true,"href":"https:\/\/guineechrono.com\/index.php\/wp-json\/wp\/v2\/users\/2"}],"replies":[{"embeddable":true,"href":"https:\/\/guineechrono.com\/index.php\/wp-json\/wp\/v2\/comments?post=37016"}],"version-history":[{"count":1,"href":"https:\/\/guineechrono.com\/index.php\/wp-json\/wp\/v2\/posts\/37016\/revisions"}],"predecessor-version":[{"id":37019,"href":"https:\/\/guineechrono.com\/index.php\/wp-json\/wp\/v2\/posts\/37016\/revisions\/37019"}],"wp:featuredmedia":[{"embeddable":true,"href":"https:\/\/guineechrono.com\/index.php\/wp-json\/wp\/v2\/media\/37017"}],"wp:attachment":[{"href":"https:\/\/guineechrono.com\/index.php\/wp-json\/wp\/v2\/media?parent=37016"}],"wp:term":[{"taxonomy":"category","embeddable":true,"href":"https:\/\/guineechrono.com\/index.php\/wp-json\/wp\/v2\/categories?post=37016"},{"taxonomy":"post_tag","embeddable":true,"href":"https:\/\/guineechrono.com\/index.php\/wp-json\/wp\/v2\/tags?post=37016"}],"curies":[{"name":"wp","href":"https:\/\/api.w.org\/{rel}","templated":true}]}}