{"id":37024,"date":"2025-08-23T23:52:58","date_gmt":"2025-08-23T22:52:58","guid":{"rendered":"https:\/\/guineechrono.com\/?p=37024"},"modified":"2025-08-23T23:59:14","modified_gmt":"2025-08-23T22:59:14","slug":"gbessia-lafp-mise-sur-yamoussa-lansana-sylla-pour-mobiliser-en-faveur-du-president-doumbouya","status":"publish","type":"post","link":"https:\/\/guineechrono.com\/index.php\/gbessia-lafp-mise-sur-yamoussa-lansana-sylla-pour-mobiliser-en-faveur-du-president-doumbouya\/","title":{"rendered":"Gbessia : l\u2019AFP mise sur Yamoussa Lansana Sylla pour mobiliser en faveur du pr\u00e9sident Doumbouya"},"content":{"rendered":"<p><strong>L\u2019Alliance des Forces Patriotiques (AFP), plateforme politique dirig\u00e9e par l\u2019honorable Aboubacar Soumah, poursuit sa strat\u00e9gie de structuration \u00e0 la base. \u00c0 Gbessia, la coordination communale vient de franchir une \u00e9tape importante avec la nomination de Yamoussa Lansana Sylla en qualit\u00e9 de coordinateur officiel.<\/strong><\/p>\n<p>Cette d\u00e9signation s\u2019inscrit dans la dynamique de mobilisation en faveur du pr\u00e9sident de la R\u00e9publique, le g\u00e9n\u00e9ral Mamadi Doumbouya, en pr\u00e9lude aux prochaines \u00e9lections pr\u00e9sidentielles. L\u2019objectif affich\u00e9 est clair : renforcer l\u2019ancrage local de l\u2019AFP et f\u00e9d\u00e9rer les forces politiques et sociales autour du chef de l\u2019\u00c9tat.<\/p>\n<p>Peu apr\u00e8s son installation, le nouveau coordinateur a exprim\u00e9 ses condol\u00e9ances aux familles des victimes du r\u00e9cent glissement de terrain \u00e0 Coyah, avant de remercier le pr\u00e9sident de la R\u00e9publique et le bureau ex\u00e9cutif pour la confiance plac\u00e9e en lui. Il a \u00e9galement assur\u00e9 qu\u2019il s\u2019investira pleinement pour r\u00e9ussir la mission qui lui a \u00e9t\u00e9 confi\u00e9e.<\/p>\n<p><a href=\"https:\/\/guineechrono.com\/wp-content\/uploads\/2025\/08\/FB_IMG_1755989731395.jpg\"><img fetchpriority=\"high\" decoding=\"async\" class=\"alignleft size-medium wp-image-37028\" src=\"https:\/\/guineechrono.com\/wp-content\/uploads\/2025\/08\/FB_IMG_1755989731395-225x300.jpg\" alt=\"\" width=\"225\" height=\"300\" srcset=\"https:\/\/guineechrono.com\/wp-content\/uploads\/2025\/08\/FB_IMG_1755989731395-225x300.jpg 225w, https:\/\/guineechrono.com\/wp-content\/uploads\/2025\/08\/FB_IMG_1755989731395-768x1024.jpg 768w, https:\/\/guineechrono.com\/wp-content\/uploads\/2025\/08\/FB_IMG_1755989731395-696x928.jpg 696w, https:\/\/guineechrono.com\/wp-content\/uploads\/2025\/08\/FB_IMG_1755989731395-315x420.jpg 315w, https:\/\/guineechrono.com\/wp-content\/uploads\/2025\/08\/FB_IMG_1755989731395.jpg 960w\" sizes=\"(max-width: 225px) 100vw, 225px\" \/><\/a><\/p>\n<p>En tant que coordinateur, Yamoussa Lansana Sylla aura pour mission principale de mobiliser les mouvements citoyens, associatifs et politiques de Gbessia afin d\u2019impulser une dynamique collective orient\u00e9e vers un soutien massif et structur\u00e9 \u00e0 la candidature du pr\u00e9sident Doumbouya.<\/p>\n<p>Cette nomination marque un tournant d\u00e9cisif pour l\u2019AFP dans la commune de Gbessia, qui entend d\u00e9sormais jouer un r\u00f4le moteur dans la conqu\u00eate \u00e9lectorale \u00e0 venir. Le nouveau coordinateur s\u2019est engag\u00e9 \u00e0 mener ce combat avec rigueur et d\u00e9termination, jusqu\u2019\u00e0 la victoire finale.<\/p>\n<p><strong>Bolokada Sano\u00a0<\/strong><\/p>\n<p><strong>626641732<\/strong><\/p>\n","protected":false},"excerpt":{"rendered":"<p>L\u2019Alliance des Forces Patriotiques (AFP), plateforme politique dirig\u00e9e par l\u2019honorable Aboubacar Soumah, poursuit sa strat\u00e9gie de structuration \u00e0 la base. \u00c0 Gbessia, la coordination communale vient de franchir une \u00e9tape importante avec la nomination de Yamoussa Lansana Sylla en qualit\u00e9 de coordinateur officiel. Cette d\u00e9signation s\u2019inscrit dans la dynamique de mobilisation en faveur du pr\u00e9sident [&hellip;]<\/p>\n","protected":false},"author":2,"featured_media":37029,"comment_status":"open","ping_status":"closed","sticky":false,"template":"","format":"standard","meta":{"buzzeditor_post_format":"","footnotes":""},"categories":[2,42],"tags":[],"class_list":["post-37024","post","type-post","status-publish","format-standard","has-post-thumbnail","hentry","category-featured","category-news"],"jetpack_featured_media_url":"https:\/\/guineechrono.com\/wp-content\/uploads\/2025\/08\/FB_IMG_1755989659324.jpg","amp_enabled":true,"_links":{"self":[{"href":"https:\/\/guineechrono.com\/index.php\/wp-json\/wp\/v2\/posts\/37024","targetHints":{"allow":["GET"]}}],"collection":[{"href":"https:\/\/guineechrono.com\/index.php\/wp-json\/wp\/v2\/posts"}],"about":[{"href":"https:\/\/guineechrono.com\/index.php\/wp-json\/wp\/v2\/types\/post"}],"author":[{"embeddable":true,"href":"https:\/\/guineechrono.com\/index.php\/wp-json\/wp\/v2\/users\/2"}],"replies":[{"embeddable":true,"href":"https:\/\/guineechrono.com\/index.php\/wp-json\/wp\/v2\/comments?post=37024"}],"version-history":[{"count":3,"href":"https:\/\/guineechrono.com\/index.php\/wp-json\/wp\/v2\/posts\/37024\/revisions"}],"predecessor-version":[{"id":37030,"href":"https:\/\/guineechrono.com\/index.php\/wp-json\/wp\/v2\/posts\/37024\/revisions\/37030"}],"wp:featuredmedia":[{"embeddable":true,"href":"https:\/\/guineechrono.com\/index.php\/wp-json\/wp\/v2\/media\/37029"}],"wp:attachment":[{"href":"https:\/\/guineechrono.com\/index.php\/wp-json\/wp\/v2\/media?parent=37024"}],"wp:term":[{"taxonomy":"category","embeddable":true,"href":"https:\/\/guineechrono.com\/index.php\/wp-json\/wp\/v2\/categories?post=37024"},{"taxonomy":"post_tag","embeddable":true,"href":"https:\/\/guineechrono.com\/index.php\/wp-json\/wp\/v2\/tags?post=37024"}],"curies":[{"name":"wp","href":"https:\/\/api.w.org\/{rel}","templated":true}]}}