{"id":37057,"date":"2025-08-25T20:36:23","date_gmt":"2025-08-25T19:36:23","guid":{"rendered":"https:\/\/guineechrono.com\/?p=37057"},"modified":"2025-08-25T20:36:23","modified_gmt":"2025-08-25T19:36:23","slug":"coyah-gare-routiere-plusieurs-magasins-partis-en-fumee","status":"publish","type":"post","link":"https:\/\/guineechrono.com\/index.php\/coyah-gare-routiere-plusieurs-magasins-partis-en-fumee\/","title":{"rendered":"Coyah \u2013 Gare routi\u00e8re : plusieurs magasins partis en fum\u00e9e"},"content":{"rendered":"<p><strong>Un incendie s\u2019est produit dans la journ\u00e9e du samedi 23 ao\u00fbt 2025 \u00e0 la gare routi\u00e8re de la commune urbaine de Coyah. Plusieurs magasins et boutiques ont \u00e9t\u00e9 ravag\u00e9s par les flammes, causant d\u2019\u00e9normes d\u00e9g\u00e2ts mat\u00e9riels. Heureusement, aucune perte en vies humaines n\u2019a \u00e9t\u00e9 enregistr\u00e9e.<\/strong><\/p>\n<p>Mohamed Sidy Diallo, commer\u00e7ant de mat\u00e9riels \u00e9lectriques, fait partie des victimes. \u00ab C\u2019\u00e9tait entre 16h et 17h que j\u2019ai remarqu\u00e9 de la fum\u00e9e dans mon magasin. Au d\u00e9but, j\u2019ai pens\u00e9 que c\u2019\u00e9taient des femmes qui avaient allum\u00e9 un feu \u00e0 c\u00f4t\u00e9. En sortant, je me suis rendu compte que ce n\u2019\u00e9tait pas le cas. En voulant retourner dans mon magasin pour v\u00e9rifier, j\u2019ai vu que les \u00e9tag\u00e8res prenaient feu et que la fum\u00e9e \u00e9tait immense. J\u2019ai vraiment eu peur, alors je suis all\u00e9 m\u2019asseoir quelque part pour sauver ma vie. D\u2019apr\u00e8s ce que j\u2019ai constat\u00e9, l\u2019incendie serait d\u00fb \u00e0 un court-circuit \u00e9lectrique \u00bb, a-t-il expliqu\u00e9.<\/p>\n<p>Concernant les pertes mat\u00e9rielles, il ajoute : \u00ab Je vendais des groupes \u00e9lectrog\u00e8nes de 2 \u00e0 4 KVA, des cafeti\u00e8res, des appareils \u00e9lectrom\u00e9nagers, des r\u00e9seaux, ainsi que des t\u00e9l\u00e9viseurs \u00e0 \u00e9cran plat de 25 \u00e0 55 pouces, de toutes marques. \u00bb<\/p>\n<p>Il d\u00e9plore \u00e9galement le comportement de certaines personnes mal intentionn\u00e9es pendant le drame : \u00ab Ce que je d\u00e9plore le plus, c\u2019est que des gens venus soi-disant pour nous secourir ont profit\u00e9 pour voler des marchandises. Ils ont emport\u00e9 des t\u00e9l\u00e9viseurs et des appareils au lieu de nous aider. Je peux estimer mes pertes \u00e0 environ deux cents millions de francs guin\u00e9ens (200 millions GNF). \u00bb<\/p>\n<p>\u00c0 la fin de son t\u00e9moignage, il a lanc\u00e9 un appel pressant aux autorit\u00e9s et aux bonnes volont\u00e9s : \u00ab Je demande aux autorit\u00e9s, en particulier au Pr\u00e9sident de la R\u00e9publique, le G\u00e9n\u00e9ral Mamadi Doumbouya, de penser \u00e0 nous, les sinistr\u00e9s. S\u2019il veut r\u00e9ellement \u00eatre proche du peuple, qu\u2019il s\u2019int\u00e9resse aux victimes de ce drame survenu \u00e0 Coyah. J\u2019invite \u00e9galement les commer\u00e7ants et les bonnes volont\u00e9s \u00e0 venir nous soutenir dans cette \u00e9preuve. \u00bb<\/p>\n<p><a href=\"https:\/\/guineechrono.com\/wp-content\/uploads\/2025\/08\/1756054480428.jpg\"><img fetchpriority=\"high\" decoding=\"async\" class=\"alignleft size-medium wp-image-37059\" src=\"https:\/\/guineechrono.com\/wp-content\/uploads\/2025\/08\/1756054480428-300x168.jpg\" alt=\"\" width=\"300\" height=\"168\" srcset=\"https:\/\/guineechrono.com\/wp-content\/uploads\/2025\/08\/1756054480428-300x168.jpg 300w, https:\/\/guineechrono.com\/wp-content\/uploads\/2025\/08\/1756054480428-1024x574.jpg 1024w, https:\/\/guineechrono.com\/wp-content\/uploads\/2025\/08\/1756054480428-768x430.jpg 768w, https:\/\/guineechrono.com\/wp-content\/uploads\/2025\/08\/1756054480428-1536x860.jpg 1536w, https:\/\/guineechrono.com\/wp-content\/uploads\/2025\/08\/1756054480428-2048x1147.jpg 2048w, https:\/\/guineechrono.com\/wp-content\/uploads\/2025\/08\/1756054480428-696x390.jpg 696w, https:\/\/guineechrono.com\/wp-content\/uploads\/2025\/08\/1756054480428-1068x598.jpg 1068w, https:\/\/guineechrono.com\/wp-content\/uploads\/2025\/08\/1756054480428-750x420.jpg 750w, https:\/\/guineechrono.com\/wp-content\/uploads\/2025\/08\/1756054480428-1920x1076.jpg 1920w\" sizes=\"(max-width: 300px) 100vw, 300px\" \/><\/a><\/p>\n<p>&nbsp;<\/p>\n<p>&nbsp;<\/p>\n<p>&nbsp;<\/p>\n<p>Dans la m\u00eame dynamique, Hamzata Diallo, vendeur d\u2019alimentation g\u00e9n\u00e9rale et \u00e9galement victime de l\u2019incendie, a partag\u00e9 sa douleur : \u00ab J\u2019\u00e9tais parti chercher un stock de marchandises. \u00c0 mon retour, tout \u00e9tait d\u00e9j\u00e0 parti en fum\u00e9e. On m\u2019a dit que l\u2019incendie est d\u00fb \u00e0 un court-circuit \u00e9lectrique. J\u2019ai perdu pr\u00e8s de 400 millions GNF de marchandises. \u00bb<\/p>\n<p>Il a toutefois salu\u00e9 les efforts de certains : \u00ab Je remercie la population de Coyah, la gendarmerie, les sapeurs-pompiers et la police qui se sont mobilis\u00e9s pour nous soutenir pendant ce drame. Mais je d\u00e9plore l&rsquo;absence totale des autorit\u00e9s pr\u00e9fectorales et communales. Depuis samedi jusqu\u2019\u00e0 aujourd\u2019hui, aucune autorit\u00e9 n\u2019est pass\u00e9e sur les lieux pour constater les d\u00e9g\u00e2ts. \u00bb<\/p>\n<p><strong>Mohamed L Dram\u00e9<\/strong><\/p>\n<p>&nbsp;<\/p>\n","protected":false},"excerpt":{"rendered":"<p>Un incendie s\u2019est produit dans la journ\u00e9e du samedi 23 ao\u00fbt 2025 \u00e0 la gare routi\u00e8re de la commune urbaine de Coyah. Plusieurs magasins et boutiques ont \u00e9t\u00e9 ravag\u00e9s par les flammes, causant d\u2019\u00e9normes d\u00e9g\u00e2ts mat\u00e9riels. Heureusement, aucune perte en vies humaines n\u2019a \u00e9t\u00e9 enregistr\u00e9e. Mohamed Sidy Diallo, commer\u00e7ant de mat\u00e9riels \u00e9lectriques, fait partie des [&hellip;]<\/p>\n","protected":false},"author":2,"featured_media":37058,"comment_status":"open","ping_status":"closed","sticky":false,"template":"","format":"standard","meta":{"buzzeditor_post_format":"","footnotes":""},"categories":[42],"tags":[],"class_list":["post-37057","post","type-post","status-publish","format-standard","has-post-thumbnail","hentry","category-news"],"jetpack_featured_media_url":"https:\/\/guineechrono.com\/wp-content\/uploads\/2025\/08\/1756054480330.jpg","amp_enabled":true,"_links":{"self":[{"href":"https:\/\/guineechrono.com\/index.php\/wp-json\/wp\/v2\/posts\/37057","targetHints":{"allow":["GET"]}}],"collection":[{"href":"https:\/\/guineechrono.com\/index.php\/wp-json\/wp\/v2\/posts"}],"about":[{"href":"https:\/\/guineechrono.com\/index.php\/wp-json\/wp\/v2\/types\/post"}],"author":[{"embeddable":true,"href":"https:\/\/guineechrono.com\/index.php\/wp-json\/wp\/v2\/users\/2"}],"replies":[{"embeddable":true,"href":"https:\/\/guineechrono.com\/index.php\/wp-json\/wp\/v2\/comments?post=37057"}],"version-history":[{"count":1,"href":"https:\/\/guineechrono.com\/index.php\/wp-json\/wp\/v2\/posts\/37057\/revisions"}],"predecessor-version":[{"id":37060,"href":"https:\/\/guineechrono.com\/index.php\/wp-json\/wp\/v2\/posts\/37057\/revisions\/37060"}],"wp:featuredmedia":[{"embeddable":true,"href":"https:\/\/guineechrono.com\/index.php\/wp-json\/wp\/v2\/media\/37058"}],"wp:attachment":[{"href":"https:\/\/guineechrono.com\/index.php\/wp-json\/wp\/v2\/media?parent=37057"}],"wp:term":[{"taxonomy":"category","embeddable":true,"href":"https:\/\/guineechrono.com\/index.php\/wp-json\/wp\/v2\/categories?post=37057"},{"taxonomy":"post_tag","embeddable":true,"href":"https:\/\/guineechrono.com\/index.php\/wp-json\/wp\/v2\/tags?post=37057"}],"curies":[{"name":"wp","href":"https:\/\/api.w.org\/{rel}","templated":true}]}}