{"id":37069,"date":"2025-08-27T13:27:22","date_gmt":"2025-08-27T12:27:22","guid":{"rendered":"https:\/\/guineechrono.com\/?p=37069"},"modified":"2025-08-27T13:27:22","modified_gmt":"2025-08-27T12:27:22","slug":"forecariah-lancement-dune-vaste-campagne-de-deguerpissement-sur-un-troncon-de-29-km-entre-maferinyah-centre-et-singuelen","status":"publish","type":"post","link":"https:\/\/guineechrono.com\/index.php\/forecariah-lancement-dune-vaste-campagne-de-deguerpissement-sur-un-troncon-de-29-km-entre-maferinyah-centre-et-singuelen\/","title":{"rendered":"For\u00e9cariah : Lancement d&rsquo;une vaste campagne de d\u00e9guerpissement sur un tron\u00e7on de 29 km entre Maferinyah Centre et Singu\u00e9len"},"content":{"rendered":"<p><strong>Les autorit\u00e9s communales et sous-pr\u00e9fectorales de la commune rurale de Maferinyah (pr\u00e9fecture de For\u00e9cariah) ont officiellement lanc\u00e9, ce mardi 26 ao\u00fbt, une vaste op\u00e9ration de d\u00e9guerpissement sur les emprises de la route reliant Maferinyah Centre \u00e0 Singu\u00e9len, couvrant un tron\u00e7on de 29 kilom\u00e8tres.<\/strong><\/p>\n<p>\u00c0 l\u2019issue de la premi\u00e8re journ\u00e9e des travaux, le pr\u00e9sident de la d\u00e9l\u00e9gation sp\u00e9ciale de Maferinyah est revenu sur les raisons et objectifs de cette op\u00e9ration. \u00ab Ce n\u2019est pas une nouveaut\u00e9. Le marquage a \u00e9t\u00e9 effectu\u00e9 d\u00e8s le d\u00e9but de l\u2019ann\u00e9e 2025, suite \u00e0 la d\u00e9cision du gouvernement de r\u00e9cup\u00e9rer les biens immobiliers de l\u2019\u00c9tat. Sur instruction du pr\u00e9fet, tous les services concern\u00e9s sont venus effectuer les premiers marquages. Malheureusement, il n\u2019y a pas eu de suite \u00e0 l\u2019\u00e9poque. \u00bb<\/p>\n<p><a href=\"https:\/\/guineechrono.com\/wp-content\/uploads\/2025\/08\/IMG-20250827-WA0114.jpg\"><img fetchpriority=\"high\" decoding=\"async\" class=\"alignleft size-medium wp-image-37071\" src=\"https:\/\/guineechrono.com\/wp-content\/uploads\/2025\/08\/IMG-20250827-WA0114-300x169.jpg\" alt=\"\" width=\"300\" height=\"169\" srcset=\"https:\/\/guineechrono.com\/wp-content\/uploads\/2025\/08\/IMG-20250827-WA0114-300x169.jpg 300w, https:\/\/guineechrono.com\/wp-content\/uploads\/2025\/08\/IMG-20250827-WA0114-768x432.jpg 768w, https:\/\/guineechrono.com\/wp-content\/uploads\/2025\/08\/IMG-20250827-WA0114-696x391.jpg 696w, https:\/\/guineechrono.com\/wp-content\/uploads\/2025\/08\/IMG-20250827-WA0114-747x420.jpg 747w, https:\/\/guineechrono.com\/wp-content\/uploads\/2025\/08\/IMG-20250827-WA0114.jpg 1000w\" sizes=\"(max-width: 300px) 100vw, 300px\" \/><\/a><\/p>\n<p>&nbsp;<\/p>\n<p>&nbsp;<\/p>\n<p>&nbsp;<\/p>\n<p>Il pr\u00e9cise que c\u2019est sur ordre du ministre de l\u2019Habitat, relay\u00e9 par le gouverneur de Kindia et le pr\u00e9fet, que la campagne a repris de mani\u00e8re effective. L\u2019objectif est clair : lib\u00e9rer les emprises de la route pour permettre son \u00e9largissement, notamment dans le cadre de sa r\u00e9habilitation par des partenaires miniers. \u00ab La route est \u00e9troite et tr\u00e8s encombr\u00e9e. Les habitations construites anarchiquement de part et d\u2019autre doivent \u00eatre d\u00e9gag\u00e9es pour faciliter les travaux. \u00bb<\/p>\n<p><strong>Les habitants d\u00e9j\u00e0 sensibilis\u00e9s<\/strong><\/p>\n<p>Concernant les \u00e9ventuelles oppositions, le pr\u00e9sident affirme que les populations ont \u00e9t\u00e9 pr\u00e9alablement inform\u00e9es. \u00ab Maferinyah est un grand village o\u00f9 les constructions se sont faites de mani\u00e8re d\u00e9sorganis\u00e9e. Mais la population savait que la route allait \u00eatre \u00e9largie. C\u2019est pourquoi il n\u2019y a eu ni opposition ni r\u00e9sistance. Certains habitants ont m\u00eame quitt\u00e9 les lieux avant l\u2019arriv\u00e9e des engins. \u00bb<\/p>\n<p>Il a salu\u00e9 la compr\u00e9hension des citoyens, soulignant leur comportement exemplaire. \u00ab Je remercie sinc\u00e8rement les habitants pour leur discipline. Cela prouve que Maferinyah aspire au d\u00e9veloppement, comme les autres localit\u00e9s du pays. \u00bb<\/p>\n<p><strong>Un appel au soutien de la population<\/strong><\/p>\n<p>Enfin, le pr\u00e9sident de la d\u00e9l\u00e9gation sp\u00e9ciale a lanc\u00e9 un appel \u00e0 l\u2019unit\u00e9 et \u00e0 la collaboration. \u00ab Le Pr\u00e9sident de la R\u00e9publique, le G\u00e9n\u00e9ral Mamadi Doumbouya, souhaite impulser un d\u00e9veloppement \u00e0 la base. Et cela passe par des infrastructures solides. Les populations doivent accompagner cette vision. \u00bb<\/p>\n<p>Il conclut en r\u00e9affirmant sa volont\u00e9 de faire de Maferinyah une commune moderne, structur\u00e9e et ouverte au progr\u00e8s. \u00ab Maferinyah m\u00e9rite mieux. Nous devons construire de grandes routes, des infrastructures solides et modernes. La compr\u00e9hension des citoyens est un grand pas dans ce sens. \u00bb<\/p>\n<p><strong>MLD<\/strong><\/p>\n<p>&nbsp;<\/p>\n","protected":false},"excerpt":{"rendered":"<p>Les autorit\u00e9s communales et sous-pr\u00e9fectorales de la commune rurale de Maferinyah (pr\u00e9fecture de For\u00e9cariah) ont officiellement lanc\u00e9, ce mardi 26 ao\u00fbt, une vaste op\u00e9ration de d\u00e9guerpissement sur les emprises de la route reliant Maferinyah Centre \u00e0 Singu\u00e9len, couvrant un tron\u00e7on de 29 kilom\u00e8tres. \u00c0 l\u2019issue de la premi\u00e8re journ\u00e9e des travaux, le pr\u00e9sident de la [&hellip;]<\/p>\n","protected":false},"author":2,"featured_media":37070,"comment_status":"open","ping_status":"closed","sticky":false,"template":"","format":"standard","meta":{"buzzeditor_post_format":"","footnotes":""},"categories":[42],"tags":[],"class_list":["post-37069","post","type-post","status-publish","format-standard","has-post-thumbnail","hentry","category-news"],"jetpack_featured_media_url":"https:\/\/guineechrono.com\/wp-content\/uploads\/2025\/08\/IMG-20250827-WA0113.jpg","amp_enabled":true,"_links":{"self":[{"href":"https:\/\/guineechrono.com\/index.php\/wp-json\/wp\/v2\/posts\/37069","targetHints":{"allow":["GET"]}}],"collection":[{"href":"https:\/\/guineechrono.com\/index.php\/wp-json\/wp\/v2\/posts"}],"about":[{"href":"https:\/\/guineechrono.com\/index.php\/wp-json\/wp\/v2\/types\/post"}],"author":[{"embeddable":true,"href":"https:\/\/guineechrono.com\/index.php\/wp-json\/wp\/v2\/users\/2"}],"replies":[{"embeddable":true,"href":"https:\/\/guineechrono.com\/index.php\/wp-json\/wp\/v2\/comments?post=37069"}],"version-history":[{"count":1,"href":"https:\/\/guineechrono.com\/index.php\/wp-json\/wp\/v2\/posts\/37069\/revisions"}],"predecessor-version":[{"id":37072,"href":"https:\/\/guineechrono.com\/index.php\/wp-json\/wp\/v2\/posts\/37069\/revisions\/37072"}],"wp:featuredmedia":[{"embeddable":true,"href":"https:\/\/guineechrono.com\/index.php\/wp-json\/wp\/v2\/media\/37070"}],"wp:attachment":[{"href":"https:\/\/guineechrono.com\/index.php\/wp-json\/wp\/v2\/media?parent=37069"}],"wp:term":[{"taxonomy":"category","embeddable":true,"href":"https:\/\/guineechrono.com\/index.php\/wp-json\/wp\/v2\/categories?post=37069"},{"taxonomy":"post_tag","embeddable":true,"href":"https:\/\/guineechrono.com\/index.php\/wp-json\/wp\/v2\/tags?post=37069"}],"curies":[{"name":"wp","href":"https:\/\/api.w.org\/{rel}","templated":true}]}}