{"id":37077,"date":"2025-08-27T14:43:27","date_gmt":"2025-08-27T13:43:27","guid":{"rendered":"https:\/\/guineechrono.com\/?p=37077"},"modified":"2025-08-27T14:43:27","modified_gmt":"2025-08-27T13:43:27","slug":"renforcement-de-la-cooperation-energetique-le-ministre-namory-camara-en-mission-de-travail-en-turquie","status":"publish","type":"post","link":"https:\/\/guineechrono.com\/index.php\/renforcement-de-la-cooperation-energetique-le-ministre-namory-camara-en-mission-de-travail-en-turquie\/","title":{"rendered":"Renforcement de la coop\u00e9ration \u00e9nerg\u00e9tique : le Ministre Namory Camara en mission de travail en Turquie"},"content":{"rendered":"<p>Dans le cadre de la politique \u00e9nerg\u00e9tique impuls\u00e9e par le Gouvernement sous le leadership de Son \ud835\udc04\ud835\udc31\ud835\udc1c\ud835\udc1e\ud835\udc25\ud835\udc25\ud835\udc1e\ud835\udc27\ud835\udc1c\ud835\udc1e \ud835\udc25\ud835\udc1e \ud835\udc0f\ud835\udc2b\ud835\udc1e\u0301\ud835\udc2c\ud835\udc22\ud835\udc1d\ud835\udc1e\ud835\udc27\ud835\udc2d \ud835\udc1d\ud835\udc1e \ud835\udc25\ud835\udc1a \ud835\udc11\ud835\udc1e\u0301\ud835\udc29\ud835\udc2e\ud835\udc1b\ud835\udc25\ud835\udc22\ud835\udc2a\ud835\udc2e\ud835\udc1e, \ud835\udc06\ud835\udc1e\ud835\udc27\ud835\udc1e\ud835\udc2b\ud835\udc1a\ud835\udc25 \ud835\udc0c\ud835\udc1a\ud835\udc26\ud835\udc1a\ud835\udc1d\ud835\udc22 \ud835\udc03\ud835\udc28\ud835\udc2e\ud835\udc26\ud835\udc1b\ud835\udc28\ud835\udc2e\ud835\udc32\ud835\udc1a, \ud835\udc25\ud835\udc1e \ud835\udc0c\ud835\udc22\ud835\udc27\ud835\udc22\ud835\udc2c\ud835\udc2d\ud835\udc1e\u0300\ud835\udc2b\ud835\udc1e \ud835\udc1d\ud835\udc1e \ud835\udc25\u2019\ud835\udc04\u0301\ud835\udc27\ud835\udc1e\ud835\udc2b\ud835\udc20\ud835\udc22\ud835\udc1e, \ud835\udc1c\ud835\udc28\ud835\udc27\ud835\udc1d\ud835\udc2e\ud835\udc22\ud835\udc2d \ud835\udc29\ud835\udc1a\ud835\udc2b \ud835\udc0c\ud835\udc28\ud835\udc27\ud835\udc2c\ud835\udc22\ud835\udc1e\ud835\udc2e\ud835\udc2b \ud835\udc0d\ud835\udc1a\ud835\udc26\ud835\udc28\ud835\udc2b\ud835\udc32 \ud835\udc02\ud835\udc1a\ud835\udc26\ud835\udc1a\ud835\udc2b\ud835\udc1a, poursuit ses efforts pour garantir une desserte \u00e9lectrique fiable et durable en Guin\u00e9e.<\/p>\n<p>En s\u00e9jour de travail en \ud835\udc11\ud835\udc1e\u0301\ud835\udc29\ud835\udc2e\ud835\udc1b\ud835\udc25\ud835\udc22\ud835\udc2a\ud835\udc2e\ud835\udc1e \ud835\udc1d\ud835\udc1e \ud835\udc13\ud835\udc2e\ud835\udc2b\ud835\udc2a\ud835\udc2e\ud835\udc22\ud835\udc1e, le Ministre multiplie les rencontres avec les autorit\u00e9s et responsables de grandes soci\u00e9t\u00e9s \u00e9nerg\u00e9tiques, afin de consolider les partenariats strat\u00e9giques et d\u2019attirer de nouveaux investissements dans le secteur.<\/p>\n<p>Dans la matin\u00e9e de ce mardi, Monsieur le Ministre a rencontr\u00e9 les responsables du \ud835\udc06\ud835\udc2b\ud835\udc28\ud835\udc2e\ud835\udc29\ud835\udc1e \ud835\udc00\ud835\udc0a\ud835\udc12\ud835\udc00 \ud835\udc04\u0301\ud835\udc27\ud835\udc1e\ud835\udc2b\ud835\udc20\ud835\udc22\ud835\udc1e.<\/p>\n<p>Ce mardi, il a rencontr\u00e9 les responsables du \ud835\udc06\ud835\udc2b\ud835\udc28\ud835\udc2e\ud835\udc29\ud835\udc1e \ud835\udc00\ud835\udc0a\ud835\udc12\ud835\udc00 \ud835\udc04\u0301\ud835\udc27\ud835\udc1e\ud835\udc2b\ud835\udc20\ud835\udc22\ud835\udc1e autour de l\u2019avancement du projet \ud835\udc1c\ud835\udc1e\ud835\udc27\ud835\udc2d\ud835\udc2b\ud835\udc1a\ud835\udc25\ud835\udc1e \ud835\udc2d\ud835\udc21\ud835\udc1e\ud835\udc2b\ud835\udc26\ud835\udc22\ud835\udc2a\ud835\udc2e\ud835\udc1e \ud835\udc1d\ud835\udc1e \ud835\udfcf\ud835\udfcf\ud835\udfd3 \ud835\udc0c\ud835\udc16 en Guin\u00e9e et d\u2019autres opportunit\u00e9s de financement.<\/p>\n<p>Par cette d\u00e9marche proactive, le Ministre de l\u2019\u00c9nergie r\u00e9affirme l\u2019engagement du Gouvernement \u00e0 diversifier les sources d\u2019approvisionnement, renforcer les infrastructures de production et offrir \u00e0 la population guin\u00e9enne une meilleure qualit\u00e9 de service en \u00e9lectricit\u00e9.<\/p>\n<p><strong>Transmis par le Service de Communication et des Relations Publiques du Minist\u00e8re<\/strong><\/p>\n<p>&nbsp;<\/p>\n","protected":false},"excerpt":{"rendered":"<p>Dans le cadre de la politique \u00e9nerg\u00e9tique impuls\u00e9e par le Gouvernement sous le leadership de Son \ud835\udc04\ud835\udc31\ud835\udc1c\ud835\udc1e\ud835\udc25\ud835\udc25\ud835\udc1e\ud835\udc27\ud835\udc1c\ud835\udc1e \ud835\udc25\ud835\udc1e \ud835\udc0f\ud835\udc2b\ud835\udc1e\u0301\ud835\udc2c\ud835\udc22\ud835\udc1d\ud835\udc1e\ud835\udc27\ud835\udc2d \ud835\udc1d\ud835\udc1e \ud835\udc25\ud835\udc1a \ud835\udc11\ud835\udc1e\u0301\ud835\udc29\ud835\udc2e\ud835\udc1b\ud835\udc25\ud835\udc22\ud835\udc2a\ud835\udc2e\ud835\udc1e, \ud835\udc06\ud835\udc1e\ud835\udc27\ud835\udc1e\ud835\udc2b\ud835\udc1a\ud835\udc25 \ud835\udc0c\ud835\udc1a\ud835\udc26\ud835\udc1a\ud835\udc1d\ud835\udc22 \ud835\udc03\ud835\udc28\ud835\udc2e\ud835\udc26\ud835\udc1b\ud835\udc28\ud835\udc2e\ud835\udc32\ud835\udc1a, \ud835\udc25\ud835\udc1e \ud835\udc0c\ud835\udc22\ud835\udc27\ud835\udc22\ud835\udc2c\ud835\udc2d\ud835\udc1e\u0300\ud835\udc2b\ud835\udc1e \ud835\udc1d\ud835\udc1e \ud835\udc25\u2019\ud835\udc04\u0301\ud835\udc27\ud835\udc1e\ud835\udc2b\ud835\udc20\ud835\udc22\ud835\udc1e, \ud835\udc1c\ud835\udc28\ud835\udc27\ud835\udc1d\ud835\udc2e\ud835\udc22\ud835\udc2d \ud835\udc29\ud835\udc1a\ud835\udc2b \ud835\udc0c\ud835\udc28\ud835\udc27\ud835\udc2c\ud835\udc22\ud835\udc1e\ud835\udc2e\ud835\udc2b \ud835\udc0d\ud835\udc1a\ud835\udc26\ud835\udc28\ud835\udc2b\ud835\udc32 \ud835\udc02\ud835\udc1a\ud835\udc26\ud835\udc1a\ud835\udc2b\ud835\udc1a, poursuit ses efforts pour garantir une desserte \u00e9lectrique fiable et durable en Guin\u00e9e. En s\u00e9jour de travail en \ud835\udc11\ud835\udc1e\u0301\ud835\udc29\ud835\udc2e\ud835\udc1b\ud835\udc25\ud835\udc22\ud835\udc2a\ud835\udc2e\ud835\udc1e \ud835\udc1d\ud835\udc1e \ud835\udc13\ud835\udc2e\ud835\udc2b\ud835\udc2a\ud835\udc2e\ud835\udc22\ud835\udc1e, [&hellip;]<\/p>\n","protected":false},"author":2,"featured_media":37076,"comment_status":"open","ping_status":"closed","sticky":false,"template":"","format":"standard","meta":{"buzzeditor_post_format":"","footnotes":""},"categories":[42],"tags":[],"class_list":["post-37077","post","type-post","status-publish","format-standard","has-post-thumbnail","hentry","category-news"],"jetpack_featured_media_url":"https:\/\/guineechrono.com\/wp-content\/uploads\/2025\/08\/energiesss.jpg","amp_enabled":true,"_links":{"self":[{"href":"https:\/\/guineechrono.com\/index.php\/wp-json\/wp\/v2\/posts\/37077","targetHints":{"allow":["GET"]}}],"collection":[{"href":"https:\/\/guineechrono.com\/index.php\/wp-json\/wp\/v2\/posts"}],"about":[{"href":"https:\/\/guineechrono.com\/index.php\/wp-json\/wp\/v2\/types\/post"}],"author":[{"embeddable":true,"href":"https:\/\/guineechrono.com\/index.php\/wp-json\/wp\/v2\/users\/2"}],"replies":[{"embeddable":true,"href":"https:\/\/guineechrono.com\/index.php\/wp-json\/wp\/v2\/comments?post=37077"}],"version-history":[{"count":1,"href":"https:\/\/guineechrono.com\/index.php\/wp-json\/wp\/v2\/posts\/37077\/revisions"}],"predecessor-version":[{"id":37079,"href":"https:\/\/guineechrono.com\/index.php\/wp-json\/wp\/v2\/posts\/37077\/revisions\/37079"}],"wp:featuredmedia":[{"embeddable":true,"href":"https:\/\/guineechrono.com\/index.php\/wp-json\/wp\/v2\/media\/37076"}],"wp:attachment":[{"href":"https:\/\/guineechrono.com\/index.php\/wp-json\/wp\/v2\/media?parent=37077"}],"wp:term":[{"taxonomy":"category","embeddable":true,"href":"https:\/\/guineechrono.com\/index.php\/wp-json\/wp\/v2\/categories?post=37077"},{"taxonomy":"post_tag","embeddable":true,"href":"https:\/\/guineechrono.com\/index.php\/wp-json\/wp\/v2\/tags?post=37077"}],"curies":[{"name":"wp","href":"https:\/\/api.w.org\/{rel}","templated":true}]}}