{"id":37080,"date":"2025-08-27T22:07:17","date_gmt":"2025-08-27T21:07:17","guid":{"rendered":"https:\/\/guineechrono.com\/?p=37080"},"modified":"2025-08-27T22:07:17","modified_gmt":"2025-08-27T21:07:17","slug":"rentree-scolaire-2025-plaidoyer-pour-un-consensus-entre-autorites-et-partenaires-sociaux","status":"publish","type":"post","link":"https:\/\/guineechrono.com\/index.php\/rentree-scolaire-2025-plaidoyer-pour-un-consensus-entre-autorites-et-partenaires-sociaux\/","title":{"rendered":"Rentr\u00e9e scolaire 2025 : plaidoyer pour un consensus entre autorit\u00e9s et partenaires sociaux"},"content":{"rendered":"<p>Conakry, le 27 ao\u00fbt 2025 \u2013 Alors que le minist\u00e8re de l\u2019\u00c9ducation nationale a fix\u00e9 la rentr\u00e9e scolaire au 15 septembre 2025, des voix s\u2019\u00e9l\u00e8vent au sein du mouvement syndical pour demander un r\u00e9examen de cette d\u00e9cision. Au c\u0153ur de ce d\u00e9bat, la n\u00e9cessit\u00e9 de concilier le respect des normes p\u00e9dagogiques internationales et les r\u00e9alit\u00e9s sociales nationales.<\/p>\n<p>Dans une d\u00e9claration adress\u00e9e aux acteurs du secteur, Ambassadeur Mamadou Bhoye Bald\u00e9, repr\u00e9sentant du UNESCO Center for Peace U.S en Guin\u00e9e, a tenu \u00e0 saluer les efforts entrepris depuis le 05 septembre 2021 par le CNRD et l\u2019ensemble des artisans de l\u2019\u00e9ducation. Il a rappel\u00e9 que la refondation du syst\u00e8me \u00e9ducatif guin\u00e9en reste une entreprise collective, rendue possible gr\u00e2ce \u00e0 l\u2019implication des enseignants, des syndicats, des partenaires techniques et financiers.<\/p>\n<p>\u00ab Nous souhaitons vivement que cette dynamique soit maintenue, car elle constitue un atout pr\u00e9cieux pour l\u2019avenir de notre pays \u00bb, a soulign\u00e9 M. Bald\u00e9.<\/p>\n<h2>Des positions qui divergent<\/h2>\n<p>&nbsp;<\/p>\n<p>Le minist\u00e8re de l\u2019\u00c9ducation justifie la date du 15 septembre par la n\u00e9cessit\u00e9 de garantir neuf mois de cours effectifs, conform\u00e9ment aux standards internationaux, afin d\u2019assurer une meilleure pr\u00e9paration des \u00e9l\u00e8ves aux examens. Une d\u00e9cision qualifi\u00e9e de \u00ab salutaire \u00bb par plusieurs observateurs.<\/p>\n<p>Toutefois, cette position ne fait pas l\u2019unanimit\u00e9. Des r\u00e9serves ont \u00e9t\u00e9 exprim\u00e9es par des syndicats, notamment par le doyen Aboubacar Soumah, figure syndicale majeure du secteur, qui estime que la date annonc\u00e9e ne tient pas compte de certaines contraintes sociales et professionnelles des enseignants.<\/p>\n<h2>Appel au dialogue et \u00e0 la concertation<\/h2>\n<p>&nbsp;<\/p>\n<p>Pour l\u2019Ambassadeur Bald\u00e9, la solution r\u00e9side dans un retour \u00e0 la table des n\u00e9gociations :<\/p>\n<p>\u00ab Il n\u2019est pas trop tard pour privil\u00e9gier la voie du dialogue et rechercher un compromis. Un consensus \u00e9quilibr\u00e9 et accept\u00e9 par toutes les parties serait sans nul doute plus b\u00e9n\u00e9fique pour l\u2019\u00e9cole guin\u00e9enne et pour l\u2019int\u00e9r\u00eat sup\u00e9rieur de la Nation. \u00bb<\/p>\n<p>Ce plaidoyer intervient dans un contexte sensible, marqu\u00e9 par l\u2019approche des \u00e9lections, la c\u00e9l\u00e9bration prochaine de la f\u00eate de l\u2019ind\u00e9pendance et la volont\u00e9 affich\u00e9e des autorit\u00e9s de pr\u00e9server la paix sociale.<\/p>\n<h2>Pr\u00e9server la cohesion<\/h2>\n<p>En conclusion, M. Bald\u00e9 a invit\u00e9 les diff\u00e9rents acteurs de l\u2019\u00e9ducation \u00e0 \u00ab entretenir le climat de confiance \u00bb et \u00e0 \u00ab faire preuve de sagesse et de camaraderie \u00bb pour \u00e9viter toute crise dans le secteur.<\/p>\n<p>\u00ab Pr\u00e9venir vaut toujours mieux que gu\u00e9rir \u00bb, a-t-il rappel\u00e9, insistant sur la responsabilit\u00e9 collective de maintenir la coh\u00e9sion nationale \u00e0 travers un dialogue constructif.<\/p>\n<p><strong>Mamadou Bhoye Bald\u00e9, Ambassadeur pour la paix de l\u2019UNESCO Center for Peace des USA en Guin\u00e9e<\/strong><\/p>\n","protected":false},"excerpt":{"rendered":"<p>Conakry, le 27 ao\u00fbt 2025 \u2013 Alors que le minist\u00e8re de l\u2019\u00c9ducation nationale a fix\u00e9 la rentr\u00e9e scolaire au 15 septembre 2025, des voix s\u2019\u00e9l\u00e8vent au sein du mouvement syndical pour demander un r\u00e9examen de cette d\u00e9cision. Au c\u0153ur de ce d\u00e9bat, la n\u00e9cessit\u00e9 de concilier le respect des normes p\u00e9dagogiques internationales et les r\u00e9alit\u00e9s [&hellip;]<\/p>\n","protected":false},"author":2,"featured_media":37081,"comment_status":"open","ping_status":"closed","sticky":false,"template":"","format":"standard","meta":{"buzzeditor_post_format":"","footnotes":""},"categories":[42],"tags":[],"class_list":["post-37080","post","type-post","status-publish","format-standard","has-post-thumbnail","hentry","category-news"],"jetpack_featured_media_url":"https:\/\/guineechrono.com\/wp-content\/uploads\/2025\/08\/IMG-20250827-WA0223.jpg","amp_enabled":true,"_links":{"self":[{"href":"https:\/\/guineechrono.com\/index.php\/wp-json\/wp\/v2\/posts\/37080","targetHints":{"allow":["GET"]}}],"collection":[{"href":"https:\/\/guineechrono.com\/index.php\/wp-json\/wp\/v2\/posts"}],"about":[{"href":"https:\/\/guineechrono.com\/index.php\/wp-json\/wp\/v2\/types\/post"}],"author":[{"embeddable":true,"href":"https:\/\/guineechrono.com\/index.php\/wp-json\/wp\/v2\/users\/2"}],"replies":[{"embeddable":true,"href":"https:\/\/guineechrono.com\/index.php\/wp-json\/wp\/v2\/comments?post=37080"}],"version-history":[{"count":1,"href":"https:\/\/guineechrono.com\/index.php\/wp-json\/wp\/v2\/posts\/37080\/revisions"}],"predecessor-version":[{"id":37082,"href":"https:\/\/guineechrono.com\/index.php\/wp-json\/wp\/v2\/posts\/37080\/revisions\/37082"}],"wp:featuredmedia":[{"embeddable":true,"href":"https:\/\/guineechrono.com\/index.php\/wp-json\/wp\/v2\/media\/37081"}],"wp:attachment":[{"href":"https:\/\/guineechrono.com\/index.php\/wp-json\/wp\/v2\/media?parent=37080"}],"wp:term":[{"taxonomy":"category","embeddable":true,"href":"https:\/\/guineechrono.com\/index.php\/wp-json\/wp\/v2\/categories?post=37080"},{"taxonomy":"post_tag","embeddable":true,"href":"https:\/\/guineechrono.com\/index.php\/wp-json\/wp\/v2\/tags?post=37080"}],"curies":[{"name":"wp","href":"https:\/\/api.w.org\/{rel}","templated":true}]}}