{"id":37083,"date":"2025-08-28T11:51:40","date_gmt":"2025-08-28T10:51:40","guid":{"rendered":"https:\/\/guineechrono.com\/?p=37083"},"modified":"2025-08-28T11:51:40","modified_gmt":"2025-08-28T10:51:40","slug":"internationale-mamadou-bhoye-balde-salue-la-participation-de-la-guinee-a-la-conference-mondiale-des-maires-des-nations-unies-a-washington-d-c","status":"publish","type":"post","link":"https:\/\/guineechrono.com\/index.php\/internationale-mamadou-bhoye-balde-salue-la-participation-de-la-guinee-a-la-conference-mondiale-des-maires-des-nations-unies-a-washington-d-c\/","title":{"rendered":"Internationale : Mamadou Bhoye Bald\u00e9 salue la participation de la Guin\u00e9e \u00e0 la Conf\u00e9rence mondiale des Maires des Nations Unies \u00e0 Washington D.C."},"content":{"rendered":"<p>Nous exprimons toute notre fiert\u00e9 de voir la R\u00e9publique de Guin\u00e9e activement repr\u00e9sent\u00e9e \u00e0 la Conf\u00e9rence mondiale des maires des Nations Unies, tenue \u00e0 Washington D.C., aux \u00c9tats-Unis. Cette participation illustre non seulement l\u2019engagement constant de notre pays sur la sc\u00e8ne internationale, mais \u00e9galement sa volont\u00e9 de contribuer au dialogue mondial sur le d\u00e9veloppement durable, la gouvernance locale et la coop\u00e9ration internationale.<\/p>\n<p><a href=\"https:\/\/guineechrono.com\/wp-content\/uploads\/2025\/08\/FB_IMG_1756374891826.jpg\"><img fetchpriority=\"high\" decoding=\"async\" class=\"alignleft size-medium wp-image-37085\" src=\"https:\/\/guineechrono.com\/wp-content\/uploads\/2025\/08\/FB_IMG_1756374891826-300x225.jpg\" alt=\"\" width=\"300\" height=\"225\" srcset=\"https:\/\/guineechrono.com\/wp-content\/uploads\/2025\/08\/FB_IMG_1756374891826-300x225.jpg 300w, https:\/\/guineechrono.com\/wp-content\/uploads\/2025\/08\/FB_IMG_1756374891826-1024x768.jpg 1024w, https:\/\/guineechrono.com\/wp-content\/uploads\/2025\/08\/FB_IMG_1756374891826-768x576.jpg 768w, https:\/\/guineechrono.com\/wp-content\/uploads\/2025\/08\/FB_IMG_1756374891826-1536x1152.jpg 1536w, https:\/\/guineechrono.com\/wp-content\/uploads\/2025\/08\/FB_IMG_1756374891826-80x60.jpg 80w, https:\/\/guineechrono.com\/wp-content\/uploads\/2025\/08\/FB_IMG_1756374891826-265x198.jpg 265w, https:\/\/guineechrono.com\/wp-content\/uploads\/2025\/08\/FB_IMG_1756374891826-696x522.jpg 696w, https:\/\/guineechrono.com\/wp-content\/uploads\/2025\/08\/FB_IMG_1756374891826-1068x801.jpg 1068w, https:\/\/guineechrono.com\/wp-content\/uploads\/2025\/08\/FB_IMG_1756374891826-560x420.jpg 560w, https:\/\/guineechrono.com\/wp-content\/uploads\/2025\/08\/FB_IMG_1756374891826-1920x1440.jpg 1920w, https:\/\/guineechrono.com\/wp-content\/uploads\/2025\/08\/FB_IMG_1756374891826.jpg 2000w\" sizes=\"(max-width: 300px) 100vw, 300px\" \/><\/a><\/p>\n<p>&nbsp;<\/p>\n<p>&nbsp;<\/p>\n<p>&nbsp;<\/p>\n<p>&nbsp;<\/p>\n<p>Nous adressons nos chaleureuses f\u00e9licitations \u00e0 Son Excellence Monsieur l\u2019Ambassadeur Ch\u00e9rif Bald\u00e9, diplomate gambien d\u2019exception, dont le leadership et l\u2019esprit de coop\u00e9ration ont permis de faciliter la participation de la majorit\u00e9 des d\u00e9l\u00e9gations africaines \u00e0 cette importante rencontre. Par son action, il incarne l\u2019exemplarit\u00e9 d\u2019une diplomatie africaine unie, visionnaire et tourn\u00e9e vers l\u2019avenir.<\/p>\n<p>L\u2019Afrique peut \u00eatre fi\u00e8re de compter sur de tels hommes de valeur, qui \u0153uvrent sans rel\u00e2che pour renforcer la visibilit\u00e9 de notre continent et pour b\u00e2tir des passerelles solides avec les autres r\u00e9gions du monde.<\/p>\n<p>Cette conf\u00e9rence constitue une opportunit\u00e9 unique de consolider les relations entre l\u2019Afrique et les \u00c9tats-Unis d\u2019Am\u00e9rique, en promouvant une coop\u00e9ration plus dynamique dans les domaines de la gouvernance urbaine, du d\u00e9veloppement \u00e9conomique, de l\u2019\u00e9ducation, de la paix et de la prosp\u00e9rit\u00e9 partag\u00e9e.<\/p>\n<p><a href=\"https:\/\/guineechrono.com\/wp-content\/uploads\/2025\/08\/FB_IMG_1756374867067.jpg\"><img decoding=\"async\" class=\"alignleft size-medium wp-image-37086\" src=\"https:\/\/guineechrono.com\/wp-content\/uploads\/2025\/08\/FB_IMG_1756374867067-225x300.jpg\" alt=\"\" width=\"225\" height=\"300\" srcset=\"https:\/\/guineechrono.com\/wp-content\/uploads\/2025\/08\/FB_IMG_1756374867067-225x300.jpg 225w, https:\/\/guineechrono.com\/wp-content\/uploads\/2025\/08\/FB_IMG_1756374867067-768x1024.jpg 768w, https:\/\/guineechrono.com\/wp-content\/uploads\/2025\/08\/FB_IMG_1756374867067-1152x1536.jpg 1152w, https:\/\/guineechrono.com\/wp-content\/uploads\/2025\/08\/FB_IMG_1756374867067-696x928.jpg 696w, https:\/\/guineechrono.com\/wp-content\/uploads\/2025\/08\/FB_IMG_1756374867067-1068x1424.jpg 1068w, https:\/\/guineechrono.com\/wp-content\/uploads\/2025\/08\/FB_IMG_1756374867067-315x420.jpg 315w, https:\/\/guineechrono.com\/wp-content\/uploads\/2025\/08\/FB_IMG_1756374867067.jpg 1536w\" sizes=\"(max-width: 225px) 100vw, 225px\" \/><\/a><\/p>\n<p>&nbsp;<\/p>\n<p>&nbsp;<\/p>\n<p>&nbsp;<\/p>\n<p>&nbsp;<\/p>\n<p>&nbsp;<\/p>\n<p>Ensemble, dans un esprit de solidarit\u00e9 et de fraternit\u00e9, nous continuerons \u00e0 travailler \u00e0 l\u2019\u00e9dification de liens plus \u00e9troits et plus fructueux entre l\u2019Afrique et les \u00c9tats-Unis, au b\u00e9n\u00e9fice de nos peuples et des g\u00e9n\u00e9rations futures.<\/p>\n<p>Avec espoir et d\u00e9termination,<\/p>\n<p><strong>Ambassadeur Mamadou Bhoye Bald\u00e9<\/strong><\/p>\n<p><strong>Pour la Paix et la Prosp\u00e9rit\u00e9 de l\u2019Afrique et des \u00c9tats-Unis <\/strong><\/p>\n","protected":false},"excerpt":{"rendered":"<p>Nous exprimons toute notre fiert\u00e9 de voir la R\u00e9publique de Guin\u00e9e activement repr\u00e9sent\u00e9e \u00e0 la Conf\u00e9rence mondiale des maires des Nations Unies, tenue \u00e0 Washington D.C., aux \u00c9tats-Unis. Cette participation illustre non seulement l\u2019engagement constant de notre pays sur la sc\u00e8ne internationale, mais \u00e9galement sa volont\u00e9 de contribuer au dialogue mondial sur le d\u00e9veloppement durable, [&hellip;]<\/p>\n","protected":false},"author":2,"featured_media":37084,"comment_status":"open","ping_status":"closed","sticky":false,"template":"","format":"standard","meta":{"buzzeditor_post_format":"","footnotes":""},"categories":[42],"tags":[],"class_list":["post-37083","post","type-post","status-publish","format-standard","has-post-thumbnail","hentry","category-news"],"jetpack_featured_media_url":"https:\/\/guineechrono.com\/wp-content\/uploads\/2025\/08\/FB_IMG_1756374903144.jpg","amp_enabled":true,"_links":{"self":[{"href":"https:\/\/guineechrono.com\/index.php\/wp-json\/wp\/v2\/posts\/37083","targetHints":{"allow":["GET"]}}],"collection":[{"href":"https:\/\/guineechrono.com\/index.php\/wp-json\/wp\/v2\/posts"}],"about":[{"href":"https:\/\/guineechrono.com\/index.php\/wp-json\/wp\/v2\/types\/post"}],"author":[{"embeddable":true,"href":"https:\/\/guineechrono.com\/index.php\/wp-json\/wp\/v2\/users\/2"}],"replies":[{"embeddable":true,"href":"https:\/\/guineechrono.com\/index.php\/wp-json\/wp\/v2\/comments?post=37083"}],"version-history":[{"count":1,"href":"https:\/\/guineechrono.com\/index.php\/wp-json\/wp\/v2\/posts\/37083\/revisions"}],"predecessor-version":[{"id":37087,"href":"https:\/\/guineechrono.com\/index.php\/wp-json\/wp\/v2\/posts\/37083\/revisions\/37087"}],"wp:featuredmedia":[{"embeddable":true,"href":"https:\/\/guineechrono.com\/index.php\/wp-json\/wp\/v2\/media\/37084"}],"wp:attachment":[{"href":"https:\/\/guineechrono.com\/index.php\/wp-json\/wp\/v2\/media?parent=37083"}],"wp:term":[{"taxonomy":"category","embeddable":true,"href":"https:\/\/guineechrono.com\/index.php\/wp-json\/wp\/v2\/categories?post=37083"},{"taxonomy":"post_tag","embeddable":true,"href":"https:\/\/guineechrono.com\/index.php\/wp-json\/wp\/v2\/tags?post=37083"}],"curies":[{"name":"wp","href":"https:\/\/api.w.org\/{rel}","templated":true}]}}