{"id":37088,"date":"2025-08-28T13:57:56","date_gmt":"2025-08-28T12:57:56","guid":{"rendered":"https:\/\/guineechrono.com\/?p=37088"},"modified":"2025-08-28T13:57:56","modified_gmt":"2025-08-28T12:57:56","slug":"conakry-plus-de-300-000-contractuels-temporaires-reclament-leur-engagement-a-la-fonction-publique-declaration","status":"publish","type":"post","link":"https:\/\/guineechrono.com\/index.php\/conakry-plus-de-300-000-contractuels-temporaires-reclament-leur-engagement-a-la-fonction-publique-declaration\/","title":{"rendered":"Conakry : plus de 300 000 contractuels temporaires r\u00e9clament leur engagement \u00e0 la fonction publique (D\u00e9claration)"},"content":{"rendered":"<p>Nous, membres du Collectif des Contractuels Temporaires de Guin\u00e9e (CCTG), tenons \u00e0 exprimer publiquement nos pr\u00e9occupations et \u00e0 attirer I\u2019attention de son Excellence le G\u00e9n\u00e9ral Mamadi DOUMBOUYA Pr\u00e9sident de la R\u00e9publique, du Premier Ministre Chef du Gouvernement Monsieur Amadou Oury BAH, des membres du CNRD et des membres du Gouvernement sur la situation des contractuels temporaires en service dans les diff\u00e9rents d\u00e9partements minist\u00e9riels.<\/p>\n<p>Le Collectif des Contractuels Temporaires de Guin\u00e9e a \u00e9t\u00e9 cr\u00e9\u00e9 pour f\u00e9d\u00e9rer les efforts des agents contractuels temporaires des diff\u00e9rents d\u00e9partements minist\u00e9riels.<\/p>\n<p>Notre objectif est de mener des actions pour une reconnaissance officielle et \u00e9quitable de notre contribution au fonctionnement des institutions publiques afin que nous soyons engag\u00e9s d\u00e9finitivement dans les effectifs de la fonction publique.<\/p>\n<p>Depuis sa cr\u00e9ation, le CCTG s\u2019est engag\u00e9 dans un processus de dialogue constructif et responsable pour informer et plaider les autorit\u00e9s et partenaires sociaux \u00e0 la n\u00e9cessit\u00e9 de revaloriser notre statut.<\/p>\n<p>Nombreux parmi nous comptent plus de dix ans d\u2019exp\u00e9rience avec un salaire d\u00e9risoire de 550 000 FG dans les minist\u00e8res et institutions publiques du pays. Certains occupent m\u00eame des postes de responsabilit\u00e9 strat\u00e9gique, participant activement \u00e0 la prise de d\u00e9cisions et \u00e0 l\u2019ex\u00e9cution des politiques publiques de l\u2019\u00c9tat.<\/p>\n<p>Malgr\u00e9 nos ann\u00e9es de service et notre implication, notre statut demeure pr\u00e9caire. Nos primes et avantages ne refl\u00e8tent ni notre anciennet\u00e9 ni les responsabilit\u00e9s que nous assumons. Cette situation devient particuli\u00e8rement pr\u00e9occupante dans un Contexte actuel marqu\u00e9 par une hausse du cout de la vie et une pr\u00e9carit\u00e9 \u00e9conomique accrue. Nous avons salu\u00e9 l\u2019initiative du Gouvernement par rapport aux op\u00e9rations de toilettage sur le fichier des contractuels, cela nous a permis d\u2019obtenir un fichier propre avec un nombre de CT r\u00e9duit d\u2019une mani\u00e8re consid\u00e9rable. Mais nous Constatons la publication sans concours d\u2019arr\u00eat\u00e9s paradoxalement d\u2019engagement de nouveaux fonctionnaires. Nous Condamnons avec fermet\u00e9 cet \u00e9tat de fait et sollicitons sans d\u00e9lais I\u2019engagement des contractuels temporaires enr\u00f4l\u00e9s dans le fichier EICAS dont les salaires sont vir\u00e9s dans les diff\u00e9rentes banques du pays.<\/p>\n<p>Aujourd\u2019hui, nous affirmons haut et fort que nous avons fait nos preuves sur le ferrain par notre comp\u00e9tence, notre d\u00e9vouement et notre sens du devoir nous r\u00e9clamons notre droit \u00e0 la stabilit\u00e9 de l\u2019emploi et \u00e0 une reconnaissance institutionnelle \u00e9quitable \u00e0 travers notre engagement \u00e0 la fonction publique.<\/p>\n<p>Nous refusons d\u2019\u00eatre oubli\u00e9s, marginalis\u00e9s ou maintenus dans une incertitude permanente alors que nous contribuons activement au d\u00e9veloppement du pays; Nous restons mobilis\u00e9s, unis et pacifiques, mais d\u00e9termin\u00e9s \u00e0 faire valoir nos droits par tous les moyens l\u00e9gaux, y compris les plaidoyers, les sensibilisations, les actions syndicales et les manifestations pacifiques.<\/p>\n<p>Nous lan\u00e7ons un appel aux autorit\u00e9s guin\u00e9ennes de soutenir notre cause juste et noble. Il ne s\u2019agit pas d\u2019un privil\u00e8ge que nous demandons, mais d\u2019une reconnaissance m\u00e9rit\u00e9e d\u2019un service d\u00e9j\u00e0 rendu \u00e0 la nation. Le collectif r\u00e9affirme son engagement \u00e0 poursuivre le service avec loyaut\u00e9 et d\u00e9termination. Toutefois, il reste ouvert au dialogue et esp\u00e8re que les autorit\u00e9s poseront rapidement des actes concrets pour r\u00e9pondre \u00e0 cette revendication l\u00e9gitime.<\/p>\n<p>Vive la R\u00e9publique de Guin\u00e9e<\/p>\n<p>Vive le G\u00e9n\u00e9ral Mamadi DOUMBOUYA<\/p>\n<p>Vive le CNRD<\/p>\n<p>Vive le mouvement syndical<\/p>\n<p>Vive le CCTG<\/p>\n<p>Que Dieu b\u00e9nisse la Guin\u00e9e et les Guin\u00e9ens pour le Collectif des Contractuels Temporaires de Guin\u00e9e (CCTG)<\/p>\n<p>La Commission de Coordination G\u00e9n\u00e9rale<\/p>\n<p>&nbsp;<\/p>\n","protected":false},"excerpt":{"rendered":"<p>Nous, membres du Collectif des Contractuels Temporaires de Guin\u00e9e (CCTG), tenons \u00e0 exprimer publiquement nos pr\u00e9occupations et \u00e0 attirer I\u2019attention de son Excellence le G\u00e9n\u00e9ral Mamadi DOUMBOUYA Pr\u00e9sident de la R\u00e9publique, du Premier Ministre Chef du Gouvernement Monsieur Amadou Oury BAH, des membres du CNRD et des membres du Gouvernement sur la situation des contractuels [&hellip;]<\/p>\n","protected":false},"author":2,"featured_media":37089,"comment_status":"open","ping_status":"closed","sticky":false,"template":"","format":"standard","meta":{"buzzeditor_post_format":"","footnotes":""},"categories":[42],"tags":[],"class_list":["post-37088","post","type-post","status-publish","format-standard","has-post-thumbnail","hentry","category-news"],"jetpack_featured_media_url":"https:\/\/guineechrono.com\/wp-content\/uploads\/2025\/08\/contractuels.webp","amp_enabled":true,"_links":{"self":[{"href":"https:\/\/guineechrono.com\/index.php\/wp-json\/wp\/v2\/posts\/37088","targetHints":{"allow":["GET"]}}],"collection":[{"href":"https:\/\/guineechrono.com\/index.php\/wp-json\/wp\/v2\/posts"}],"about":[{"href":"https:\/\/guineechrono.com\/index.php\/wp-json\/wp\/v2\/types\/post"}],"author":[{"embeddable":true,"href":"https:\/\/guineechrono.com\/index.php\/wp-json\/wp\/v2\/users\/2"}],"replies":[{"embeddable":true,"href":"https:\/\/guineechrono.com\/index.php\/wp-json\/wp\/v2\/comments?post=37088"}],"version-history":[{"count":1,"href":"https:\/\/guineechrono.com\/index.php\/wp-json\/wp\/v2\/posts\/37088\/revisions"}],"predecessor-version":[{"id":37090,"href":"https:\/\/guineechrono.com\/index.php\/wp-json\/wp\/v2\/posts\/37088\/revisions\/37090"}],"wp:featuredmedia":[{"embeddable":true,"href":"https:\/\/guineechrono.com\/index.php\/wp-json\/wp\/v2\/media\/37089"}],"wp:attachment":[{"href":"https:\/\/guineechrono.com\/index.php\/wp-json\/wp\/v2\/media?parent=37088"}],"wp:term":[{"taxonomy":"category","embeddable":true,"href":"https:\/\/guineechrono.com\/index.php\/wp-json\/wp\/v2\/categories?post=37088"},{"taxonomy":"post_tag","embeddable":true,"href":"https:\/\/guineechrono.com\/index.php\/wp-json\/wp\/v2\/tags?post=37088"}],"curies":[{"name":"wp","href":"https:\/\/api.w.org\/{rel}","templated":true}]}}