{"id":37117,"date":"2025-08-30T15:48:00","date_gmt":"2025-08-30T14:48:00","guid":{"rendered":"https:\/\/guineechrono.com\/?p=37117"},"modified":"2025-08-30T15:48:00","modified_gmt":"2025-08-30T14:48:00","slug":"le-sppg-a-lotan-une-reconnaissance-historique-pour-la-presse-guineenne","status":"publish","type":"post","link":"https:\/\/guineechrono.com\/index.php\/le-sppg-a-lotan-une-reconnaissance-historique-pour-la-presse-guineenne\/","title":{"rendered":"Le SPPG \u00e0 l\u2019OTAN : Une Reconnaissance Historique pour la Presse Guin\u00e9enne"},"content":{"rendered":"<p>Le Syndicat des Professionnels de la Presse de Guin\u00e9e (SPPG) vient de franchir une \u00e9tape majeure dans sa reconnaissance internationale en \u00e9tant invit\u00e9 officiellement au si\u00e8ge de l\u2019OTAN, \u00e0 Bruxelles. Cette visite historique, r\u00e9alis\u00e9e en partenariat avec l\u2019organisation belge EN-GAJE, marque la premi\u00e8re fois qu\u2019une d\u00e9l\u00e9gation de la presse guin\u00e9enne acc\u00e8de \u00e0 une institution d\u2019une telle envergure sur la sc\u00e8ne diplomatique mondiale.<\/p>\n<p>Cet \u00e9v\u00e9nement symbolise la mont\u00e9e en puissance du SPPG, dont le bureau europ\u00e9en, dirig\u00e9 par Mohamed Aly Pendessa, joue un r\u00f4le cl\u00e9 dans la strat\u00e9gie de diplomatie syndicale impuls\u00e9e par le Bureau National.<\/p>\n<p>Depuis son adh\u00e9sion \u00e0 la F\u00e9d\u00e9ration Internationale des Journalistes (FIJ) en f\u00e9vrier 2025, le SPPG \u0153uvre activement pour renforcer sa pr\u00e9sence \u00e0 l\u2019\u00e9chelle internationale. EN-GAJE, partenaire reconnu pour son engagement en faveur des droits des journalistes, consolide cette l\u00e9gitimit\u00e9 et ouvre au syndicat l\u2019acc\u00e8s \u00e0 des forums internationaux ainsi qu\u2019aux r\u00e9seaux diplomatiques europ\u00e9ens.<\/p>\n<p>Cette mission d\u00e9passe le seul cadre syndical : elle valorise l\u2019image de la Guin\u00e9e en Europe, positionne le SPPG comme un mod\u00e8le pour les syndicats africains et ouvre de nouvelles perspectives en mati\u00e8re de formation, de coop\u00e9ration et de plaidoyer en faveur de la libert\u00e9 de la presse.<\/p>\n<p><strong>Service_Communication_du_SPPG<\/strong><\/p>\n","protected":false},"excerpt":{"rendered":"<p>Le Syndicat des Professionnels de la Presse de Guin\u00e9e (SPPG) vient de franchir une \u00e9tape majeure dans sa reconnaissance internationale en \u00e9tant invit\u00e9 officiellement au si\u00e8ge de l\u2019OTAN, \u00e0 Bruxelles. Cette visite historique, r\u00e9alis\u00e9e en partenariat avec l\u2019organisation belge EN-GAJE, marque la premi\u00e8re fois qu\u2019une d\u00e9l\u00e9gation de la presse guin\u00e9enne acc\u00e8de \u00e0 une institution d\u2019une [&hellip;]<\/p>\n","protected":false},"author":2,"featured_media":37118,"comment_status":"open","ping_status":"closed","sticky":false,"template":"","format":"standard","meta":{"buzzeditor_post_format":"","footnotes":""},"categories":[42],"tags":[],"class_list":["post-37117","post","type-post","status-publish","format-standard","has-post-thumbnail","hentry","category-news"],"jetpack_featured_media_url":"https:\/\/guineechrono.com\/wp-content\/uploads\/2025\/08\/otann.webp","amp_enabled":true,"_links":{"self":[{"href":"https:\/\/guineechrono.com\/index.php\/wp-json\/wp\/v2\/posts\/37117","targetHints":{"allow":["GET"]}}],"collection":[{"href":"https:\/\/guineechrono.com\/index.php\/wp-json\/wp\/v2\/posts"}],"about":[{"href":"https:\/\/guineechrono.com\/index.php\/wp-json\/wp\/v2\/types\/post"}],"author":[{"embeddable":true,"href":"https:\/\/guineechrono.com\/index.php\/wp-json\/wp\/v2\/users\/2"}],"replies":[{"embeddable":true,"href":"https:\/\/guineechrono.com\/index.php\/wp-json\/wp\/v2\/comments?post=37117"}],"version-history":[{"count":1,"href":"https:\/\/guineechrono.com\/index.php\/wp-json\/wp\/v2\/posts\/37117\/revisions"}],"predecessor-version":[{"id":37119,"href":"https:\/\/guineechrono.com\/index.php\/wp-json\/wp\/v2\/posts\/37117\/revisions\/37119"}],"wp:featuredmedia":[{"embeddable":true,"href":"https:\/\/guineechrono.com\/index.php\/wp-json\/wp\/v2\/media\/37118"}],"wp:attachment":[{"href":"https:\/\/guineechrono.com\/index.php\/wp-json\/wp\/v2\/media?parent=37117"}],"wp:term":[{"taxonomy":"category","embeddable":true,"href":"https:\/\/guineechrono.com\/index.php\/wp-json\/wp\/v2\/categories?post=37117"},{"taxonomy":"post_tag","embeddable":true,"href":"https:\/\/guineechrono.com\/index.php\/wp-json\/wp\/v2\/tags?post=37117"}],"curies":[{"name":"wp","href":"https:\/\/api.w.org\/{rel}","templated":true}]}}