{"id":37129,"date":"2025-09-01T11:11:22","date_gmt":"2025-09-01T10:11:22","guid":{"rendered":"https:\/\/guineechrono.com\/?p=37129"},"modified":"2025-09-01T11:11:22","modified_gmt":"2025-09-01T10:11:22","slug":"referendum-du-21-septembre-2025-des-responsables-du-mouvements-independant-de-faranah-soutiennent-le-oui-declaration","status":"publish","type":"post","link":"https:\/\/guineechrono.com\/index.php\/referendum-du-21-septembre-2025-des-responsables-du-mouvements-independant-de-faranah-soutiennent-le-oui-declaration\/","title":{"rendered":"R\u00e9f\u00e9rendum du 21 septembre 2025 : des responsables du Mouvements Ind\u00e9pendant  de Faranah soutiennent le \u2018\u2019OUI\u2019\u2019 (d\u00e9claration)"},"content":{"rendered":"<p>En soutien au r\u00e9f\u00e9rendum constitutionnel du 21 septembre 2025<\/p>\n<p>Les responsables du Mouvement Ind\u00e9pendant de Faranah, conscient de la responsabilit\u00e9 historique qui incombe \u00e0 notre r\u00e9gion et \u00e0 notre pays, d\u00e9clarent solennellement leur soutien au \u201cOUI\u201d lors du r\u00e9f\u00e9rendum constitutionnel pr\u00e9vu le 21 septembre 2025.<\/p>\n<p>Notre engagement s\u2019inscrit dans la continuit\u00e9 de l\u2019action politique du Mouvement, reconnu pour sa victoire historique \u00e0 la Commune Urbaine de Faranah en 2018, et dans la conviction que cette nouvelle Constitution :<\/p>\n<p>Respecte et rassemble notre peuple en prenant en compte la diversit\u00e9 culturelle, sociale et historique de la Guin\u00e9e ;<\/p>\n<p>Renforce les droits et libert\u00e9s des citoyens, en garantissant l\u2019\u00e9coute et la participation de tous ;<\/p>\n<p>Consolide la d\u00e9mocratie locale, en donnant plus de pouvoir aux collectivit\u00e9s pour g\u00e9rer leur d\u00e9veloppement ;<\/p>\n<p>Assure des institutions solides et \u00e9quilibr\u00e9es, pour que jamais aucun pouvoir ne soit au-dessus du peuple.<\/p>\n<p>Les responsables du Mouvement Ind\u00e9pendant de Faranah s\u2019engagent \u00e0 se d\u00e9ployer sur l\u2019ensemble du territoire de la circonscription \u00e9lectorale, ainsi que dans nos repr\u00e9sentations nationales et internationales, afin de mobiliser nos concitoyens pour un vote massif en faveur du \u201cOUI\u201d.<\/p>\n<p>Nous appelons tous les habitants de Faranah, femmes, hommes, jeunes et sages, \u00e0 participer activement \u00e0 ce scrutin, en faisant un choix de unit\u00e9, d\u2019espoir et de progr\u00e8s pour notre r\u00e9gion et pour l\u2019ensemble de la Guin\u00e9e.<\/p>\n<p>Pour Faranah, pour la Guin\u00e9e, pour l\u2019unit\u00e9 nationale : Votons OUI !<\/p>\n<p><strong>Fait \u00e0 Faranah, le 1<sup>er<\/sup> septembre 2025<\/strong><\/p>\n<p><strong>Les responsables du Mouvement Ind\u00e9pendant de Faranah<\/strong><\/p>\n<p>&nbsp;<\/p>\n","protected":false},"excerpt":{"rendered":"<p>En soutien au r\u00e9f\u00e9rendum constitutionnel du 21 septembre 2025 Les responsables du Mouvement Ind\u00e9pendant de Faranah, conscient de la responsabilit\u00e9 historique qui incombe \u00e0 notre r\u00e9gion et \u00e0 notre pays, d\u00e9clarent solennellement leur soutien au \u201cOUI\u201d lors du r\u00e9f\u00e9rendum constitutionnel pr\u00e9vu le 21 septembre 2025. Notre engagement s\u2019inscrit dans la continuit\u00e9 de l\u2019action politique du [&hellip;]<\/p>\n","protected":false},"author":2,"featured_media":37130,"comment_status":"open","ping_status":"closed","sticky":false,"template":"","format":"standard","meta":{"buzzeditor_post_format":"","footnotes":""},"categories":[42],"tags":[],"class_list":["post-37129","post","type-post","status-publish","format-standard","has-post-thumbnail","hentry","category-news"],"jetpack_featured_media_url":"https:\/\/guineechrono.com\/wp-content\/uploads\/2025\/09\/IMG-20250901-WA0004.jpg","amp_enabled":true,"_links":{"self":[{"href":"https:\/\/guineechrono.com\/index.php\/wp-json\/wp\/v2\/posts\/37129","targetHints":{"allow":["GET"]}}],"collection":[{"href":"https:\/\/guineechrono.com\/index.php\/wp-json\/wp\/v2\/posts"}],"about":[{"href":"https:\/\/guineechrono.com\/index.php\/wp-json\/wp\/v2\/types\/post"}],"author":[{"embeddable":true,"href":"https:\/\/guineechrono.com\/index.php\/wp-json\/wp\/v2\/users\/2"}],"replies":[{"embeddable":true,"href":"https:\/\/guineechrono.com\/index.php\/wp-json\/wp\/v2\/comments?post=37129"}],"version-history":[{"count":1,"href":"https:\/\/guineechrono.com\/index.php\/wp-json\/wp\/v2\/posts\/37129\/revisions"}],"predecessor-version":[{"id":37131,"href":"https:\/\/guineechrono.com\/index.php\/wp-json\/wp\/v2\/posts\/37129\/revisions\/37131"}],"wp:featuredmedia":[{"embeddable":true,"href":"https:\/\/guineechrono.com\/index.php\/wp-json\/wp\/v2\/media\/37130"}],"wp:attachment":[{"href":"https:\/\/guineechrono.com\/index.php\/wp-json\/wp\/v2\/media?parent=37129"}],"wp:term":[{"taxonomy":"category","embeddable":true,"href":"https:\/\/guineechrono.com\/index.php\/wp-json\/wp\/v2\/categories?post=37129"},{"taxonomy":"post_tag","embeddable":true,"href":"https:\/\/guineechrono.com\/index.php\/wp-json\/wp\/v2\/tags?post=37129"}],"curies":[{"name":"wp","href":"https:\/\/api.w.org\/{rel}","templated":true}]}}