{"id":37150,"date":"2025-09-02T11:50:52","date_gmt":"2025-09-02T10:50:52","guid":{"rendered":"https:\/\/guineechrono.com\/?p=37150"},"modified":"2025-09-02T11:50:52","modified_gmt":"2025-09-02T10:50:52","slug":"referendum-du-21-septembre-oumar-camara-leader-du-mouvement-independant-de-faranah-appelle-a-voter-oui","status":"publish","type":"post","link":"https:\/\/guineechrono.com\/index.php\/referendum-du-21-septembre-oumar-camara-leader-du-mouvement-independant-de-faranah-appelle-a-voter-oui\/","title":{"rendered":"R\u00e9f\u00e9rendum du 21 septembre : Oumar Camara, leader du Mouvement Ind\u00e9pendant de Faranah, appelle \u00e0 voter \u00ab OUI \u00bb"},"content":{"rendered":"<p><strong>\u00c0 l\u2019approche du r\u00e9f\u00e9rendum constitutionnel pr\u00e9vu pour le 21 septembre 2025, le Mouvement Ind\u00e9pendant de Faranah a officiellement annonc\u00e9 son soutien au vote \u00ab OUI \u00bb. <\/strong><\/p>\n<p>Pour mieux comprendre les raisons de cette position, notre r\u00e9daction s\u2019est entretenue avec <strong>Oumar Camara<\/strong>, ancien maire de la commune urbaine de Faranah et premier responsable du Mouvement.<\/p>\n<p>D\u2019entr\u00e9e de jeu, Oumar Camara affirme que ce choix r\u00e9sulte d\u2019un long processus de concertation locale :<\/p>\n<p>\u00ab Apr\u00e8s des mois d\u2019\u00e9coute et d\u2019\u00e9changes avec les populations de Faranah, notre position est claire : Faranah dit OUI ! Cette nouvelle Constitution nous ressemble et nous rassemble. Elle prot\u00e8ge mieux les droits et les libert\u00e9s, renforce la d\u00e9mocratie locale, et \u00e9tablit des institutions solides, afin que plus jamais aucun pouvoir ne soit au-dessus du peuple. \u00bb<\/p>\n<p>Interrog\u00e9 sur les critiques qui consid\u00e8rent le r\u00e9f\u00e9rendum comme un simple exercice \u00e9lectoral, le leader du Mouvement balaie cette id\u00e9e :<\/p>\n<p>\u00ab Ce n\u2019est pas un scrutin ordinaire. C\u2019est un v\u00e9ritable choix de soci\u00e9t\u00e9. Voter OUI, c\u2019est choisir l\u2019unit\u00e9 plut\u00f4t que la division, l\u2019espoir plut\u00f4t que la peur, le progr\u00e8s plut\u00f4t que l\u2019immobilisme. \u00bb<\/p>\n<p>Le Mouvement Ind\u00e9pendant de Faranah entend s\u2019investir pleinement dans la campagne :<\/p>\n<p>\u00ab Nous irons partout : dans les quartiers, les districts, les villages. Nous rencontrerons les jeunes, les femmes, les sages. Notre mission est claire : mobiliser largement pour un vote massif en faveur du OUI. \u00bb<\/p>\n<p>Fid\u00e8le \u00e0 sa tradition politique, Faranah entend jouer un r\u00f4le de premier plan dans ce tournant constitutionnel :<\/p>\n<p>\u00ab Faranah est une terre de dignit\u00e9, d\u2019histoire et de courage. Quand Faranah se l\u00e8ve, c\u2019est toute la Guin\u00e9e qui avance. Nous voulons encore une fois montrer l\u2019exemple et rester en premi\u00e8re ligne pour construire l\u2019avenir de la nation. \u00bb<\/p>\n<p>En guise de message final, Oumar Camara invite l\u2019ensemble des citoyens \u00e0 s\u2019unir autour de ce projet :<\/p>\n<p>\u00ab Le 21 septembre, faisons entendre notre voix, faisons battre le c\u0153ur de la Guin\u00e9e ! Pour Faranah, pour la Guin\u00e9e, pour l\u2019unit\u00e9 nationale : votons OUI. \u00bb<\/p>\n<p><strong>Propos recueillis par Djiba Kouyat\u00e9<\/strong><\/p>\n<p>&nbsp;<\/p>\n","protected":false},"excerpt":{"rendered":"<p>\u00c0 l\u2019approche du r\u00e9f\u00e9rendum constitutionnel pr\u00e9vu pour le 21 septembre 2025, le Mouvement Ind\u00e9pendant de Faranah a officiellement annonc\u00e9 son soutien au vote \u00ab OUI \u00bb. Pour mieux comprendre les raisons de cette position, notre r\u00e9daction s\u2019est entretenue avec Oumar Camara, ancien maire de la commune urbaine de Faranah et premier responsable du Mouvement. D\u2019entr\u00e9e [&hellip;]<\/p>\n","protected":false},"author":2,"featured_media":37151,"comment_status":"open","ping_status":"closed","sticky":false,"template":"","format":"standard","meta":{"buzzeditor_post_format":"","footnotes":""},"categories":[42],"tags":[],"class_list":["post-37150","post","type-post","status-publish","format-standard","has-post-thumbnail","hentry","category-news"],"jetpack_featured_media_url":"https:\/\/guineechrono.com\/wp-content\/uploads\/2025\/09\/IMG-20250902-WA0013.jpg","amp_enabled":true,"_links":{"self":[{"href":"https:\/\/guineechrono.com\/index.php\/wp-json\/wp\/v2\/posts\/37150","targetHints":{"allow":["GET"]}}],"collection":[{"href":"https:\/\/guineechrono.com\/index.php\/wp-json\/wp\/v2\/posts"}],"about":[{"href":"https:\/\/guineechrono.com\/index.php\/wp-json\/wp\/v2\/types\/post"}],"author":[{"embeddable":true,"href":"https:\/\/guineechrono.com\/index.php\/wp-json\/wp\/v2\/users\/2"}],"replies":[{"embeddable":true,"href":"https:\/\/guineechrono.com\/index.php\/wp-json\/wp\/v2\/comments?post=37150"}],"version-history":[{"count":1,"href":"https:\/\/guineechrono.com\/index.php\/wp-json\/wp\/v2\/posts\/37150\/revisions"}],"predecessor-version":[{"id":37152,"href":"https:\/\/guineechrono.com\/index.php\/wp-json\/wp\/v2\/posts\/37150\/revisions\/37152"}],"wp:featuredmedia":[{"embeddable":true,"href":"https:\/\/guineechrono.com\/index.php\/wp-json\/wp\/v2\/media\/37151"}],"wp:attachment":[{"href":"https:\/\/guineechrono.com\/index.php\/wp-json\/wp\/v2\/media?parent=37150"}],"wp:term":[{"taxonomy":"category","embeddable":true,"href":"https:\/\/guineechrono.com\/index.php\/wp-json\/wp\/v2\/categories?post=37150"},{"taxonomy":"post_tag","embeddable":true,"href":"https:\/\/guineechrono.com\/index.php\/wp-json\/wp\/v2\/tags?post=37150"}],"curies":[{"name":"wp","href":"https:\/\/api.w.org\/{rel}","templated":true}]}}