{"id":37153,"date":"2025-09-02T17:59:33","date_gmt":"2025-09-02T16:59:33","guid":{"rendered":"https:\/\/guineechrono.com\/?p=37153"},"modified":"2025-09-02T17:59:33","modified_gmt":"2025-09-02T16:59:33","slug":"guinee-une-rentree-scolaire-apaisee-grace-a-un-leadership-eclaire-et-une-concertation-reussie","status":"publish","type":"post","link":"https:\/\/guineechrono.com\/index.php\/guinee-une-rentree-scolaire-apaisee-grace-a-un-leadership-eclaire-et-une-concertation-reussie\/","title":{"rendered":"Guin\u00e9e : une rentr\u00e9e scolaire apais\u00e9e gr\u00e2ce \u00e0 un leadership \u00e9clair\u00e9 et une concertation r\u00e9ussie"},"content":{"rendered":"<p><em>Conakry, 2 septembre 2025<\/em> \u2013 La Guin\u00e9e s\u2019appr\u00eate \u00e0 vivre une rentr\u00e9e scolaire plac\u00e9e sous le signe de l\u2019apaisement et de la concertation. Le Minist\u00e8re de l\u2019Enseignement Pr\u00e9\u2011universitaire et de l\u2019Alphab\u00e9tisation (MEPU-A), dirig\u00e9 par le Ministre Jean Paul C\u00e8dy, a proc\u00e9d\u00e9 \u00e0 un r\u00e9am\u00e9nagement du calendrier scolaire 2025-2026, initialement pr\u00e9vu en septembre. Cette d\u00e9cision intervient en raison de la tenue du scrutin constitutionnel pr\u00e9vu le 21 septembre 2025.<\/p>\n<p><strong>Un calendrier adapt\u00e9 pour pr\u00e9server la paix sociale<\/strong><\/p>\n<p>La rentr\u00e9e administrative est d\u00e9sormais fix\u00e9e au 25 septembre 2025, tandis que la rentr\u00e9e officielle des classes aura lieu le 6 octobre. Ce d\u00e9calage, salu\u00e9 par de nombreux observateurs nationaux et internationaux, vise \u00e0 permettre aux enseignants, encadreurs et autres membres de la communaut\u00e9 \u00e9ducative de participer sereinement au processus \u00e9lectoral, sans compromettre le bon d\u00e9roulement de l\u2019ann\u00e9e scolaire.<\/p>\n<p>\u00ab La paix vaut mieux que la raison \u00bb, a soulign\u00e9 l\u2019Ambassadeur Mamadou Bhoye Bald\u00e9, repr\u00e9sentant du <em>UNESCO Center for U.S.<\/em> en Guin\u00e9e, dans un communiqu\u00e9 saluant cette initiative.<\/p>\n<p><strong>Une synergie exemplaire entre les acteurs du secteur \u00e9ducatif<\/strong><\/p>\n<p>Cette d\u00e9cision est le fruit d\u2019une concertation approfondie entre le gouvernement, les syndicats de l\u2019\u00e9ducation, les directions acad\u00e9miques, ainsi que les inspections r\u00e9gionales et pr\u00e9fectorales. Ensemble, ces acteurs ont su faire preuve de maturit\u00e9 et de responsabilit\u00e9, d\u00e9montrant qu\u2019un dialogue constructif peut \u00eatre un levier de stabilit\u00e9 et de coh\u00e9sion sociale.<\/p>\n<p>Le MEPU-A se voit ainsi f\u00e9licit\u00e9 pour sa r\u00e9activit\u00e9, sa capacit\u00e9 d\u2019\u00e9coute et sa volont\u00e9 affirm\u00e9e de placer l\u2019int\u00e9r\u00eat des \u00e9l\u00e8ves et la paix sociale au c\u0153ur des priorit\u00e9s nationales.<\/p>\n<p><strong>Un signal fort en faveur de la stabilit\u00e9<\/strong><\/p>\n<p>En adaptant le calendrier scolaire pour tenir compte des r\u00e9alit\u00e9s politiques du pays, le gouvernement envoie un message clair : l\u2019\u00e9ducation et la stabilit\u00e9 nationale sont indissociables. Ce geste, \u00e0 la fois symbolique et pragmatique, renforce la confiance dans le syst\u00e8me \u00e9ducatif et confirme la volont\u00e9 des autorit\u00e9s de faire de l\u2019\u00e9cole un pilier de la d\u00e9mocratie et du d\u00e9veloppement durable.<\/p>\n<p><strong>Points cl\u00e9s :<\/strong><\/p>\n<ul>\n<li><strong>Report de la rentr\u00e9e scolaire<\/strong> pour permettre une participation citoyenne apais\u00e9e \u00e0 l\u2019\u00e9lection constitutionnelle du 21 septembre 2025.<\/li>\n<li><strong>Nouvelle rentr\u00e9e administrative<\/strong> : 25 septembre 2025.<\/li>\n<li><strong>Rentr\u00e9e officielle des classes<\/strong> : 6 octobre 2025.<\/li>\n<li><strong>Concertation r\u00e9ussie<\/strong> entre les pouvoirs publics, syndicats et structures \u00e9ducatives.<\/li>\n<li><strong>Renforcement de la coh\u00e9sion sociale<\/strong> \u00e0 travers une gestion inclusive du calendrier scolaire.<\/li>\n<\/ul>\n<p><strong>Une rentr\u00e9e sous le signe de l\u2019espoir<\/strong><\/p>\n<p>Alors que la Guin\u00e9e s\u2019engage dans une \u00e9tape cruciale de son histoire politique, cette rentr\u00e9e scolaire s\u2019annonce comme un exemple de gestion proactive et de gouvernance participative. Le leadership du ministre Jean Paul C\u00e8dy, salu\u00e9 par les partenaires sociaux et les institutions internationales, incarne une nouvelle dynamique pour un syst\u00e8me \u00e9ducatif plus r\u00e9silient, plus \u00e9quitable, et plus en phase avec les enjeux de la nation.<\/p>\n<p><strong>Par Mamadou Bhoye Bald\u00e9, Ambassadeur, repr\u00e9sentant du <em>UNESCO Center for U.S.<\/em> en Guin\u00e9e<\/strong><\/p>\n<p>&nbsp;<\/p>\n","protected":false},"excerpt":{"rendered":"<p>Conakry, 2 septembre 2025 \u2013 La Guin\u00e9e s\u2019appr\u00eate \u00e0 vivre une rentr\u00e9e scolaire plac\u00e9e sous le signe de l\u2019apaisement et de la concertation. Le Minist\u00e8re de l\u2019Enseignement Pr\u00e9\u2011universitaire et de l\u2019Alphab\u00e9tisation (MEPU-A), dirig\u00e9 par le Ministre Jean Paul C\u00e8dy, a proc\u00e9d\u00e9 \u00e0 un r\u00e9am\u00e9nagement du calendrier scolaire 2025-2026, initialement pr\u00e9vu en septembre. Cette d\u00e9cision intervient [&hellip;]<\/p>\n","protected":false},"author":2,"featured_media":37154,"comment_status":"open","ping_status":"closed","sticky":false,"template":"","format":"standard","meta":{"buzzeditor_post_format":"","footnotes":""},"categories":[42],"tags":[],"class_list":["post-37153","post","type-post","status-publish","format-standard","has-post-thumbnail","hentry","category-news"],"jetpack_featured_media_url":"https:\/\/guineechrono.com\/wp-content\/uploads\/2025\/09\/IMG-20250902-WA0101.jpg","amp_enabled":true,"_links":{"self":[{"href":"https:\/\/guineechrono.com\/index.php\/wp-json\/wp\/v2\/posts\/37153","targetHints":{"allow":["GET"]}}],"collection":[{"href":"https:\/\/guineechrono.com\/index.php\/wp-json\/wp\/v2\/posts"}],"about":[{"href":"https:\/\/guineechrono.com\/index.php\/wp-json\/wp\/v2\/types\/post"}],"author":[{"embeddable":true,"href":"https:\/\/guineechrono.com\/index.php\/wp-json\/wp\/v2\/users\/2"}],"replies":[{"embeddable":true,"href":"https:\/\/guineechrono.com\/index.php\/wp-json\/wp\/v2\/comments?post=37153"}],"version-history":[{"count":1,"href":"https:\/\/guineechrono.com\/index.php\/wp-json\/wp\/v2\/posts\/37153\/revisions"}],"predecessor-version":[{"id":37155,"href":"https:\/\/guineechrono.com\/index.php\/wp-json\/wp\/v2\/posts\/37153\/revisions\/37155"}],"wp:featuredmedia":[{"embeddable":true,"href":"https:\/\/guineechrono.com\/index.php\/wp-json\/wp\/v2\/media\/37154"}],"wp:attachment":[{"href":"https:\/\/guineechrono.com\/index.php\/wp-json\/wp\/v2\/media?parent=37153"}],"wp:term":[{"taxonomy":"category","embeddable":true,"href":"https:\/\/guineechrono.com\/index.php\/wp-json\/wp\/v2\/categories?post=37153"},{"taxonomy":"post_tag","embeddable":true,"href":"https:\/\/guineechrono.com\/index.php\/wp-json\/wp\/v2\/tags?post=37153"}],"curies":[{"name":"wp","href":"https:\/\/api.w.org\/{rel}","templated":true}]}}