{"id":37156,"date":"2025-09-02T18:58:07","date_gmt":"2025-09-02T17:58:07","guid":{"rendered":"https:\/\/guineechrono.com\/?p=37156"},"modified":"2025-09-02T18:58:07","modified_gmt":"2025-09-02T17:58:07","slug":"campagne-referendaire-a-matam-madame-kante-kadjatou-doumbouya-appelle-les-guineens-a-voter-massivement-oui-le-21-septembre-prochain","status":"publish","type":"post","link":"https:\/\/guineechrono.com\/index.php\/campagne-referendaire-a-matam-madame-kante-kadjatou-doumbouya-appelle-les-guineens-a-voter-massivement-oui-le-21-septembre-prochain\/","title":{"rendered":"Campagne r\u00e9f\u00e9rendaire \u00e0 Matam : Madame Kant\u00e9 Kadjatou Doumbouya, appelle les Guin\u00e9ens \u00e0 voter massivement \u00ab Oui \u00bb le 21 septembre prochain"},"content":{"rendered":"<p>Madame Kant\u00e9 Kadjatou Doumbouya, Directrice commerciale charg\u00e9e de la communication et des relations ext\u00e9rieures \u00e0 AGB2AG, a pris part, aux c\u00f4t\u00e9s du ministre de la Culture et de l\u2019Artisanat, Moussa Mo\u00efse Sylla, et du maire de la commune de Matam, Badra Kon\u00e9, \u00e0 une c\u00e9r\u00e9monie de mobilisation culturelle et citoyenne organis\u00e9e ce lundi 1er septembre 2025 dans la commune de Matam. Cet \u00e9v\u00e9nement \u00e9tait initi\u00e9 par le mouvement Esprit CNRD, en partenariat avec l\u2019Alliance guin\u00e9enne pour le d\u00e9veloppement de la danse et des percussions (AGDP). Objectif : sensibiliser les populations \u00e0 l\u2019approche du r\u00e9f\u00e9rendum constitutionnel pr\u00e9vu le 21 septembre prochain, et les inciter \u00e0 voter \u00ab Oui \u00bb \u00e0 la nouvelle Constitution.<\/p>\n<p><img fetchpriority=\"high\" decoding=\"async\" class=\"wp-image-14647\" src=\"https:\/\/letengue.com\/wp-content\/uploads\/2025\/09\/1000520842-1024x591.jpg\" alt=\"\" width=\"1024\" height=\"591\" \/><\/p>\n<p>Au cours de cette c\u00e9r\u00e9monie, plus de 2 000 cr\u00e9ateurs, artistes et administrateurs culturels se sont r\u00e9unis pour l\u2019occasion. Jacques Dantouma Soumah, pr\u00e9sident de l\u2019AGDP, a r\u00e9affirm\u00e9 l\u2019engagement du monde artistique en faveur du \u00ab Oui \u00bb au r\u00e9f\u00e9rendum, qu\u2019il consid\u00e8re comme un pas d\u00e9cisif vers la consolidation de la d\u00e9mocratie et le d\u00e9veloppement du pays.<\/p>\n<p>Dans son allocution, le ministre Moussa Mo\u00efse Sylla a rendu un hommage appuy\u00e9 au pr\u00e9sident Mamadi Doumbouya, qu\u2019il a qualifi\u00e9 de \u00ab visionnaire, b\u00e2tisseur et unificateur \u00bb. Il a exhort\u00e9 la population de Matam \u00e0 soutenir les actions du Chef de l\u2019\u00c9tat, qu\u2019il pr\u00e9sente comme un programme de d\u00e9veloppement inclusif, sans distinction d\u2019ethnie, de r\u00e9gion ou de communaut\u00e9.<\/p>\n<p><img decoding=\"async\" class=\"wp-image-14648\" src=\"https:\/\/letengue.com\/wp-content\/uploads\/2025\/09\/1000520844-1024x464.jpg\" alt=\"\" width=\"1024\" height=\"464\" \/><\/p>\n<p>\u00c0 l\u2019instar du ministre Sylla, Madame Kant\u00e9 a \u00e9galement appel\u00e9 les Guin\u00e9ens \u00e0 voter massivement \u00ab Oui \u00bb le 21 septembre prochain.<\/p>\n<p>La c\u00e9r\u00e9monie a \u00e9t\u00e9 marqu\u00e9e par la remise d\u2019un cadeau symbolique au ministre, ainsi que par une s\u00e9rie de prestations artistiques et folkloriques, notamment des ballets et des acrobaties.<\/p>\n<p>Letengue.com<\/p>\n<p>&nbsp;<\/p>\n<p>&nbsp;<\/p>\n","protected":false},"excerpt":{"rendered":"<p>Madame Kant\u00e9 Kadjatou Doumbouya, Directrice commerciale charg\u00e9e de la communication et des relations ext\u00e9rieures \u00e0 AGB2AG, a pris part, aux c\u00f4t\u00e9s du ministre de la Culture et de l\u2019Artisanat, Moussa Mo\u00efse Sylla, et du maire de la commune de Matam, Badra Kon\u00e9, \u00e0 une c\u00e9r\u00e9monie de mobilisation culturelle et citoyenne organis\u00e9e ce lundi 1er septembre [&hellip;]<\/p>\n","protected":false},"author":2,"featured_media":37157,"comment_status":"open","ping_status":"closed","sticky":false,"template":"","format":"standard","meta":{"buzzeditor_post_format":"","footnotes":""},"categories":[42],"tags":[],"class_list":["post-37156","post","type-post","status-publish","format-standard","has-post-thumbnail","hentry","category-news"],"jetpack_featured_media_url":"https:\/\/guineechrono.com\/wp-content\/uploads\/2025\/09\/kadizaa.jpg","amp_enabled":true,"_links":{"self":[{"href":"https:\/\/guineechrono.com\/index.php\/wp-json\/wp\/v2\/posts\/37156","targetHints":{"allow":["GET"]}}],"collection":[{"href":"https:\/\/guineechrono.com\/index.php\/wp-json\/wp\/v2\/posts"}],"about":[{"href":"https:\/\/guineechrono.com\/index.php\/wp-json\/wp\/v2\/types\/post"}],"author":[{"embeddable":true,"href":"https:\/\/guineechrono.com\/index.php\/wp-json\/wp\/v2\/users\/2"}],"replies":[{"embeddable":true,"href":"https:\/\/guineechrono.com\/index.php\/wp-json\/wp\/v2\/comments?post=37156"}],"version-history":[{"count":1,"href":"https:\/\/guineechrono.com\/index.php\/wp-json\/wp\/v2\/posts\/37156\/revisions"}],"predecessor-version":[{"id":37158,"href":"https:\/\/guineechrono.com\/index.php\/wp-json\/wp\/v2\/posts\/37156\/revisions\/37158"}],"wp:featuredmedia":[{"embeddable":true,"href":"https:\/\/guineechrono.com\/index.php\/wp-json\/wp\/v2\/media\/37157"}],"wp:attachment":[{"href":"https:\/\/guineechrono.com\/index.php\/wp-json\/wp\/v2\/media?parent=37156"}],"wp:term":[{"taxonomy":"category","embeddable":true,"href":"https:\/\/guineechrono.com\/index.php\/wp-json\/wp\/v2\/categories?post=37156"},{"taxonomy":"post_tag","embeddable":true,"href":"https:\/\/guineechrono.com\/index.php\/wp-json\/wp\/v2\/tags?post=37156"}],"curies":[{"name":"wp","href":"https:\/\/api.w.org\/{rel}","templated":true}]}}