{"id":37159,"date":"2025-09-02T19:18:31","date_gmt":"2025-09-02T18:18:31","guid":{"rendered":"https:\/\/guineechrono.com\/?p=37159"},"modified":"2025-09-02T19:18:31","modified_gmt":"2025-09-02T18:18:31","slug":"louverture-des-classes-reportee-lintersyndicale-de-leducation-salue-la-decision-des-autorites-educatives","status":"publish","type":"post","link":"https:\/\/guineechrono.com\/index.php\/louverture-des-classes-reportee-lintersyndicale-de-leducation-salue-la-decision-des-autorites-educatives\/","title":{"rendered":"L\u2019ouverture des classes report\u00e9e : l\u2019intersyndicale de l\u2019\u00e9ducation salue la d\u00e9cision des autorit\u00e9s \u00e9ducatives"},"content":{"rendered":"<p><strong>Dans un communiqu\u00e9 publi\u00e9 ce mardi 2 septembre 2025, l\u2019inspection g\u00e9n\u00e9rale de l\u2019\u00e9ducation a fix\u00e9 l\u2019ouverture des classes au 06 octobre 2025. <\/strong><\/p>\n<p>Suite \u00e0 ce report, l\u2019intersyndicale de l\u2019\u00e9ducation a adress\u00e9 un message au gouvernement dans lequel elle a salu\u00e9 cette d\u00e9cision du Minist\u00e8re de l\u2019enseignement pr\u00e9-universitaire et de l\u2019alphab\u00e9tisation (MEPU-A).<\/p>\n<p><strong>Lisez\u2026<\/strong><\/p>\n<p>\u201cL\u2019intersyndicale de l\u2019\u00e9ducation, les parents d\u2019\u00e9l\u00e8ves ainsi que l\u2019ensemble des acteurs de l\u2019\u00e9ducation tiennent \u00e0 saluer et \u00e0 remercier le Minist\u00e8re de l\u2019Enseignement Pr\u00e9-Universitaire et de l\u2019Alphab\u00e9tisation pour avoir \u00e9cout\u00e9 le cri de c\u0153ur de l\u2019intersyndicale , des enseignants et des parents d\u2019\u00e9l\u00e8ves, en repoussant la date de la rentr\u00e9e scolaire 2025-2026 au 6 octobre 2025.<br \/>\nCette d\u00e9cision, empreinte de responsabilit\u00e9 et de sagesse, t\u00e9moigne d\u2019une volont\u00e9 r\u00e9elle de placer l\u2019int\u00e9r\u00eat sup\u00e9rieur des enfants et de l\u2019\u00e9cole guin\u00e9enne au centre des priorit\u00e9s.<\/p>\n<p>Nous r\u00e9it\u00e9rons nos remerciements \u00e0 toutes les parties prenantes et encourageons le gouvernement \u00e0 poursuivre les efforts dans la r\u00e9solution des points inscrits dans le m\u00e9morandum, afin de garantir une rentr\u00e9e apais\u00e9e et r\u00e9ussie.<br \/>\nNous appelons \u00e9galement les parents d\u2019\u00e9l\u00e8ves \u00e0 se pr\u00e9parer activement pour accompagner leurs enfants dans cette nouvelle ann\u00e9e scolaire, dans un esprit de confiance, de solidarit\u00e9 et d\u2019esp\u00e9rance.<\/p>\n<p>Ensemble, \u0153uvrons pour une \u00e9cole guin\u00e9enne plus forte, plus inclusive et plus performante.<\/p>\n<p>Vive l\u2019\u00e9ducation guin\u00e9enne !<\/p>\n<p>Vive l\u2019intersyndicale de l\u2019\u00e9ducation FSOE SLECG SNE !<\/p>\n<p>Ensemble unis nous vaincrons<\/p>\n","protected":false},"excerpt":{"rendered":"<p>Dans un communiqu\u00e9 publi\u00e9 ce mardi 2 septembre 2025, l\u2019inspection g\u00e9n\u00e9rale de l\u2019\u00e9ducation a fix\u00e9 l\u2019ouverture des classes au 06 octobre 2025. Suite \u00e0 ce report, l\u2019intersyndicale de l\u2019\u00e9ducation a adress\u00e9 un message au gouvernement dans lequel elle a salu\u00e9 cette d\u00e9cision du Minist\u00e8re de l\u2019enseignement pr\u00e9-universitaire et de l\u2019alphab\u00e9tisation (MEPU-A). Lisez\u2026 \u201cL\u2019intersyndicale de l\u2019\u00e9ducation, [&hellip;]<\/p>\n","protected":false},"author":2,"featured_media":37160,"comment_status":"open","ping_status":"closed","sticky":false,"template":"","format":"standard","meta":{"buzzeditor_post_format":"","footnotes":""},"categories":[42],"tags":[],"class_list":["post-37159","post","type-post","status-publish","format-standard","has-post-thumbnail","hentry","category-news"],"jetpack_featured_media_url":"https:\/\/guineechrono.com\/wp-content\/uploads\/2025\/09\/syndicat-educatif.webp","amp_enabled":true,"_links":{"self":[{"href":"https:\/\/guineechrono.com\/index.php\/wp-json\/wp\/v2\/posts\/37159","targetHints":{"allow":["GET"]}}],"collection":[{"href":"https:\/\/guineechrono.com\/index.php\/wp-json\/wp\/v2\/posts"}],"about":[{"href":"https:\/\/guineechrono.com\/index.php\/wp-json\/wp\/v2\/types\/post"}],"author":[{"embeddable":true,"href":"https:\/\/guineechrono.com\/index.php\/wp-json\/wp\/v2\/users\/2"}],"replies":[{"embeddable":true,"href":"https:\/\/guineechrono.com\/index.php\/wp-json\/wp\/v2\/comments?post=37159"}],"version-history":[{"count":1,"href":"https:\/\/guineechrono.com\/index.php\/wp-json\/wp\/v2\/posts\/37159\/revisions"}],"predecessor-version":[{"id":37161,"href":"https:\/\/guineechrono.com\/index.php\/wp-json\/wp\/v2\/posts\/37159\/revisions\/37161"}],"wp:featuredmedia":[{"embeddable":true,"href":"https:\/\/guineechrono.com\/index.php\/wp-json\/wp\/v2\/media\/37160"}],"wp:attachment":[{"href":"https:\/\/guineechrono.com\/index.php\/wp-json\/wp\/v2\/media?parent=37159"}],"wp:term":[{"taxonomy":"category","embeddable":true,"href":"https:\/\/guineechrono.com\/index.php\/wp-json\/wp\/v2\/categories?post=37159"},{"taxonomy":"post_tag","embeddable":true,"href":"https:\/\/guineechrono.com\/index.php\/wp-json\/wp\/v2\/tags?post=37159"}],"curies":[{"name":"wp","href":"https:\/\/api.w.org\/{rel}","templated":true}]}}