{"id":37173,"date":"2025-09-04T11:08:15","date_gmt":"2025-09-04T10:08:15","guid":{"rendered":"https:\/\/guineechrono.com\/?p=37173"},"modified":"2025-09-04T11:08:15","modified_gmt":"2025-09-04T10:08:15","slug":"la-paix-et-lentente-au-coeur-dune-rencontre-avec-la-diaspora-guineenne-a-caen","status":"publish","type":"post","link":"https:\/\/guineechrono.com\/index.php\/la-paix-et-lentente-au-coeur-dune-rencontre-avec-la-diaspora-guineenne-a-caen\/","title":{"rendered":"La paix et l\u2019entente au c\u0153ur d\u2019une rencontre avec la diaspora guin\u00e9enne \u00e0 Caen"},"content":{"rendered":"<p>Lors d\u2019une rencontre avec la communaut\u00e9 guin\u00e9enne de Caen, l\u2019Administrateur G\u00e9n\u00e9ral d\u2019AGB2A-GIC, Ahmed Kant\u00e9, a tenu un discours sans d\u00e9tour sur les responsabilit\u00e9s de la diaspora dans le d\u00e9veloppement de la Guin\u00e9e, quelques apr\u00e8s avoir sillonn\u00e9 le pays, en compagnie des Fan\u2019s Club G\u00e9n\u00e9ral Mamadi Doumbouya et de l\u2019ONG Aimer la Guin\u00e9e pour vulgariser le projet de nouvelle constitution.<\/p>\n<p>Face \u00e0 un public compos\u00e9 de jeunes, de professionnels et de repr\u00e9sentants associatifs, il a soulign\u00e9 l\u2019urgence d\u2019un engagement concret et durable des Guin\u00e9ens de l\u2019\u00e9tranger.<\/p>\n<p>\u00ab Ce qui s\u2019est pass\u00e9 en Guin\u00e9e avant le 21 septembre et ce qui va se passer en Guin\u00e9e apr\u00e8s le 21 septembre, \u00e7a n\u2019a absolument rien \u00e0 voir avec toutes les \u00e9tapes politiques que nous avons successivement abord\u00e9es jusque-l\u00e0\u00a0 (\u2026) la Guin\u00e9e ne se construira pas sans sa diaspora \u00bb, a martel\u00e9 Ahmed Kant\u00e9, appelant \u00e0 une mobilisation collective autour des enjeux \u00e9conomiques, sociaux et politiques du pays.<\/p>\n<p>Il a insist\u00e9 sur le r\u00f4le que peuvent jouer les comp\u00e9tences ext\u00e9rieures dans la r\u00e9forme du secteur minier, tout en d\u00e9non\u00e7ant les failles persistantes dans la gouvernance. \u00ab Nous avons des ressources, mais ce sont les hommes qui manquent \u00bb, a-t-il d\u00e9clar\u00e9, pointant du doigt le d\u00e9ficit de leadership et de vision strat\u00e9gique.<\/p>\n<p>L\u2019ancien ministre a \u00e9galement exhort\u00e9 les jeunes \u00e0 d\u00e9passer la posture critique pour devenir des acteurs du changement. \u00ab Il faut que chacun se demande ce qu\u2019il peut faire pour la Guin\u00e9e, pas seulement ce que la Guin\u00e9e peut faire pour lui \u00bb, a-t-il lanc\u00e9, dans un appel \u00e0 la responsabilit\u00e9 individuelle et collective. Il a encourag\u00e9 les initiatives entrepreneuriales, les transferts de savoir-faire et les investissements cibl\u00e9s, estimant que la diaspora dispose d\u2019un levier puissant pour transformer le pays.<\/p>\n<p>La rencontre a donn\u00e9 lieu \u00e0 des \u00e9changes nourris, r\u00e9v\u00e9lant une volont\u00e9 partag\u00e9e de contribuer \u00e0 l\u2019avenir de la Guin\u00e9e.<\/p>\n<p><strong>Ma\u00efmouna Traor\u00e9, depuis Caen, France<\/strong><\/p>\n","protected":false},"excerpt":{"rendered":"<p>Lors d\u2019une rencontre avec la communaut\u00e9 guin\u00e9enne de Caen, l\u2019Administrateur G\u00e9n\u00e9ral d\u2019AGB2A-GIC, Ahmed Kant\u00e9, a tenu un discours sans d\u00e9tour sur les responsabilit\u00e9s de la diaspora dans le d\u00e9veloppement de la Guin\u00e9e, quelques apr\u00e8s avoir sillonn\u00e9 le pays, en compagnie des Fan\u2019s Club G\u00e9n\u00e9ral Mamadi Doumbouya et de l\u2019ONG Aimer la Guin\u00e9e pour vulgariser le [&hellip;]<\/p>\n","protected":false},"author":2,"featured_media":37174,"comment_status":"open","ping_status":"closed","sticky":false,"template":"","format":"standard","meta":{"buzzeditor_post_format":"","footnotes":""},"categories":[42],"tags":[],"class_list":["post-37173","post","type-post","status-publish","format-standard","has-post-thumbnail","hentry","category-news"],"jetpack_featured_media_url":"https:\/\/guineechrono.com\/wp-content\/uploads\/2025\/09\/Sans-titre-1.jpg","amp_enabled":true,"_links":{"self":[{"href":"https:\/\/guineechrono.com\/index.php\/wp-json\/wp\/v2\/posts\/37173","targetHints":{"allow":["GET"]}}],"collection":[{"href":"https:\/\/guineechrono.com\/index.php\/wp-json\/wp\/v2\/posts"}],"about":[{"href":"https:\/\/guineechrono.com\/index.php\/wp-json\/wp\/v2\/types\/post"}],"author":[{"embeddable":true,"href":"https:\/\/guineechrono.com\/index.php\/wp-json\/wp\/v2\/users\/2"}],"replies":[{"embeddable":true,"href":"https:\/\/guineechrono.com\/index.php\/wp-json\/wp\/v2\/comments?post=37173"}],"version-history":[{"count":1,"href":"https:\/\/guineechrono.com\/index.php\/wp-json\/wp\/v2\/posts\/37173\/revisions"}],"predecessor-version":[{"id":37175,"href":"https:\/\/guineechrono.com\/index.php\/wp-json\/wp\/v2\/posts\/37173\/revisions\/37175"}],"wp:featuredmedia":[{"embeddable":true,"href":"https:\/\/guineechrono.com\/index.php\/wp-json\/wp\/v2\/media\/37174"}],"wp:attachment":[{"href":"https:\/\/guineechrono.com\/index.php\/wp-json\/wp\/v2\/media?parent=37173"}],"wp:term":[{"taxonomy":"category","embeddable":true,"href":"https:\/\/guineechrono.com\/index.php\/wp-json\/wp\/v2\/categories?post=37173"},{"taxonomy":"post_tag","embeddable":true,"href":"https:\/\/guineechrono.com\/index.php\/wp-json\/wp\/v2\/tags?post=37173"}],"curies":[{"name":"wp","href":"https:\/\/api.w.org\/{rel}","templated":true}]}}