{"id":37179,"date":"2025-09-05T11:24:24","date_gmt":"2025-09-05T10:24:24","guid":{"rendered":"https:\/\/guineechrono.com\/?p=37179"},"modified":"2025-09-05T11:24:24","modified_gmt":"2025-09-05T10:24:24","slug":"dabola-le-ministre-de-lenergie-echange-avec-lunion-des-electriciens-de-guinee-section-kankan","status":"publish","type":"post","link":"https:\/\/guineechrono.com\/index.php\/dabola-le-ministre-de-lenergie-echange-avec-lunion-des-electriciens-de-guinee-section-kankan\/","title":{"rendered":"Dabola : le ministre de l\u2019\u00c9nergie \u00e9change avec l\u2019Union des \u00c9lectriciens de Guin\u00e9e, section Kankan"},"content":{"rendered":"<p><strong>Ce vendredi 5 septembre 2025, le ministre de l\u2019\u00c9nergie, Namory Camara, a re\u00e7u en audience l\u2019Union des \u00c9lectriciens de Guin\u00e9e, section Kankan, dans la ville de Dabola.<\/strong><\/p>\n<p>La rencontre s\u2019inscrit dans le cadre des concertations engag\u00e9es par le d\u00e9partement avec les acteurs de la fili\u00e8re \u00e9lectrique. Les repr\u00e9sentants de l\u2019Union ont profit\u00e9 de l\u2019occasion pour pr\u00e9senter leurs principales pr\u00e9occupations : am\u00e9lioration des conditions de travail, renforcement des capacit\u00e9s techniques et implication dans la r\u00e9alisation des projets \u00e9nerg\u00e9tiques dans la r\u00e9gion de Kankan.<\/p>\n<p>En retour, le ministre Namory Camara a salu\u00e9 l\u2019engagement des \u00e9lectriciens, soulignant leur r\u00f4le d\u00e9terminant dans l\u2019am\u00e9lioration de la desserte \u00e9nerg\u00e9tique du pays. Il a r\u00e9affirm\u00e9 la volont\u00e9 du gouvernement d\u2019accompagner les initiatives locales et a insist\u00e9 sur la n\u00e9cessit\u00e9 d\u2019une synergie d\u2019action pour relever les d\u00e9fis li\u00e9s \u00e0 l\u2019acc\u00e8s universel \u00e0 l\u2019\u00e9lectricit\u00e9.<\/p>\n<p>La rencontre, tenue dans une atmosph\u00e8re d\u2019ouverture et de collaboration, marque une \u00e9tape suppl\u00e9mentaire dans le rapprochement entre le minist\u00e8re de l\u2019\u00c9nergie et les \u00e9lectriciens de Guin\u00e9e.<\/p>\n<p><strong>Facinet Molota CAMARA <\/strong><\/p>\n<p><strong>624 85 46 56\u00a0<\/strong><\/p>\n","protected":false},"excerpt":{"rendered":"<p>Ce vendredi 5 septembre 2025, le ministre de l\u2019\u00c9nergie, Namory Camara, a re\u00e7u en audience l\u2019Union des \u00c9lectriciens de Guin\u00e9e, section Kankan, dans la ville de Dabola. La rencontre s\u2019inscrit dans le cadre des concertations engag\u00e9es par le d\u00e9partement avec les acteurs de la fili\u00e8re \u00e9lectrique. Les repr\u00e9sentants de l\u2019Union ont profit\u00e9 de l\u2019occasion pour [&hellip;]<\/p>\n","protected":false},"author":2,"featured_media":37180,"comment_status":"open","ping_status":"closed","sticky":false,"template":"","format":"standard","meta":{"buzzeditor_post_format":"","footnotes":""},"categories":[44,2,42],"tags":[],"class_list":["post-37179","post","type-post","status-publish","format-standard","has-post-thumbnail","hentry","category-economie","category-featured","category-news"],"jetpack_featured_media_url":"https:\/\/guineechrono.com\/wp-content\/uploads\/2025\/09\/FB_IMG_1757067529092.jpg","amp_enabled":true,"_links":{"self":[{"href":"https:\/\/guineechrono.com\/index.php\/wp-json\/wp\/v2\/posts\/37179","targetHints":{"allow":["GET"]}}],"collection":[{"href":"https:\/\/guineechrono.com\/index.php\/wp-json\/wp\/v2\/posts"}],"about":[{"href":"https:\/\/guineechrono.com\/index.php\/wp-json\/wp\/v2\/types\/post"}],"author":[{"embeddable":true,"href":"https:\/\/guineechrono.com\/index.php\/wp-json\/wp\/v2\/users\/2"}],"replies":[{"embeddable":true,"href":"https:\/\/guineechrono.com\/index.php\/wp-json\/wp\/v2\/comments?post=37179"}],"version-history":[{"count":1,"href":"https:\/\/guineechrono.com\/index.php\/wp-json\/wp\/v2\/posts\/37179\/revisions"}],"predecessor-version":[{"id":37181,"href":"https:\/\/guineechrono.com\/index.php\/wp-json\/wp\/v2\/posts\/37179\/revisions\/37181"}],"wp:featuredmedia":[{"embeddable":true,"href":"https:\/\/guineechrono.com\/index.php\/wp-json\/wp\/v2\/media\/37180"}],"wp:attachment":[{"href":"https:\/\/guineechrono.com\/index.php\/wp-json\/wp\/v2\/media?parent=37179"}],"wp:term":[{"taxonomy":"category","embeddable":true,"href":"https:\/\/guineechrono.com\/index.php\/wp-json\/wp\/v2\/categories?post=37179"},{"taxonomy":"post_tag","embeddable":true,"href":"https:\/\/guineechrono.com\/index.php\/wp-json\/wp\/v2\/tags?post=37179"}],"curies":[{"name":"wp","href":"https:\/\/api.w.org\/{rel}","templated":true}]}}