{"id":37192,"date":"2025-09-05T19:35:37","date_gmt":"2025-09-05T18:35:37","guid":{"rendered":"https:\/\/guineechrono.com\/?p=37192"},"modified":"2025-09-05T19:35:37","modified_gmt":"2025-09-05T18:35:37","slug":"kalinko-le-ministre-de-lenergie-inaugure-une-centrale-solaire","status":"publish","type":"post","link":"https:\/\/guineechrono.com\/index.php\/kalinko-le-ministre-de-lenergie-inaugure-une-centrale-solaire\/","title":{"rendered":"Kalinko : le ministre de l\u2019\u00c9nergie inaugure une centrale solaire"},"content":{"rendered":"<p><strong>Ce vendredi 05 septembre 2025, le ministre de l\u2019\u00c9nergie, Namory Camara, a proc\u00e9d\u00e9 \u00e0 l\u2019inauguration officielle de la centrale solaire de Kalinko, marquant une \u00e9tape d\u00e9cisive dans la strat\u00e9gie du gouvernement visant \u00e0 renforcer l\u2019acc\u00e8s \u00e0 l\u2019\u00e9lectricit\u00e9 \u00e0 travers le d\u00e9veloppement des \u00e9nergies renouvelables.<\/strong><\/p>\n<p>La c\u00e9r\u00e9monie a r\u00e9uni les notables et sages de Kalinko, ainsi que des partenaires techniques et financiers, dont la Banque mondiale et l\u2019Agence Fran\u00e7aise de D\u00e9veloppement (AFD), principaux soutiens de ce projet structurant.<\/p>\n<p>Dans son allocution, le ministre a salu\u00e9 l\u2019engagement de la communaut\u00e9 locale et exprim\u00e9 la reconnaissance du gouvernement envers les partenaires au d\u00e9veloppement. Il a soulign\u00e9 que cette centrale contribuera non seulement \u00e0 am\u00e9liorer l\u2019acc\u00e8s \u00e0 l\u2019\u00e9lectricit\u00e9 dans la localit\u00e9, mais aussi \u00e0 r\u00e9duire la d\u00e9pendance \u00e9nerg\u00e9tique du pays et \u00e0 favoriser le d\u00e9veloppement socio-\u00e9conomique de la r\u00e9gion.<\/p>\n<p><a href=\"https:\/\/guineechrono.com\/wp-content\/uploads\/2025\/09\/IMG-20250905-WA0006.jpg\"><img fetchpriority=\"high\" decoding=\"async\" class=\"alignleft size-medium wp-image-37193\" src=\"https:\/\/guineechrono.com\/wp-content\/uploads\/2025\/09\/IMG-20250905-WA0006-300x169.jpg\" alt=\"\" width=\"300\" height=\"169\" srcset=\"https:\/\/guineechrono.com\/wp-content\/uploads\/2025\/09\/IMG-20250905-WA0006-300x169.jpg 300w, https:\/\/guineechrono.com\/wp-content\/uploads\/2025\/09\/IMG-20250905-WA0006-1024x576.jpg 1024w, https:\/\/guineechrono.com\/wp-content\/uploads\/2025\/09\/IMG-20250905-WA0006-768x432.jpg 768w, https:\/\/guineechrono.com\/wp-content\/uploads\/2025\/09\/IMG-20250905-WA0006-696x392.jpg 696w, https:\/\/guineechrono.com\/wp-content\/uploads\/2025\/09\/IMG-20250905-WA0006-1068x601.jpg 1068w, https:\/\/guineechrono.com\/wp-content\/uploads\/2025\/09\/IMG-20250905-WA0006-747x420.jpg 747w, https:\/\/guineechrono.com\/wp-content\/uploads\/2025\/09\/IMG-20250905-WA0006.jpg 1280w\" sizes=\"(max-width: 300px) 100vw, 300px\" \/><\/a><\/p>\n<p>\u00ab Cette centrale est d\u00e9sormais votre bien commun. Vous l\u2019avez signifi\u00e9 tout \u00e0 l\u2019heure, les jeunes, les femmes. Vous allez vous l\u2019approprier, prot\u00e9ger ces installations qui sont les v\u00f4tres et en faire un outil partag\u00e9 au service du progr\u00e8s collectif \u00bb, a exhort\u00e9 le ministre.<\/p>\n<p>Pour sa part, le pr\u00e9sident de la d\u00e9l\u00e9gation sp\u00e9ciale de Kalinko a remerci\u00e9 les autorit\u00e9s nationales et les partenaires pour ce projet, tout en rappelant les attentes encore fortes des populations. Il a plaid\u00e9 pour l\u2019extension du r\u00e9seau d\u2019\u00e9lectrification dans les 18 districts de la localit\u00e9, l\u2019acc\u00e8s \u00e0 l\u2019eau potable, le d\u00e9senclavement, la couverture t\u00e9l\u00e9phonique, ainsi que le renforcement des infrastructures scolaires, sanitaires et d\u2019assainissement.<\/p>\n<p>De leur c\u00f4t\u00e9, les repr\u00e9sentants de la Banque mondiale et de l\u2019AFD ont r\u00e9affirm\u00e9 leur d\u00e9termination \u00e0 accompagner la Guin\u00e9e dans sa politique \u00e9nerg\u00e9tique fond\u00e9e sur des solutions durables et respectueuses de l\u2019environnement.<\/p>\n<p>L\u2019inauguration de cette centrale solaire repr\u00e9sente ainsi une avanc\u00e9e majeure pour Kalinko, tout en s\u2019inscrivant dans la vision nationale de transition \u00e9nerg\u00e9tique visant \u00e0 offrir une \u00e9lectricit\u00e9 fiable, propre et accessible \u00e0 l\u2019ensemble des populations guin\u00e9ennes.<\/p>\n<p><strong>Bolokada Sano\u00a0<\/strong><\/p>\n<p><strong>626641732<\/strong><\/p>\n","protected":false},"excerpt":{"rendered":"<p>Ce vendredi 05 septembre 2025, le ministre de l\u2019\u00c9nergie, Namory Camara, a proc\u00e9d\u00e9 \u00e0 l\u2019inauguration officielle de la centrale solaire de Kalinko, marquant une \u00e9tape d\u00e9cisive dans la strat\u00e9gie du gouvernement visant \u00e0 renforcer l\u2019acc\u00e8s \u00e0 l\u2019\u00e9lectricit\u00e9 \u00e0 travers le d\u00e9veloppement des \u00e9nergies renouvelables. La c\u00e9r\u00e9monie a r\u00e9uni les notables et sages de Kalinko, ainsi [&hellip;]<\/p>\n","protected":false},"author":2,"featured_media":37194,"comment_status":"open","ping_status":"closed","sticky":false,"template":"","format":"standard","meta":{"buzzeditor_post_format":"","footnotes":""},"categories":[44,2,42],"tags":[],"class_list":["post-37192","post","type-post","status-publish","format-standard","has-post-thumbnail","hentry","category-economie","category-featured","category-news"],"jetpack_featured_media_url":"https:\/\/guineechrono.com\/wp-content\/uploads\/2025\/09\/IMG-20250905-WA0002.jpg","amp_enabled":true,"_links":{"self":[{"href":"https:\/\/guineechrono.com\/index.php\/wp-json\/wp\/v2\/posts\/37192","targetHints":{"allow":["GET"]}}],"collection":[{"href":"https:\/\/guineechrono.com\/index.php\/wp-json\/wp\/v2\/posts"}],"about":[{"href":"https:\/\/guineechrono.com\/index.php\/wp-json\/wp\/v2\/types\/post"}],"author":[{"embeddable":true,"href":"https:\/\/guineechrono.com\/index.php\/wp-json\/wp\/v2\/users\/2"}],"replies":[{"embeddable":true,"href":"https:\/\/guineechrono.com\/index.php\/wp-json\/wp\/v2\/comments?post=37192"}],"version-history":[{"count":1,"href":"https:\/\/guineechrono.com\/index.php\/wp-json\/wp\/v2\/posts\/37192\/revisions"}],"predecessor-version":[{"id":37195,"href":"https:\/\/guineechrono.com\/index.php\/wp-json\/wp\/v2\/posts\/37192\/revisions\/37195"}],"wp:featuredmedia":[{"embeddable":true,"href":"https:\/\/guineechrono.com\/index.php\/wp-json\/wp\/v2\/media\/37194"}],"wp:attachment":[{"href":"https:\/\/guineechrono.com\/index.php\/wp-json\/wp\/v2\/media?parent=37192"}],"wp:term":[{"taxonomy":"category","embeddable":true,"href":"https:\/\/guineechrono.com\/index.php\/wp-json\/wp\/v2\/categories?post=37192"},{"taxonomy":"post_tag","embeddable":true,"href":"https:\/\/guineechrono.com\/index.php\/wp-json\/wp\/v2\/tags?post=37192"}],"curies":[{"name":"wp","href":"https:\/\/api.w.org\/{rel}","templated":true}]}}