{"id":37199,"date":"2025-09-06T20:25:43","date_gmt":"2025-09-06T19:25:43","guid":{"rendered":"https:\/\/guineechrono.com\/?p=37199"},"modified":"2025-09-06T20:27:55","modified_gmt":"2025-09-06T19:27:55","slug":"siguirini-une-centrale-solaire-de-200-kw-inauguree-pour-electrifier-800-foyers","status":"publish","type":"post","link":"https:\/\/guineechrono.com\/index.php\/siguirini-une-centrale-solaire-de-200-kw-inauguree-pour-electrifier-800-foyers\/","title":{"rendered":"Siguirini : une centrale solaire de 200 kW inaugur\u00e9e pour \u00e9lectrifier 800 foyers"},"content":{"rendered":"<p><strong>Apr\u00e8s Kalinko, le ministre de l\u2019\u00c9nergie, Namory Camara, a proc\u00e9d\u00e9 ce samedi 6 septembre 2025 \u00e0 l\u2019inauguration de la centrale solaire de Siguirini, dans la pr\u00e9fecture de Siguiri. D\u2019une capacit\u00e9 de 200 kilowatts, cette infrastructure s\u2019inscrit dans la politique nationale visant \u00e0 \u00e9largir l\u2019acc\u00e8s \u00e0 une \u00e9lectricit\u00e9 durable, fiable et abordable, notamment en milieu rural.<\/strong><\/p>\n<p><a href=\"https:\/\/guineechrono.com\/wp-content\/uploads\/2025\/09\/IMG-20250906-WA0011.jpg\"><img fetchpriority=\"high\" decoding=\"async\" class=\"alignleft size-medium wp-image-37204\" src=\"https:\/\/guineechrono.com\/wp-content\/uploads\/2025\/09\/IMG-20250906-WA0011-300x169.jpg\" alt=\"\" width=\"300\" height=\"169\" srcset=\"https:\/\/guineechrono.com\/wp-content\/uploads\/2025\/09\/IMG-20250906-WA0011-300x169.jpg 300w, https:\/\/guineechrono.com\/wp-content\/uploads\/2025\/09\/IMG-20250906-WA0011-768x432.jpg 768w, https:\/\/guineechrono.com\/wp-content\/uploads\/2025\/09\/IMG-20250906-WA0011-696x392.jpg 696w, https:\/\/guineechrono.com\/wp-content\/uploads\/2025\/09\/IMG-20250906-WA0011-746x420.jpg 746w, https:\/\/guineechrono.com\/wp-content\/uploads\/2025\/09\/IMG-20250906-WA0011.jpg 1020w\" sizes=\"(max-width: 300px) 100vw, 300px\" \/><\/a><\/p>\n<p>Dans son allocution, le ministre a rappel\u00e9 que cette centrale permettra d\u2019alimenter un mini-r\u00e9seau couvrant pr\u00e8s de 800 m\u00e9nages et entreprises locales. \u00ab Elle constitue une r\u00e9ponse concr\u00e8te au d\u00e9fi de l\u2019\u00e9lectrification rurale et refl\u00e8te l\u2019engagement ferme de l\u2019\u00c9tat \u00e0 promouvoir des solutions modernes, respectueuses de l\u2019environnement et adapt\u00e9es aux r\u00e9alit\u00e9s locales \u00bb, a-t-il d\u00e9clar\u00e9.<\/p>\n<p><a href=\"https:\/\/guineechrono.com\/wp-content\/uploads\/2025\/09\/IMG-20250906-WA0083.jpg\"><img decoding=\"async\" class=\"alignleft size-medium wp-image-37203\" src=\"https:\/\/guineechrono.com\/wp-content\/uploads\/2025\/09\/IMG-20250906-WA0083-300x296.jpg\" alt=\"\" width=\"300\" height=\"296\" srcset=\"https:\/\/guineechrono.com\/wp-content\/uploads\/2025\/09\/IMG-20250906-WA0083-300x296.jpg 300w, https:\/\/guineechrono.com\/wp-content\/uploads\/2025\/09\/IMG-20250906-WA0083-768x758.jpg 768w, https:\/\/guineechrono.com\/wp-content\/uploads\/2025\/09\/IMG-20250906-WA0083-696x686.jpg 696w, https:\/\/guineechrono.com\/wp-content\/uploads\/2025\/09\/IMG-20250906-WA0083-426x420.jpg 426w, https:\/\/guineechrono.com\/wp-content\/uploads\/2025\/09\/IMG-20250906-WA0083.jpg 1024w\" sizes=\"(max-width: 300px) 100vw, 300px\" \/><\/a><\/p>\n<p>Le Ministre Namory Camara a soulign\u00e9 que l\u2019\u00e9lectricit\u00e9 repr\u00e9sente bien plus qu\u2019un service : \u00ab Elle est un droit fondamental, un levier de transformation sociale et \u00e9conomique. La lumi\u00e8re que nous allumons aujourd\u2019hui \u00e0 Siguirini n\u2019\u00e9claire pas seulement les foyers, elle ouvre aussi la voie au savoir, \u00e0 la sant\u00e9 et au d\u00e9veloppement \u00e9conomique. \u00bb<\/p>\n<p>Au nom des populations locales, le sous-pr\u00e9fet de Siguirini a exprim\u00e9 sa gratitude au pr\u00e9sident de la R\u00e9publique, le g\u00e9n\u00e9ral Mamadi Doumbouya, pour la r\u00e9alisation de ce projet. \u00ab Depuis l\u2019ind\u00e9pendance, notre commune n\u2019avait jamais b\u00e9n\u00e9fici\u00e9 d\u2019une telle infrastructure. Ce projet marquera un tournant dans notre d\u00e9veloppement \u00e9conomique, commercial et administratif \u00bb, a-t-il affirm\u00e9.<\/p>\n<p>De son c\u00f4t\u00e9, le pr\u00e9sident de la d\u00e9l\u00e9gation sp\u00e9ciale de Siguirini a appel\u00e9 les habitants \u00e0 veiller \u00e0 la p\u00e9rennit\u00e9 de cette installation. Il a invit\u00e9 les citoyens \u00e0 s\u2019abonner et \u00e0 s\u2019acquitter r\u00e9guli\u00e8rement de leurs recharges pr\u00e9pay\u00e9es afin d\u2019assurer l\u2019entretien du r\u00e9seau.<\/p>\n<p>Pour terminer, le ministre de l\u2019\u00c9nergie a exhort\u00e9 les habitants de Siguirini et de toute la r\u00e9gion \u00e0 soutenir la nouvelle constitution lors du r\u00e9f\u00e9rendum du 21 septembre prochain, en votant massivement \u00ab Oui \u00bb. Selon lui, ce choix garantira \u00ab la stabilit\u00e9, la justice sociale et le d\u00e9veloppement \u00bb du pays.<\/p>\n<p><strong>Envoy\u00e9 sp\u00e9ciale\u00a0<\/strong><\/p>\n<p><strong>Facinet Molota CAMARA\u00a0<\/strong><\/p>\n<p><strong>624 85 46 56\u00a0<\/strong><\/p>\n","protected":false},"excerpt":{"rendered":"<p>Apr\u00e8s Kalinko, le ministre de l\u2019\u00c9nergie, Namory Camara, a proc\u00e9d\u00e9 ce samedi 6 septembre 2025 \u00e0 l\u2019inauguration de la centrale solaire de Siguirini, dans la pr\u00e9fecture de Siguiri. D\u2019une capacit\u00e9 de 200 kilowatts, cette infrastructure s\u2019inscrit dans la politique nationale visant \u00e0 \u00e9largir l\u2019acc\u00e8s \u00e0 une \u00e9lectricit\u00e9 durable, fiable et abordable, notamment en milieu rural. [&hellip;]<\/p>\n","protected":false},"author":2,"featured_media":37201,"comment_status":"open","ping_status":"closed","sticky":false,"template":"","format":"standard","meta":{"buzzeditor_post_format":"","footnotes":""},"categories":[44,2,42],"tags":[],"class_list":["post-37199","post","type-post","status-publish","format-standard","has-post-thumbnail","hentry","category-economie","category-featured","category-news"],"jetpack_featured_media_url":"https:\/\/guineechrono.com\/wp-content\/uploads\/2025\/09\/IMG-20250906-WA0084.jpg","amp_enabled":true,"_links":{"self":[{"href":"https:\/\/guineechrono.com\/index.php\/wp-json\/wp\/v2\/posts\/37199","targetHints":{"allow":["GET"]}}],"collection":[{"href":"https:\/\/guineechrono.com\/index.php\/wp-json\/wp\/v2\/posts"}],"about":[{"href":"https:\/\/guineechrono.com\/index.php\/wp-json\/wp\/v2\/types\/post"}],"author":[{"embeddable":true,"href":"https:\/\/guineechrono.com\/index.php\/wp-json\/wp\/v2\/users\/2"}],"replies":[{"embeddable":true,"href":"https:\/\/guineechrono.com\/index.php\/wp-json\/wp\/v2\/comments?post=37199"}],"version-history":[{"count":3,"href":"https:\/\/guineechrono.com\/index.php\/wp-json\/wp\/v2\/posts\/37199\/revisions"}],"predecessor-version":[{"id":37205,"href":"https:\/\/guineechrono.com\/index.php\/wp-json\/wp\/v2\/posts\/37199\/revisions\/37205"}],"wp:featuredmedia":[{"embeddable":true,"href":"https:\/\/guineechrono.com\/index.php\/wp-json\/wp\/v2\/media\/37201"}],"wp:attachment":[{"href":"https:\/\/guineechrono.com\/index.php\/wp-json\/wp\/v2\/media?parent=37199"}],"wp:term":[{"taxonomy":"category","embeddable":true,"href":"https:\/\/guineechrono.com\/index.php\/wp-json\/wp\/v2\/categories?post=37199"},{"taxonomy":"post_tag","embeddable":true,"href":"https:\/\/guineechrono.com\/index.php\/wp-json\/wp\/v2\/tags?post=37199"}],"curies":[{"name":"wp","href":"https:\/\/api.w.org\/{rel}","templated":true}]}}