{"id":37206,"date":"2025-09-07T21:41:08","date_gmt":"2025-09-07T20:41:08","guid":{"rendered":"https:\/\/guineechrono.com\/?p=37206"},"modified":"2025-09-07T21:41:08","modified_gmt":"2025-09-07T20:41:08","slug":"matoto-le-monidar-organise-une-lecture-du-saint-coran-pour-la-paix-et-appelle-a-voter-oui-au-referendum","status":"publish","type":"post","link":"https:\/\/guineechrono.com\/index.php\/matoto-le-monidar-organise-une-lecture-du-saint-coran-pour-la-paix-et-appelle-a-voter-oui-au-referendum\/","title":{"rendered":"Matoto : le MONIDAR organise une lecture du Saint Coran pour la paix et appelle \u00e0 voter \u00ab OUI \u00bb au r\u00e9f\u00e9rendum"},"content":{"rendered":"<p><strong>Le Mouvement National et International pour la D\u00e9fense des Acquis de la R\u00e9publique (MONIDAR) a organis\u00e9, ce dimanche 7 septembre 2025, une lecture du Saint Coran dans l\u2019enceinte du coll\u00e8ge Yaguine et Fod\u00e9, \u00e0 Yimbaya Tannerie, dans la commune de Matoto. Cette c\u00e9r\u00e9monie de sacrifice spirituel, plac\u00e9e sous le signe de la paix et de l\u2019unit\u00e9 nationale, a \u00e9galement servi de cadre \u00e0 une sensibilisation des citoyens en faveur du vote massif pour le \u00ab OUI \u00bb au r\u00e9f\u00e9rendum constitutionnel pr\u00e9vu le 21 septembre prochain.<\/strong><\/p>\n<p><a href=\"https:\/\/guineechrono.com\/wp-content\/uploads\/2025\/09\/20250907_143026.jpg\"><img decoding=\"async\" class=\"alignleft size-medium wp-image-37207\" src=\"https:\/\/guineechrono.com\/wp-content\/uploads\/2025\/09\/20250907_143026-300x139.jpg\" alt=\"\" width=\"300\" height=\"139\" srcset=\"https:\/\/guineechrono.com\/wp-content\/uploads\/2025\/09\/20250907_143026-300x139.jpg 300w, https:\/\/guineechrono.com\/wp-content\/uploads\/2025\/09\/20250907_143026-1024x473.jpg 1024w, https:\/\/guineechrono.com\/wp-content\/uploads\/2025\/09\/20250907_143026-768x355.jpg 768w, https:\/\/guineechrono.com\/wp-content\/uploads\/2025\/09\/20250907_143026-1536x709.jpg 1536w, https:\/\/guineechrono.com\/wp-content\/uploads\/2025\/09\/20250907_143026-2048x946.jpg 2048w, https:\/\/guineechrono.com\/wp-content\/uploads\/2025\/09\/20250907_143026-696x321.jpg 696w, https:\/\/guineechrono.com\/wp-content\/uploads\/2025\/09\/20250907_143026-1068x493.jpg 1068w, https:\/\/guineechrono.com\/wp-content\/uploads\/2025\/09\/20250907_143026-910x420.jpg 910w, https:\/\/guineechrono.com\/wp-content\/uploads\/2025\/09\/20250907_143026-1920x887.jpg 1920w\" sizes=\"(max-width: 300px) 100vw, 300px\" \/><\/a><\/p>\n<p>Dans son allocution, Wahab Cond\u00e9, pr\u00e9sident du mouvement a rappel\u00e9 la philosophie du MONIDAR : \u00ab Le Mouvement National et International pour la D\u00e9fense des Acquis de la R\u00e9publique est une initiative des jeunes cadres guin\u00e9ens unis pour contribuer au d\u00e9veloppement de la nation. Nous \u0153uvrons pour la promotion des principes d\u00e9mocratiques, la justice sociale et l\u2019\u00e9quit\u00e9. Notre mouvement est repr\u00e9sent\u00e9 \u00e0 travers tout le pays \u00bb, a-t-il indiqu\u00e9.<\/p>\n<p>Il a ensuite pr\u00e9cis\u00e9 les objectifs de cette journ\u00e9e de pri\u00e8re : \u0152uvrer pour la paix et l\u2019unit\u00e9 nationale, prier pour le pr\u00e9sident de la R\u00e9publique, le G\u00e9n\u00e9ral Mamadi Doumbouya et invoquer la b\u00e9n\u00e9diction divine pour la jeunesse guin\u00e9enne et ses projets.<\/p>\n<p><a href=\"https:\/\/guineechrono.com\/wp-content\/uploads\/2025\/09\/20250907_165939.jpg\"><img fetchpriority=\"high\" decoding=\"async\" class=\"alignleft size-medium wp-image-37208\" src=\"https:\/\/guineechrono.com\/wp-content\/uploads\/2025\/09\/20250907_165939-300x169.jpg\" alt=\"\" width=\"300\" height=\"169\" srcset=\"https:\/\/guineechrono.com\/wp-content\/uploads\/2025\/09\/20250907_165939-300x169.jpg 300w, https:\/\/guineechrono.com\/wp-content\/uploads\/2025\/09\/20250907_165939-1024x576.jpg 1024w, https:\/\/guineechrono.com\/wp-content\/uploads\/2025\/09\/20250907_165939-768x432.jpg 768w, https:\/\/guineechrono.com\/wp-content\/uploads\/2025\/09\/20250907_165939-1536x865.jpg 1536w, https:\/\/guineechrono.com\/wp-content\/uploads\/2025\/09\/20250907_165939-2048x1153.jpg 2048w, https:\/\/guineechrono.com\/wp-content\/uploads\/2025\/09\/20250907_165939-696x392.jpg 696w, https:\/\/guineechrono.com\/wp-content\/uploads\/2025\/09\/20250907_165939-1068x601.jpg 1068w, https:\/\/guineechrono.com\/wp-content\/uploads\/2025\/09\/20250907_165939-746x420.jpg 746w, https:\/\/guineechrono.com\/wp-content\/uploads\/2025\/09\/20250907_165939-1920x1081.jpg 1920w\" sizes=\"(max-width: 300px) 100vw, 300px\" \/><\/a><\/p>\n<p>Le pr\u00e9sident du MONIDAR a aussi invit\u00e9 les citoyens \u00e0 retirer leurs cartes d\u2019\u00e9lecteurs et \u00e0 voter massivement en faveur du \u00ab OUI \u00bb le 21 septembre.<\/p>\n<p>\u00ab Nous voulons 100 % de OUI pour cette nouvelle Constitution \u00bb, a-t-il lanc\u00e9.<\/p>\n<p>Pr\u00e9sente \u00e0 la c\u00e9r\u00e9monie, l\u2019ambassadrice Nanette Cont\u00e9, \u00ab la maman du mouvement \u00bb, a exhort\u00e9 les Guin\u00e9ens \u00e0 accompagner la vision du Chef de l\u2019\u00c9tat.<\/p>\n<p><a href=\"https:\/\/guineechrono.com\/wp-content\/uploads\/2025\/09\/20250907_165637.jpg\"><img decoding=\"async\" class=\"alignleft size-medium wp-image-37209\" src=\"https:\/\/guineechrono.com\/wp-content\/uploads\/2025\/09\/20250907_165637-300x169.jpg\" alt=\"\" width=\"300\" height=\"169\" srcset=\"https:\/\/guineechrono.com\/wp-content\/uploads\/2025\/09\/20250907_165637-300x169.jpg 300w, https:\/\/guineechrono.com\/wp-content\/uploads\/2025\/09\/20250907_165637-1024x576.jpg 1024w, https:\/\/guineechrono.com\/wp-content\/uploads\/2025\/09\/20250907_165637-768x432.jpg 768w, https:\/\/guineechrono.com\/wp-content\/uploads\/2025\/09\/20250907_165637-1536x865.jpg 1536w, https:\/\/guineechrono.com\/wp-content\/uploads\/2025\/09\/20250907_165637-2048x1153.jpg 2048w, https:\/\/guineechrono.com\/wp-content\/uploads\/2025\/09\/20250907_165637-696x392.jpg 696w, https:\/\/guineechrono.com\/wp-content\/uploads\/2025\/09\/20250907_165637-1068x601.jpg 1068w, https:\/\/guineechrono.com\/wp-content\/uploads\/2025\/09\/20250907_165637-746x420.jpg 746w, https:\/\/guineechrono.com\/wp-content\/uploads\/2025\/09\/20250907_165637-1920x1081.jpg 1920w\" sizes=\"(max-width: 300px) 100vw, 300px\" \/><\/a><\/p>\n<p>\u00ab Je ne peux que donner des conseils de sagesse aux membres du MONIDAR pour soutenir le CNRD et le G\u00e9n\u00e9ral Mamadi Doumbouya. Le 21 septembre, votons OUI pour doter notre pays d\u2019une nouvelle Constitution et lui redonner sa place sur la sc\u00e8ne internationale \u00bb, a-t-elle insist\u00e9.<\/p>\n<p>Dans le m\u00eame esprit, Mohamed Lamine Ke\u00efta, repr\u00e9sentant du pr\u00e9sident du CNT, a soulign\u00e9 l\u2019importance de ce projet de Constitution.<\/p>\n<p><a href=\"https:\/\/guineechrono.com\/wp-content\/uploads\/2025\/09\/20250907_162129.jpg\"><img loading=\"lazy\" decoding=\"async\" class=\"alignleft size-medium wp-image-37210\" src=\"https:\/\/guineechrono.com\/wp-content\/uploads\/2025\/09\/20250907_162129-300x139.jpg\" alt=\"\" width=\"300\" height=\"139\" srcset=\"https:\/\/guineechrono.com\/wp-content\/uploads\/2025\/09\/20250907_162129-300x139.jpg 300w, https:\/\/guineechrono.com\/wp-content\/uploads\/2025\/09\/20250907_162129-1024x473.jpg 1024w, https:\/\/guineechrono.com\/wp-content\/uploads\/2025\/09\/20250907_162129-768x355.jpg 768w, https:\/\/guineechrono.com\/wp-content\/uploads\/2025\/09\/20250907_162129-1536x709.jpg 1536w, https:\/\/guineechrono.com\/wp-content\/uploads\/2025\/09\/20250907_162129-2048x946.jpg 2048w, https:\/\/guineechrono.com\/wp-content\/uploads\/2025\/09\/20250907_162129-696x321.jpg 696w, https:\/\/guineechrono.com\/wp-content\/uploads\/2025\/09\/20250907_162129-1068x493.jpg 1068w, https:\/\/guineechrono.com\/wp-content\/uploads\/2025\/09\/20250907_162129-910x420.jpg 910w, https:\/\/guineechrono.com\/wp-content\/uploads\/2025\/09\/20250907_162129-1920x887.jpg 1920w\" sizes=\"(max-width: 300px) 100vw, 300px\" \/><\/a><\/p>\n<p>\u00ab Cette nouvelle Constitution prend en compte nos aspirations, nos m\u0153urs et nos pr\u00e9occupations. Elle ouvre un nouveau chapitre de l\u2019histoire de la Guin\u00e9e. J\u2019exhorte chaque citoyen \u00e0 aller voter massivement OUI \u00bb, a-t-il d\u00e9clar\u00e9.<\/p>\n<p>La rencontre a connu la pr\u00e9sence des notables, des chefs de quartiers de Matoto ainsi que des coordinateurs du MONIDAR venus de Conakry et de l\u2019int\u00e9rieur du pays, marquant une forte adh\u00e9sion locale \u00e0 cette initiative.<\/p>\n<p><strong>Bolokada Sano\u00a0<\/strong><\/p>\n<p><strong>626641732<\/strong><\/p>\n","protected":false},"excerpt":{"rendered":"<p>Le Mouvement National et International pour la D\u00e9fense des Acquis de la R\u00e9publique (MONIDAR) a organis\u00e9, ce dimanche 7 septembre 2025, une lecture du Saint Coran dans l\u2019enceinte du coll\u00e8ge Yaguine et Fod\u00e9, \u00e0 Yimbaya Tannerie, dans la commune de Matoto. Cette c\u00e9r\u00e9monie de sacrifice spirituel, plac\u00e9e sous le signe de la paix et de [&hellip;]<\/p>\n","protected":false},"author":2,"featured_media":37212,"comment_status":"open","ping_status":"closed","sticky":false,"template":"","format":"standard","meta":{"buzzeditor_post_format":"","footnotes":""},"categories":[47,2,42],"tags":[],"class_list":["post-37206","post","type-post","status-publish","format-standard","has-post-thumbnail","hentry","category-culture","category-featured","category-news"],"jetpack_featured_media_url":"https:\/\/guineechrono.com\/wp-content\/uploads\/2025\/09\/20250907_155807.jpg","amp_enabled":true,"_links":{"self":[{"href":"https:\/\/guineechrono.com\/index.php\/wp-json\/wp\/v2\/posts\/37206","targetHints":{"allow":["GET"]}}],"collection":[{"href":"https:\/\/guineechrono.com\/index.php\/wp-json\/wp\/v2\/posts"}],"about":[{"href":"https:\/\/guineechrono.com\/index.php\/wp-json\/wp\/v2\/types\/post"}],"author":[{"embeddable":true,"href":"https:\/\/guineechrono.com\/index.php\/wp-json\/wp\/v2\/users\/2"}],"replies":[{"embeddable":true,"href":"https:\/\/guineechrono.com\/index.php\/wp-json\/wp\/v2\/comments?post=37206"}],"version-history":[{"count":1,"href":"https:\/\/guineechrono.com\/index.php\/wp-json\/wp\/v2\/posts\/37206\/revisions"}],"predecessor-version":[{"id":37213,"href":"https:\/\/guineechrono.com\/index.php\/wp-json\/wp\/v2\/posts\/37206\/revisions\/37213"}],"wp:featuredmedia":[{"embeddable":true,"href":"https:\/\/guineechrono.com\/index.php\/wp-json\/wp\/v2\/media\/37212"}],"wp:attachment":[{"href":"https:\/\/guineechrono.com\/index.php\/wp-json\/wp\/v2\/media?parent=37206"}],"wp:term":[{"taxonomy":"category","embeddable":true,"href":"https:\/\/guineechrono.com\/index.php\/wp-json\/wp\/v2\/categories?post=37206"},{"taxonomy":"post_tag","embeddable":true,"href":"https:\/\/guineechrono.com\/index.php\/wp-json\/wp\/v2\/tags?post=37206"}],"curies":[{"name":"wp","href":"https:\/\/api.w.org\/{rel}","templated":true}]}}