{"id":37223,"date":"2025-09-08T16:04:03","date_gmt":"2025-09-08T15:04:03","guid":{"rendered":"https:\/\/guineechrono.com\/?p=37223"},"modified":"2025-09-08T16:04:03","modified_gmt":"2025-09-08T15:04:03","slug":"dr-koureissy-conde-il-ny-a-pas-de-constitution-parfaite","status":"publish","type":"post","link":"https:\/\/guineechrono.com\/index.php\/dr-koureissy-conde-il-ny-a-pas-de-constitution-parfaite\/","title":{"rendered":"Dr Koureissy Cond\u00e9 : \u00ab Il n\u2019y a pas de constitution parfaite\u2026 \u00bb"},"content":{"rendered":"<p>Pr\u00e9sent \u00e0 la c\u00e9r\u00e9monie officielle de lancement de la campagne du PDG-RDA en faveur du \u00ab\u00a0oui\u00a0\u00bb au r\u00e9f\u00e9rendum constitutionnel du 21 septembre prochain, Dr Koureissy Cond\u00e9, pr\u00e9sident de l\u2019Alliance pour le Renouveau National (ARENA), a prononc\u00e9 un discours marqu\u00e9 par des hommages appuy\u00e9s aux figures historiques de l\u2019ind\u00e9pendance et une d\u00e9fense assum\u00e9e de la nouvelle constitution.<\/p>\n<p>Devant une assembl\u00e9e de militants et militantes du parti de feu Ahmed S\u00e9kou Tour\u00e9, Dr Cond\u00e9 a salu\u00e9 les \u00ab acteurs de la lutte pour l\u2019ind\u00e9pendance \u00bb, \u00e9voquant \u00ab la souffrance due au manque de reconnaissance \u00bb et \u00ab la violence orchestr\u00e9e contre le patrimoine et les acquis du PDG \u00bb. Il a tenu \u00e0 leur rendre un hommage solennel, estimant que certains sont encore parmi nous, tandis que d&rsquo;autres ont disparu, \u00ab mais leur combat reste vivant \u00bb.<\/p>\n<p><strong>Une nouvelle constitution comme \u00ab acte fondateur \u00bb<\/strong><\/p>\n<p>Abordant l\u2019actualit\u00e9 politique, l\u2019ancien ministre et acteur de la soci\u00e9t\u00e9 civile a insist\u00e9 sur l\u2019importance du projet de nouvelle constitution, qu\u2019il qualifie d\u2019\u00ab acte fondateur pour le pays \u00bb. Sous les applaudissements nourris de la salle, il a soulign\u00e9 que ce texte portait les \u00ab valeurs cardinales \u00bb n\u00e9cessaires pour \u00ab le retour \u00e0 un ordre constitutionnel normal \u00bb.<\/p>\n<p>\u00ab Aujourd\u2019hui, nous sommes \u00e0 un rendez-vous historique \u00bb, a-t-il d\u00e9clar\u00e9. \u00ab Il s\u2019agit de r\u00e9affirmer notre position, d\u00e9j\u00e0 claire : notre soutien \u00e0 la nouvelle constitution et au r\u00e9f\u00e9rendum du 21 septembre, mais aussi notre reconnaissance envers le pr\u00e9sident Mamadi Doumbouya \u00bb, a-t-il ajout\u00e9.<\/p>\n<p><strong>Le soutien de l\u2019ARENA<\/strong><\/p>\n<p>Dr Koureissy Cond\u00e9 a \u00e9galement rappel\u00e9 que l\u2019ARENA, qu\u2019il dirige, est une \u00ab filiale \u00bb et un \u00ab produit \u00bb du PDG-RDA. C\u2019est donc en toute logique que son parti s\u2019inscrit pleinement dans la dynamique de soutien \u00e0 la nouvelle constitution. Il appelle ainsi \u00e0 un vote massif en faveur du \u00ab\u00a0oui\u00a0\u00bb lors du scrutin \u00e0 venir.<\/p>\n<p><strong>\u00ab Une constitution ne doit pas faire l\u2019unanimit\u00e9 \u00bb<\/strong><\/p>\n<p>Dans une d\u00e9claration remarqu\u00e9e, le pr\u00e9sident de l\u2019ARENA a tenu \u00e0 rappeler que l\u2019unanimit\u00e9 autour d\u2019une constitution serait contre-productive et contraire aux principes d\u00e9mocratiques.<\/p>\n<p>\u00ab Il n\u2019y a pas de constitution parfaite. D\u00e8s qu\u2019il y a une unanimit\u00e9 totale autour d\u2019un projet de constitution, cela signifie qu\u2019il y a atteinte \u00e0 la libert\u00e9 d\u2019expression \u00bb, a-t-il affirm\u00e9. Pour lui, la diversit\u00e9 des opinions est essentielle dans un d\u00e9bat constitutionnel, et les amendements futurs permettront de prendre en compte les pr\u00e9occupations des \u00e9lecteurs, y compris celles des minorit\u00e9s.<\/p>\n<p><strong>R\u00e9daction<\/strong><\/p>\n<p>&nbsp;<\/p>\n","protected":false},"excerpt":{"rendered":"<p>Pr\u00e9sent \u00e0 la c\u00e9r\u00e9monie officielle de lancement de la campagne du PDG-RDA en faveur du \u00ab\u00a0oui\u00a0\u00bb au r\u00e9f\u00e9rendum constitutionnel du 21 septembre prochain, Dr Koureissy Cond\u00e9, pr\u00e9sident de l\u2019Alliance pour le Renouveau National (ARENA), a prononc\u00e9 un discours marqu\u00e9 par des hommages appuy\u00e9s aux figures historiques de l\u2019ind\u00e9pendance et une d\u00e9fense assum\u00e9e de la nouvelle [&hellip;]<\/p>\n","protected":false},"author":2,"featured_media":37224,"comment_status":"open","ping_status":"closed","sticky":false,"template":"","format":"standard","meta":{"buzzeditor_post_format":"","footnotes":""},"categories":[42],"tags":[],"class_list":["post-37223","post","type-post","status-publish","format-standard","has-post-thumbnail","hentry","category-news"],"jetpack_featured_media_url":"https:\/\/guineechrono.com\/wp-content\/uploads\/2025\/09\/image_870x_649b0b1df2d5c.jpg","amp_enabled":true,"_links":{"self":[{"href":"https:\/\/guineechrono.com\/index.php\/wp-json\/wp\/v2\/posts\/37223","targetHints":{"allow":["GET"]}}],"collection":[{"href":"https:\/\/guineechrono.com\/index.php\/wp-json\/wp\/v2\/posts"}],"about":[{"href":"https:\/\/guineechrono.com\/index.php\/wp-json\/wp\/v2\/types\/post"}],"author":[{"embeddable":true,"href":"https:\/\/guineechrono.com\/index.php\/wp-json\/wp\/v2\/users\/2"}],"replies":[{"embeddable":true,"href":"https:\/\/guineechrono.com\/index.php\/wp-json\/wp\/v2\/comments?post=37223"}],"version-history":[{"count":1,"href":"https:\/\/guineechrono.com\/index.php\/wp-json\/wp\/v2\/posts\/37223\/revisions"}],"predecessor-version":[{"id":37225,"href":"https:\/\/guineechrono.com\/index.php\/wp-json\/wp\/v2\/posts\/37223\/revisions\/37225"}],"wp:featuredmedia":[{"embeddable":true,"href":"https:\/\/guineechrono.com\/index.php\/wp-json\/wp\/v2\/media\/37224"}],"wp:attachment":[{"href":"https:\/\/guineechrono.com\/index.php\/wp-json\/wp\/v2\/media?parent=37223"}],"wp:term":[{"taxonomy":"category","embeddable":true,"href":"https:\/\/guineechrono.com\/index.php\/wp-json\/wp\/v2\/categories?post=37223"},{"taxonomy":"post_tag","embeddable":true,"href":"https:\/\/guineechrono.com\/index.php\/wp-json\/wp\/v2\/tags?post=37223"}],"curies":[{"name":"wp","href":"https:\/\/api.w.org\/{rel}","templated":true}]}}