{"id":37226,"date":"2025-09-08T17:15:38","date_gmt":"2025-09-08T16:15:38","guid":{"rendered":"https:\/\/guineechrono.com\/?p=37226"},"modified":"2025-09-08T17:15:38","modified_gmt":"2025-09-08T16:15:38","slug":"sante-lhumoriste-guineen-mingo-evacue-en-allemagne-pour-des-soins-medicaux","status":"publish","type":"post","link":"https:\/\/guineechrono.com\/index.php\/sante-lhumoriste-guineen-mingo-evacue-en-allemagne-pour-des-soins-medicaux\/","title":{"rendered":"Sant\u00e9 : l\u2019humoriste guin\u00e9en Mingo \u00e9vacu\u00e9 en Allemagne pour des soins m\u00e9dicaux"},"content":{"rendered":"<p>L\u2019humoriste guin\u00e9en Mingo, connu pour son humour percutant et son engagement artistique, a \u00e9t\u00e9 \u00e9vacu\u00e9 ce samedi vers l\u2019Allemagne pour y recevoir des soins m\u00e9dicaux sp\u00e9cialis\u00e9s. Son d\u00e9part a eu lieu en pr\u00e9sence du ministre de la Culture et de l\u2019Artisanat, Moussa Mo\u00efse Sylla, accompagn\u00e9 de membres de son cabinet ainsi que de repr\u00e9sentants du Bureau guin\u00e9en du droit d\u2019auteur (BGDA).<\/p>\n<p>Selon les informations fournies par le minist\u00e8re de la Culture, Mingo a voyag\u00e9 en compagnie de son \u00e9pouse. Avant de quitter Conakry, l\u2019artiste a tenu \u00e0 exprimer sa profonde gratitude au Pr\u00e9sident de la R\u00e9publique, le G\u00e9n\u00e9ral Mamadi Doumbouya, qui lui avait offert un v\u00e9hicule la semaine pr\u00e9c\u00e9dente. Il a \u00e9galement remerci\u00e9 le ministre de la Culture, ainsi que toutes les personnes qui l\u2019ont soutenu durant sa p\u00e9riode de maladie.<\/p>\n<p>L\u2019\u00e9vacuation m\u00e9dicale de l\u2019artiste a \u00e9t\u00e9 rendue possible gr\u00e2ce \u00e0 l\u2019intervention de Mme Kadjatou Doumbouya. Inform\u00e9e de la situation par le ministre Sylla, elle a rapidement mobilis\u00e9 son r\u00e9seau pour organiser le voyage m\u00e9dical. Ce geste t\u00e9moigne de l\u2019implication personnelle des plus hautes autorit\u00e9s en faveur des artistes guin\u00e9ens.<\/p>\n<p>Dans une br\u00e8ve allocution \u00e0 l\u2019a\u00e9roport, le ministre Moussa Mo\u00efse Sylla a rappel\u00e9 que :<\/p>\n<p>\u00ab Le d\u00e9veloppement de la culture, oui, mais la protection des artistes qui permettent la cr\u00e9ativit\u00e9 et l\u2019innovation, d\u2019abord. \u00bb<\/p>\n<p>Il a \u00e9galement insist\u00e9 sur la n\u00e9cessit\u00e9 de faire de la sant\u00e9 des cr\u00e9ateurs une priorit\u00e9 nationale, affirmant que les artistes constituent le moteur du patrimoine culturel guin\u00e9en.<\/p>\n<p>Ce geste de solidarit\u00e9 renforce ainsi la volont\u00e9 affich\u00e9e des autorit\u00e9s, en particulier du chef de l\u2019\u00c9tat et du minist\u00e8re de la Culture, de soutenir les artistes et de reconna\u00eetre leur r\u00f4le fondamental au sein de la soci\u00e9t\u00e9.<\/p>\n<p><strong>R\u00e9daction <\/strong><\/p>\n","protected":false},"excerpt":{"rendered":"<p>L\u2019humoriste guin\u00e9en Mingo, connu pour son humour percutant et son engagement artistique, a \u00e9t\u00e9 \u00e9vacu\u00e9 ce samedi vers l\u2019Allemagne pour y recevoir des soins m\u00e9dicaux sp\u00e9cialis\u00e9s. Son d\u00e9part a eu lieu en pr\u00e9sence du ministre de la Culture et de l\u2019Artisanat, Moussa Mo\u00efse Sylla, accompagn\u00e9 de membres de son cabinet ainsi que de repr\u00e9sentants du [&hellip;]<\/p>\n","protected":false},"author":2,"featured_media":37227,"comment_status":"open","ping_status":"closed","sticky":false,"template":"","format":"standard","meta":{"buzzeditor_post_format":"","footnotes":""},"categories":[42],"tags":[],"class_list":["post-37226","post","type-post","status-publish","format-standard","has-post-thumbnail","hentry","category-news"],"jetpack_featured_media_url":"https:\/\/guineechrono.com\/wp-content\/uploads\/2025\/09\/Mingo.jpg","amp_enabled":true,"_links":{"self":[{"href":"https:\/\/guineechrono.com\/index.php\/wp-json\/wp\/v2\/posts\/37226","targetHints":{"allow":["GET"]}}],"collection":[{"href":"https:\/\/guineechrono.com\/index.php\/wp-json\/wp\/v2\/posts"}],"about":[{"href":"https:\/\/guineechrono.com\/index.php\/wp-json\/wp\/v2\/types\/post"}],"author":[{"embeddable":true,"href":"https:\/\/guineechrono.com\/index.php\/wp-json\/wp\/v2\/users\/2"}],"replies":[{"embeddable":true,"href":"https:\/\/guineechrono.com\/index.php\/wp-json\/wp\/v2\/comments?post=37226"}],"version-history":[{"count":1,"href":"https:\/\/guineechrono.com\/index.php\/wp-json\/wp\/v2\/posts\/37226\/revisions"}],"predecessor-version":[{"id":37228,"href":"https:\/\/guineechrono.com\/index.php\/wp-json\/wp\/v2\/posts\/37226\/revisions\/37228"}],"wp:featuredmedia":[{"embeddable":true,"href":"https:\/\/guineechrono.com\/index.php\/wp-json\/wp\/v2\/media\/37227"}],"wp:attachment":[{"href":"https:\/\/guineechrono.com\/index.php\/wp-json\/wp\/v2\/media?parent=37226"}],"wp:term":[{"taxonomy":"category","embeddable":true,"href":"https:\/\/guineechrono.com\/index.php\/wp-json\/wp\/v2\/categories?post=37226"},{"taxonomy":"post_tag","embeddable":true,"href":"https:\/\/guineechrono.com\/index.php\/wp-json\/wp\/v2\/tags?post=37226"}],"curies":[{"name":"wp","href":"https:\/\/api.w.org\/{rel}","templated":true}]}}