{"id":37229,"date":"2025-09-08T19:41:28","date_gmt":"2025-09-08T18:41:28","guid":{"rendered":"https:\/\/guineechrono.com\/?p=37229"},"modified":"2025-09-08T19:41:28","modified_gmt":"2025-09-08T18:41:28","slug":"nimba-dor-special-transition-ladministrateur-general-dagb2a-gic-ahmed-kante-distingue-pour-son-engagement","status":"publish","type":"post","link":"https:\/\/guineechrono.com\/index.php\/nimba-dor-special-transition-ladministrateur-general-dagb2a-gic-ahmed-kante-distingue-pour-son-engagement\/","title":{"rendered":"Nimba d\u2019Or sp\u00e9cial Transition : L\u2018Administrateur G\u00e9n\u00e9ral d\u2019AGB2A-GIC, Ahmed Kant\u00e9 distingu\u00e9 pour son engagement"},"content":{"rendered":"<p>Le palais du peuple a vibr\u00e9 ce week-end au rythme de la c\u00e9r\u00e9monie de distinction des Nimba d\u2019Or sp\u00e9cial Transition, un rendez-vous annuel qui met en lumi\u00e8re les acteurs ayant marqu\u00e9 la vie sociopolitique et institutionnelle du pays. Organis\u00e9e par l\u2019Association de la Presse Sportive de Guin\u00e9e Path\u00e9 Diallo (APSG), M. Ahmed Kant\u00e9 a re\u00e7u un satisfecit en reconnaissance de son engagement, de sa constance et de sa contribution significative \u00e0 l\u2019\u00e9dification nationale.<\/p>\n<p><a href=\"https:\/\/guineechrono.com\/wp-content\/uploads\/2025\/09\/IMG-20250908-WA0268.jpg\"><img fetchpriority=\"high\" decoding=\"async\" class=\"alignleft size-medium wp-image-37231\" src=\"https:\/\/guineechrono.com\/wp-content\/uploads\/2025\/09\/IMG-20250908-WA0268-200x300.jpg\" alt=\"\" width=\"200\" height=\"300\" srcset=\"https:\/\/guineechrono.com\/wp-content\/uploads\/2025\/09\/IMG-20250908-WA0268-200x300.jpg 200w, https:\/\/guineechrono.com\/wp-content\/uploads\/2025\/09\/IMG-20250908-WA0268-683x1024.jpg 683w, https:\/\/guineechrono.com\/wp-content\/uploads\/2025\/09\/IMG-20250908-WA0268-768x1152.jpg 768w, https:\/\/guineechrono.com\/wp-content\/uploads\/2025\/09\/IMG-20250908-WA0268-1024x1536.jpg 1024w, https:\/\/guineechrono.com\/wp-content\/uploads\/2025\/09\/IMG-20250908-WA0268-1365x2048.jpg 1365w, https:\/\/guineechrono.com\/wp-content\/uploads\/2025\/09\/IMG-20250908-WA0268-696x1044.jpg 696w, https:\/\/guineechrono.com\/wp-content\/uploads\/2025\/09\/IMG-20250908-WA0268-1068x1602.jpg 1068w, https:\/\/guineechrono.com\/wp-content\/uploads\/2025\/09\/IMG-20250908-WA0268-280x420.jpg 280w, https:\/\/guineechrono.com\/wp-content\/uploads\/2025\/09\/IMG-20250908-WA0268.jpg 1376w\" sizes=\"(max-width: 200px) 100vw, 200px\" \/><\/a><\/p>\n<p>&nbsp;<\/p>\n<p>&nbsp;<\/p>\n<p>&nbsp;<\/p>\n<p>&nbsp;<\/p>\n<p>&nbsp;<\/p>\n<p>Homme de vision et de terrain, Ahmed Kant\u00e9 s\u2019est illustr\u00e9 ces derni\u00e8res ann\u00e9es par son implication active dans l\u2019accompagnement des initiatives de la Transition. Sa distinction vient couronner un parcours empreint de patriotisme et de d\u00e9vouement au service de la R\u00e9publique.<\/p>\n<p><a href=\"https:\/\/guineechrono.com\/wp-content\/uploads\/2025\/09\/IMG-20250908-WA0281.jpg\"><img decoding=\"async\" class=\"alignleft size-medium wp-image-37232\" src=\"https:\/\/guineechrono.com\/wp-content\/uploads\/2025\/09\/IMG-20250908-WA0281-300x202.jpg\" alt=\"\" width=\"300\" height=\"202\" srcset=\"https:\/\/guineechrono.com\/wp-content\/uploads\/2025\/09\/IMG-20250908-WA0281-300x202.jpg 300w, https:\/\/guineechrono.com\/wp-content\/uploads\/2025\/09\/IMG-20250908-WA0281-1024x690.jpg 1024w, https:\/\/guineechrono.com\/wp-content\/uploads\/2025\/09\/IMG-20250908-WA0281-768x517.jpg 768w, https:\/\/guineechrono.com\/wp-content\/uploads\/2025\/09\/IMG-20250908-WA0281-1536x1034.jpg 1536w, https:\/\/guineechrono.com\/wp-content\/uploads\/2025\/09\/IMG-20250908-WA0281-2048x1379.jpg 2048w, https:\/\/guineechrono.com\/wp-content\/uploads\/2025\/09\/IMG-20250908-WA0281-696x469.jpg 696w, https:\/\/guineechrono.com\/wp-content\/uploads\/2025\/09\/IMG-20250908-WA0281-1068x719.jpg 1068w, https:\/\/guineechrono.com\/wp-content\/uploads\/2025\/09\/IMG-20250908-WA0281-624x420.jpg 624w, https:\/\/guineechrono.com\/wp-content\/uploads\/2025\/09\/IMG-20250908-WA0281-1920x1293.jpg 1920w\" sizes=\"(max-width: 300px) 100vw, 300px\" \/><\/a><\/p>\n<p>&nbsp;<\/p>\n<p>&nbsp;<\/p>\n<p>&nbsp;<\/p>\n<p>&nbsp;<\/p>\n<p>\u00ab Ce satisfecit n\u2019est pas seulement le mien. Il est celui de tous ceux qui, chaque jour, travaillent sans rel\u00e2che pour l\u2019unit\u00e9, la paix et le d\u00e9veloppement de notre pays. Je le re\u00e7ois avec humilit\u00e9 et sens de responsabilit\u00e9 \u00bb, a d\u00e9clar\u00e9 Ahmed Kant\u00e9 apr\u00e8s avoir re\u00e7u son prix, sous les applaudissements nourris du public.<\/p>\n<p><a href=\"https:\/\/guineechrono.com\/wp-content\/uploads\/2025\/09\/IMG-20250908-WA0043-280x420-1.jpg\"><img decoding=\"async\" class=\"alignleft size-medium wp-image-37233\" src=\"https:\/\/guineechrono.com\/wp-content\/uploads\/2025\/09\/IMG-20250908-WA0043-280x420-1-200x300.jpg\" alt=\"\" width=\"200\" height=\"300\" srcset=\"https:\/\/guineechrono.com\/wp-content\/uploads\/2025\/09\/IMG-20250908-WA0043-280x420-1-200x300.jpg 200w, https:\/\/guineechrono.com\/wp-content\/uploads\/2025\/09\/IMG-20250908-WA0043-280x420-1.jpg 280w\" sizes=\"(max-width: 200px) 100vw, 200px\" \/><\/a><\/p>\n<p>&nbsp;<\/p>\n<p>&nbsp;<\/p>\n<p>&nbsp;<\/p>\n<p>&nbsp;<\/p>\n<p>&nbsp;<\/p>\n<p>\u00c0 travers ce Nimba d\u2019Or, le comit\u00e9 d\u2019organisation a voulu saluer la vision, la rigueur et l\u2019engagement d\u2019un homme qui demeure une figure de proue dans la consolidation des acquis de la Transition. Une reconnaissance qui, au-del\u00e0 de la personne d\u2019Ahmed Kant\u00e9, met en avant la n\u00e9cessit\u00e9 pour tous les cadres et citoyens de conjuguer leurs efforts pour \u00e9crire une nouvelle page de l\u2019histoire de la Guin\u00e9e.<\/p>\n<p><a href=\"https:\/\/guineechrono.com\/wp-content\/uploads\/2025\/09\/IMG-20250908-WA0044-280x420-1.jpg\"><img loading=\"lazy\" decoding=\"async\" class=\"alignleft size-medium wp-image-37234\" src=\"https:\/\/guineechrono.com\/wp-content\/uploads\/2025\/09\/IMG-20250908-WA0044-280x420-1-200x300.jpg\" alt=\"\" width=\"200\" height=\"300\" srcset=\"https:\/\/guineechrono.com\/wp-content\/uploads\/2025\/09\/IMG-20250908-WA0044-280x420-1-200x300.jpg 200w, https:\/\/guineechrono.com\/wp-content\/uploads\/2025\/09\/IMG-20250908-WA0044-280x420-1.jpg 280w\" sizes=\"(max-width: 200px) 100vw, 200px\" \/><\/a><\/p>\n<p>&nbsp;<\/p>\n<p>&nbsp;<\/p>\n<p>&nbsp;<\/p>\n<p>&nbsp;<\/p>\n<p>&nbsp;<\/p>\n<p><strong>Hamzah BAH<\/strong><\/p>\n<p>&nbsp;<\/p>\n","protected":false},"excerpt":{"rendered":"<p>Le palais du peuple a vibr\u00e9 ce week-end au rythme de la c\u00e9r\u00e9monie de distinction des Nimba d\u2019Or sp\u00e9cial Transition, un rendez-vous annuel qui met en lumi\u00e8re les acteurs ayant marqu\u00e9 la vie sociopolitique et institutionnelle du pays. Organis\u00e9e par l\u2019Association de la Presse Sportive de Guin\u00e9e Path\u00e9 Diallo (APSG), M. Ahmed Kant\u00e9 a re\u00e7u [&hellip;]<\/p>\n","protected":false},"author":2,"featured_media":37230,"comment_status":"open","ping_status":"closed","sticky":false,"template":"","format":"standard","meta":{"buzzeditor_post_format":"","footnotes":""},"categories":[47],"tags":[],"class_list":["post-37229","post","type-post","status-publish","format-standard","has-post-thumbnail","hentry","category-culture"],"jetpack_featured_media_url":"https:\/\/guineechrono.com\/wp-content\/uploads\/2025\/09\/nimba.jpg","amp_enabled":true,"_links":{"self":[{"href":"https:\/\/guineechrono.com\/index.php\/wp-json\/wp\/v2\/posts\/37229","targetHints":{"allow":["GET"]}}],"collection":[{"href":"https:\/\/guineechrono.com\/index.php\/wp-json\/wp\/v2\/posts"}],"about":[{"href":"https:\/\/guineechrono.com\/index.php\/wp-json\/wp\/v2\/types\/post"}],"author":[{"embeddable":true,"href":"https:\/\/guineechrono.com\/index.php\/wp-json\/wp\/v2\/users\/2"}],"replies":[{"embeddable":true,"href":"https:\/\/guineechrono.com\/index.php\/wp-json\/wp\/v2\/comments?post=37229"}],"version-history":[{"count":1,"href":"https:\/\/guineechrono.com\/index.php\/wp-json\/wp\/v2\/posts\/37229\/revisions"}],"predecessor-version":[{"id":37235,"href":"https:\/\/guineechrono.com\/index.php\/wp-json\/wp\/v2\/posts\/37229\/revisions\/37235"}],"wp:featuredmedia":[{"embeddable":true,"href":"https:\/\/guineechrono.com\/index.php\/wp-json\/wp\/v2\/media\/37230"}],"wp:attachment":[{"href":"https:\/\/guineechrono.com\/index.php\/wp-json\/wp\/v2\/media?parent=37229"}],"wp:term":[{"taxonomy":"category","embeddable":true,"href":"https:\/\/guineechrono.com\/index.php\/wp-json\/wp\/v2\/categories?post=37229"},{"taxonomy":"post_tag","embeddable":true,"href":"https:\/\/guineechrono.com\/index.php\/wp-json\/wp\/v2\/tags?post=37229"}],"curies":[{"name":"wp","href":"https:\/\/api.w.org\/{rel}","templated":true}]}}