{"id":37269,"date":"2025-09-10T18:13:52","date_gmt":"2025-09-10T17:13:52","guid":{"rendered":"https:\/\/guineechrono.com\/?p=37269"},"modified":"2025-09-10T18:13:52","modified_gmt":"2025-09-10T17:13:52","slug":"faranah-lancement-officiel-de-la-campagne-referendaire-en-vue-du-scrutin-du-21-septembre","status":"publish","type":"post","link":"https:\/\/guineechrono.com\/index.php\/faranah-lancement-officiel-de-la-campagne-referendaire-en-vue-du-scrutin-du-21-septembre\/","title":{"rendered":"Faranah : lancement officiel de la campagne r\u00e9f\u00e9rendaire en vue du scrutin du 21 septembre"},"content":{"rendered":"<p><strong>La r\u00e9gion administrative de Faranah a abrit\u00e9, ce mercredi, le lancement officiel de la campagne r\u00e9f\u00e9rendaire en pr\u00e9lude au scrutin du 21 septembre 2025. La c\u00e9r\u00e9monie a rassembl\u00e9 autorit\u00e9s locales, leaders communautaires, organisations de jeunes et de femmes, ainsi qu\u2019une foule nombreuse, t\u00e9moignant de l\u2019adh\u00e9sion des populations au processus d\u00e9mocratique en cours.<\/strong><\/p>\n<p>Une importante d\u00e9l\u00e9gation gouvernementale a pris part \u00e0 l\u2019\u00e9v\u00e9nement, conduite par le ministre de l\u2019\u00c9nergie, Namory Camara. Elle comprenait \u00e9galement M. Idiamine, M. Isma\u00ebl Nab\u00e9, M. Beno\u00eet Kamano, ainsi que le ministre de la Justice.<\/p>\n<p>Dans leurs allocutions respectives, les membres du gouvernement ont rappel\u00e9 la port\u00e9e historique du r\u00e9f\u00e9rendum du 21 septembre 2025. Ils ont invit\u00e9 les habitants de Faranah \u00e0 s\u2019impliquer pleinement dans la campagne, \u00e0 faire preuve de responsabilit\u00e9 citoyenne et \u00e0 se mobiliser massivement le jour du vote.<\/p>\n<p>De leur c\u00f4t\u00e9, les notabilit\u00e9s, sages, jeunes et femmes de la r\u00e9gion ont exprim\u00e9 leur soutien au processus r\u00e9f\u00e9rendaire, r\u00e9affirmant leur engagement pour la consolidation de la d\u00e9mocratie, de l\u2019unit\u00e9 nationale et de la paix.<\/p>\n<p>Ce lancement marque une \u00e9tape majeure dans la dynamique nationale, confirmant l\u2019adh\u00e9sion de la r\u00e9gion de Faranah \u00e0 la r\u00e9ussite de ce rendez-vous \u00e9lectoral jug\u00e9 d\u00e9cisif pour l\u2019avenir du pays.<\/p>\n<p>Facinet Molota CAMARA<\/p>\n","protected":false},"excerpt":{"rendered":"<p>La r\u00e9gion administrative de Faranah a abrit\u00e9, ce mercredi, le lancement officiel de la campagne r\u00e9f\u00e9rendaire en pr\u00e9lude au scrutin du 21 septembre 2025. La c\u00e9r\u00e9monie a rassembl\u00e9 autorit\u00e9s locales, leaders communautaires, organisations de jeunes et de femmes, ainsi qu\u2019une foule nombreuse, t\u00e9moignant de l\u2019adh\u00e9sion des populations au processus d\u00e9mocratique en cours. Une importante d\u00e9l\u00e9gation [&hellip;]<\/p>\n","protected":false},"author":2,"featured_media":37270,"comment_status":"open","ping_status":"closed","sticky":false,"template":"","format":"standard","meta":{"buzzeditor_post_format":"","footnotes":""},"categories":[2,42],"tags":[],"class_list":["post-37269","post","type-post","status-publish","format-standard","has-post-thumbnail","hentry","category-featured","category-news"],"jetpack_featured_media_url":"https:\/\/guineechrono.com\/wp-content\/uploads\/2025\/09\/IMG-20250910-WA0006.jpg","amp_enabled":true,"_links":{"self":[{"href":"https:\/\/guineechrono.com\/index.php\/wp-json\/wp\/v2\/posts\/37269","targetHints":{"allow":["GET"]}}],"collection":[{"href":"https:\/\/guineechrono.com\/index.php\/wp-json\/wp\/v2\/posts"}],"about":[{"href":"https:\/\/guineechrono.com\/index.php\/wp-json\/wp\/v2\/types\/post"}],"author":[{"embeddable":true,"href":"https:\/\/guineechrono.com\/index.php\/wp-json\/wp\/v2\/users\/2"}],"replies":[{"embeddable":true,"href":"https:\/\/guineechrono.com\/index.php\/wp-json\/wp\/v2\/comments?post=37269"}],"version-history":[{"count":1,"href":"https:\/\/guineechrono.com\/index.php\/wp-json\/wp\/v2\/posts\/37269\/revisions"}],"predecessor-version":[{"id":37271,"href":"https:\/\/guineechrono.com\/index.php\/wp-json\/wp\/v2\/posts\/37269\/revisions\/37271"}],"wp:featuredmedia":[{"embeddable":true,"href":"https:\/\/guineechrono.com\/index.php\/wp-json\/wp\/v2\/media\/37270"}],"wp:attachment":[{"href":"https:\/\/guineechrono.com\/index.php\/wp-json\/wp\/v2\/media?parent=37269"}],"wp:term":[{"taxonomy":"category","embeddable":true,"href":"https:\/\/guineechrono.com\/index.php\/wp-json\/wp\/v2\/categories?post=37269"},{"taxonomy":"post_tag","embeddable":true,"href":"https:\/\/guineechrono.com\/index.php\/wp-json\/wp\/v2\/tags?post=37269"}],"curies":[{"name":"wp","href":"https:\/\/api.w.org\/{rel}","templated":true}]}}