{"id":37273,"date":"2025-09-11T11:16:04","date_gmt":"2025-09-11T10:16:04","guid":{"rendered":"https:\/\/guineechrono.com\/?p=37273"},"modified":"2025-09-11T11:16:04","modified_gmt":"2025-09-11T10:16:04","slug":"oui-oui-et-oui-ahmed-kante-dit-oui-au-mouvement-rouge-jaune-vert","status":"publish","type":"post","link":"https:\/\/guineechrono.com\/index.php\/oui-oui-et-oui-ahmed-kante-dit-oui-au-mouvement-rouge-jaune-vert\/","title":{"rendered":"\u201cOui, oui et oui\u201d : Ahmed Kant\u00e9 dit oui au Mouvement Rouge-Jaune-Vert"},"content":{"rendered":"<p>Le Mouvement Rouge-Jaune-Vert a officialis\u00e9\u00a0le\u00a0mardi\u00a009\u00a0septembre 2025, le choix d\u2019Ahmed Kant\u00e9, administrateur g\u00e9n\u00e9ral de la soci\u00e9t\u00e9 AGB2A-GIC, comme pr\u00e9sident d\u2019honneur et parrain de ses activit\u00e9s. La c\u00e9r\u00e9monie, qui s\u2019est tenue \u00e0 Conakry, a r\u00e9uni les membres de la coordination nationale, des coordinations communales et pr\u00e9fectorales, ainsi que plusieurs responsables venus de l\u2019int\u00e9rieur du pays.<\/p>\n<p><a href=\"https:\/\/guineechrono.com\/wp-content\/uploads\/2025\/09\/IMG-20250910-WA0049-1027x1536-1.jpg\"><img fetchpriority=\"high\" decoding=\"async\" class=\"alignleft size-medium wp-image-37275\" src=\"https:\/\/guineechrono.com\/wp-content\/uploads\/2025\/09\/IMG-20250910-WA0049-1027x1536-1-201x300.jpg\" alt=\"\" width=\"201\" height=\"300\" srcset=\"https:\/\/guineechrono.com\/wp-content\/uploads\/2025\/09\/IMG-20250910-WA0049-1027x1536-1-201x300.jpg 201w, https:\/\/guineechrono.com\/wp-content\/uploads\/2025\/09\/IMG-20250910-WA0049-1027x1536-1-685x1024.jpg 685w, https:\/\/guineechrono.com\/wp-content\/uploads\/2025\/09\/IMG-20250910-WA0049-1027x1536-1-768x1149.jpg 768w, https:\/\/guineechrono.com\/wp-content\/uploads\/2025\/09\/IMG-20250910-WA0049-1027x1536-1-696x1041.jpg 696w, https:\/\/guineechrono.com\/wp-content\/uploads\/2025\/09\/IMG-20250910-WA0049-1027x1536-1-281x420.jpg 281w, https:\/\/guineechrono.com\/wp-content\/uploads\/2025\/09\/IMG-20250910-WA0049-1027x1536-1.jpg 1027w\" sizes=\"(max-width: 201px) 100vw, 201px\" \/><\/a><\/p>\n<p>&nbsp;<\/p>\n<p>&nbsp;<\/p>\n<p>&nbsp;<\/p>\n<p>&nbsp;<\/p>\n<p>&nbsp;<\/p>\n<p>Dans son allocution, le coordinateur national, Pierre Goa\u00a0Zoumanigui, a rappel\u00e9 l\u2019historique du mouvement n\u00e9 le 28 septembre 2018 \u00e0 la salle polyvalente du palais du peuple. Il a mis en avant la fid\u00e9lit\u00e9 et la loyaut\u00e9 des membres, qui, malgr\u00e9 les ann\u00e9es, restent mobilis\u00e9s autour des id\u00e9aux du tricolore national. Selon lui, une vaste consultation interne a \u00e9t\u00e9 men\u00e9e aupr\u00e8s des 161 responsables issus des antennes communales et pr\u00e9fectorales. R\u00e9sultat : 68,33 % des voix se sont prononc\u00e9es pour le soutien au CNRD, \u00e0 la nouvelle Constitution et pour la participation \u00e0 la campagne du r\u00e9f\u00e9rendum du 21 septembre 2025 en faveur du \u201cOUI\u201d.<\/p>\n<p><a href=\"https:\/\/guineechrono.com\/wp-content\/uploads\/2025\/09\/IMG-20250910-WA0053-630x420-1.jpg\"><img decoding=\"async\" class=\"alignleft size-medium wp-image-37276\" src=\"https:\/\/guineechrono.com\/wp-content\/uploads\/2025\/09\/IMG-20250910-WA0053-630x420-1-300x200.jpg\" alt=\"\" width=\"300\" height=\"200\" srcset=\"https:\/\/guineechrono.com\/wp-content\/uploads\/2025\/09\/IMG-20250910-WA0053-630x420-1-300x200.jpg 300w, https:\/\/guineechrono.com\/wp-content\/uploads\/2025\/09\/IMG-20250910-WA0053-630x420-1.jpg 630w\" sizes=\"(max-width: 300px) 100vw, 300px\" \/><\/a><\/p>\n<p>&nbsp;<\/p>\n<p>&nbsp;<\/p>\n<p>&nbsp;<\/p>\n<p>&nbsp;<\/p>\n<p>\u00ab\u00a0<em>Nous avons manifest\u00e9 notre intention et mis notre d\u00e9volu sur votre personne. Cela a \u00e9t\u00e9 accept\u00e9 avec acclamation<\/em>\u00a0\u00bb, a d\u00e9clar\u00e9 M.\u00a0Zoumanigui\u00a0en s\u2019adressant \u00e0 Ahmed Kant\u00e9.<\/p>\n<p>Tr\u00e8s \u00e9mu, Ahmed Kant\u00e9 a accept\u00e9 la mission et salu\u00e9 la constance du mouvement. \u00ab\u00a0Ce n\u2019est pas n\u2019importe quel mouvement. Depuis 2018, vous avez montr\u00e9 que vous \u00eates port\u00e9s par la conviction et non par l\u2019opportunisme. Aujourd\u2019hui, vous m\u2019avez confi\u00e9 quelque chose qu\u2019aucune somme d\u2019argent ne peut acheter<em>\u00a0\u00bb,\u00a0a-t-il\u00a0affirm\u00e9, en appelant les membres \u00e0\u00a0<\/em>\u00ab \u00e9crire ensemble l\u2019une des plus belles pages de la vie d\u00e9mocratique de la Guin\u00e9e<em>\u00a0<\/em>\u00bb.<\/p>\n<p><a href=\"https:\/\/guineechrono.com\/wp-content\/uploads\/2025\/09\/IMG-20250910-WA0054-630x420-1.jpg\"><img decoding=\"async\" class=\"alignleft size-medium wp-image-37277\" src=\"https:\/\/guineechrono.com\/wp-content\/uploads\/2025\/09\/IMG-20250910-WA0054-630x420-1-300x200.jpg\" alt=\"\" width=\"300\" height=\"200\" srcset=\"https:\/\/guineechrono.com\/wp-content\/uploads\/2025\/09\/IMG-20250910-WA0054-630x420-1-300x200.jpg 300w, https:\/\/guineechrono.com\/wp-content\/uploads\/2025\/09\/IMG-20250910-WA0054-630x420-1.jpg 630w\" sizes=\"(max-width: 300px) 100vw, 300px\" \/><\/a><\/p>\n<p>&nbsp;<\/p>\n<p>&nbsp;<\/p>\n<p>&nbsp;<\/p>\n<p>&nbsp;<\/p>\n<p>Le patron de AGB2A-GIC a dit \u00ab\u00a0<strong>oui, oui et oui<\/strong>\u00a0\u00bb \u00e0 la demande du Mouvement Rouge-Jaune-Vert, promettant de mettre son image et son engagement au service des activit\u00e9s du groupe dans la campagne r\u00e9f\u00e9rendaire et au-del\u00e0.<\/p>\n<p><strong>Cir\u00e9 Diallo <\/strong><\/p>\n<p>&nbsp;<\/p>\n<p>&nbsp;<\/p>\n","protected":false},"excerpt":{"rendered":"<p>Le Mouvement Rouge-Jaune-Vert a officialis\u00e9\u00a0le\u00a0mardi\u00a009\u00a0septembre 2025, le choix d\u2019Ahmed Kant\u00e9, administrateur g\u00e9n\u00e9ral de la soci\u00e9t\u00e9 AGB2A-GIC, comme pr\u00e9sident d\u2019honneur et parrain de ses activit\u00e9s. La c\u00e9r\u00e9monie, qui s\u2019est tenue \u00e0 Conakry, a r\u00e9uni les membres de la coordination nationale, des coordinations communales et pr\u00e9fectorales, ainsi que plusieurs responsables venus de l\u2019int\u00e9rieur du pays. &nbsp; &nbsp; [&hellip;]<\/p>\n","protected":false},"author":2,"featured_media":37274,"comment_status":"open","ping_status":"closed","sticky":false,"template":"","format":"standard","meta":{"buzzeditor_post_format":"","footnotes":""},"categories":[42],"tags":[],"class_list":["post-37273","post","type-post","status-publish","format-standard","has-post-thumbnail","hentry","category-news"],"jetpack_featured_media_url":"https:\/\/guineechrono.com\/wp-content\/uploads\/2025\/09\/IMG-20250911-WA0009.jpg","amp_enabled":true,"_links":{"self":[{"href":"https:\/\/guineechrono.com\/index.php\/wp-json\/wp\/v2\/posts\/37273","targetHints":{"allow":["GET"]}}],"collection":[{"href":"https:\/\/guineechrono.com\/index.php\/wp-json\/wp\/v2\/posts"}],"about":[{"href":"https:\/\/guineechrono.com\/index.php\/wp-json\/wp\/v2\/types\/post"}],"author":[{"embeddable":true,"href":"https:\/\/guineechrono.com\/index.php\/wp-json\/wp\/v2\/users\/2"}],"replies":[{"embeddable":true,"href":"https:\/\/guineechrono.com\/index.php\/wp-json\/wp\/v2\/comments?post=37273"}],"version-history":[{"count":1,"href":"https:\/\/guineechrono.com\/index.php\/wp-json\/wp\/v2\/posts\/37273\/revisions"}],"predecessor-version":[{"id":37278,"href":"https:\/\/guineechrono.com\/index.php\/wp-json\/wp\/v2\/posts\/37273\/revisions\/37278"}],"wp:featuredmedia":[{"embeddable":true,"href":"https:\/\/guineechrono.com\/index.php\/wp-json\/wp\/v2\/media\/37274"}],"wp:attachment":[{"href":"https:\/\/guineechrono.com\/index.php\/wp-json\/wp\/v2\/media?parent=37273"}],"wp:term":[{"taxonomy":"category","embeddable":true,"href":"https:\/\/guineechrono.com\/index.php\/wp-json\/wp\/v2\/categories?post=37273"},{"taxonomy":"post_tag","embeddable":true,"href":"https:\/\/guineechrono.com\/index.php\/wp-json\/wp\/v2\/tags?post=37273"}],"curies":[{"name":"wp","href":"https:\/\/api.w.org\/{rel}","templated":true}]}}