{"id":37279,"date":"2025-09-11T11:39:28","date_gmt":"2025-09-11T10:39:28","guid":{"rendered":"https:\/\/guineechrono.com\/?p=37279"},"modified":"2025-09-11T11:39:28","modified_gmt":"2025-09-11T10:39:28","slug":"11-septembre-hommage-memoire-et-appel-a-la-paix-par-mamadou-bhoye-balde","status":"publish","type":"post","link":"https:\/\/guineechrono.com\/index.php\/11-septembre-hommage-memoire-et-appel-a-la-paix-par-mamadou-bhoye-balde\/","title":{"rendered":"11 Septembre: Hommage, M\u00e9moire et Appel \u00e0 la Paix (par Mamadou Bhoye Bald\u00e9)"},"content":{"rendered":"<p>Conakry\/New York, 11 septembre<\/p>\n<p>En ce jour de m\u00e9moire, l\u2019UNESCO Center for Peace U.S. in Guinea, son personnel et ses partenaires, s\u2019inclinent respectueusement devant la m\u00e9moire des victimes des attentats du 11 septembre 2001 aux \u00c9tats-Unis d\u2019Am\u00e9rique \ud83c\uddfa\ud83c\uddf8.<\/p>\n<h2>Un jour qui a marqu\u00e9 l\u2019histoire<\/h2>\n<p><a href=\"https:\/\/guineechrono.com\/wp-content\/uploads\/2025\/09\/IMG-20250910-WA0157.jpg\"><img fetchpriority=\"high\" decoding=\"async\" class=\"alignleft size-medium wp-image-37281\" src=\"https:\/\/guineechrono.com\/wp-content\/uploads\/2025\/09\/IMG-20250910-WA0157-211x300.jpg\" alt=\"\" width=\"211\" height=\"300\" srcset=\"https:\/\/guineechrono.com\/wp-content\/uploads\/2025\/09\/IMG-20250910-WA0157-211x300.jpg 211w, https:\/\/guineechrono.com\/wp-content\/uploads\/2025\/09\/IMG-20250910-WA0157-722x1024.jpg 722w, https:\/\/guineechrono.com\/wp-content\/uploads\/2025\/09\/IMG-20250910-WA0157-696x988.jpg 696w, https:\/\/guineechrono.com\/wp-content\/uploads\/2025\/09\/IMG-20250910-WA0157-296x420.jpg 296w, https:\/\/guineechrono.com\/wp-content\/uploads\/2025\/09\/IMG-20250910-WA0157.jpg 761w\" sizes=\"(max-width: 211px) 100vw, 211px\" \/><\/a><\/p>\n<p>&nbsp;<\/p>\n<p>&nbsp;<\/p>\n<p>&nbsp;<\/p>\n<p>&nbsp;<\/p>\n<p>&nbsp;<\/p>\n<p>Le 11 septembre 2001 restera \u00e0 jamais grav\u00e9 dans la conscience collective mondiale. Ce matin-l\u00e0, quatre avions de ligne furent d\u00e9tourn\u00e9s par des terroristes d\u2019Al-Qa\u00efda pour frapper le c\u0153ur symbolique et strat\u00e9gique des \u00c9tats-Unis :<\/p>\n<p>&#8211; 8h46 : le premier avion percute la tour nord du World Trade Center \u00e0 New York.<br \/>\n&#8211; 9h03 : le second avion frappe la tour sud, en direct devant des millions de t\u00e9l\u00e9spectateurs.<br \/>\n&#8211; 9h37 : un troisi\u00e8me avion s\u2019\u00e9crase contre le Pentagone, \u00e0 Washington.<br \/>\n&#8211; 10h03 : un quatri\u00e8me avion s\u2019\u00e9crase en Pennsylvanie, apr\u00e8s le courage h\u00e9ro\u00efque des passagers.<\/p>\n<p>Quelques minutes plus tard, les tours jumelles s\u2019effondraient, emportant pr\u00e8s de 3 000 vies et plongeant le monde dans la stupeur et la douleur.<\/p>\n<h2>Un souvenir personnel devenu r\u00e9alit\u00e9<\/h2>\n<p>Ce drame a touch\u00e9 toutes les g\u00e9n\u00e9rations. Beaucoup se souviennent encore des images diffus\u00e9es en direct.<br \/>\nComme l\u2019a exprim\u00e9 l\u2019Ambassadeur Mamadou Bhoye Bald\u00e9, Repr\u00e9sentant Pays du UNESCO Center for Peace U.S. in Guinea :<\/p>\n<p>\u00ab J\u2019\u00e9tais tr\u00e8s jeune, assis devant un petit \u00e9cran dans mon quartier de Belle-Vue, en Guin\u00e9e. J\u2019ai vu ces images path\u00e9tiques et j\u2019ai vers\u00e9 des larmes. Ces tours incarnaient un r\u00eave pour toute une jeunesse, celui de d\u00e9couvrir New York, ce pays de prosp\u00e9rit\u00e9, de libert\u00e9 et d\u2019espoir. Je me demandais si un jour j\u2019aurais la chance de fouler ce sol. Aujourd\u2019hui, par la gr\u00e2ce de Dieu, ce r\u00eave est devenu r\u00e9alit\u00e9. \u00bb<\/p>\n<h2>Compassion et solidarit\u00e9<\/h2>\n<p>En ce jour solennel, nous pensons avec respect :<\/p>\n<p>&#8211; aux victimes et \u00e0 leurs familles endeuill\u00e9es,<br \/>\n&#8211; aux h\u00e9ros anonymes \u2013 pompiers, policiers, secouristes, citoyens \u2013 qui ont risqu\u00e9 leur vie dans le chaos,<br \/>\n&#8211; au peuple am\u00e9ricain, dont la r\u00e9silience reste une source d\u2019inspiration pour le monde.<\/p>\n<h2>Un appel \u00e0 la paix<\/h2>\n<p>Au-del\u00e0 du souvenir, le 11 septembre nous rappelle la fragilit\u00e9 de nos vies et l\u2019importance de b\u00e2tir un avenir commun fond\u00e9 sur la solidarit\u00e9.<br \/>\nLe UNESCO Center for Peace U.S. in Guinea r\u00e9affirme son engagement \u00e0 promouvoir la tol\u00e9rance, le dialogue interculturel et la paix durable.<\/p>\n<p>Que cette date soit non seulement un moment de recueillement, mais aussi un appel universel \u00e0 rejeter la haine et \u00e0 \u0153uvrer ensemble pour un monde o\u00f9 l\u2019humanit\u00e9 triomphe sur la violence.<\/p>\n<p>UNESCO Center for Peace U.S. in Guinea<\/p>\n<p>Au service de la paix, de l\u2019\u00e9ducation et du dialogue entre les peuples<\/p>\n<p>&nbsp;<\/p>\n","protected":false},"excerpt":{"rendered":"<p>Conakry\/New York, 11 septembre En ce jour de m\u00e9moire, l\u2019UNESCO Center for Peace U.S. in Guinea, son personnel et ses partenaires, s\u2019inclinent respectueusement devant la m\u00e9moire des victimes des attentats du 11 septembre 2001 aux \u00c9tats-Unis d\u2019Am\u00e9rique \ud83c\uddfa\ud83c\uddf8. Un jour qui a marqu\u00e9 l\u2019histoire &nbsp; &nbsp; &nbsp; &nbsp; &nbsp; Le 11 septembre 2001 restera \u00e0 [&hellip;]<\/p>\n","protected":false},"author":2,"featured_media":37280,"comment_status":"open","ping_status":"closed","sticky":false,"template":"","format":"standard","meta":{"buzzeditor_post_format":"","footnotes":""},"categories":[42],"tags":[],"class_list":["post-37279","post","type-post","status-publish","format-standard","has-post-thumbnail","hentry","category-news"],"jetpack_featured_media_url":"https:\/\/guineechrono.com\/wp-content\/uploads\/2025\/09\/IMG-20250910-WA0156.jpg","amp_enabled":true,"_links":{"self":[{"href":"https:\/\/guineechrono.com\/index.php\/wp-json\/wp\/v2\/posts\/37279","targetHints":{"allow":["GET"]}}],"collection":[{"href":"https:\/\/guineechrono.com\/index.php\/wp-json\/wp\/v2\/posts"}],"about":[{"href":"https:\/\/guineechrono.com\/index.php\/wp-json\/wp\/v2\/types\/post"}],"author":[{"embeddable":true,"href":"https:\/\/guineechrono.com\/index.php\/wp-json\/wp\/v2\/users\/2"}],"replies":[{"embeddable":true,"href":"https:\/\/guineechrono.com\/index.php\/wp-json\/wp\/v2\/comments?post=37279"}],"version-history":[{"count":1,"href":"https:\/\/guineechrono.com\/index.php\/wp-json\/wp\/v2\/posts\/37279\/revisions"}],"predecessor-version":[{"id":37282,"href":"https:\/\/guineechrono.com\/index.php\/wp-json\/wp\/v2\/posts\/37279\/revisions\/37282"}],"wp:featuredmedia":[{"embeddable":true,"href":"https:\/\/guineechrono.com\/index.php\/wp-json\/wp\/v2\/media\/37280"}],"wp:attachment":[{"href":"https:\/\/guineechrono.com\/index.php\/wp-json\/wp\/v2\/media?parent=37279"}],"wp:term":[{"taxonomy":"category","embeddable":true,"href":"https:\/\/guineechrono.com\/index.php\/wp-json\/wp\/v2\/categories?post=37279"},{"taxonomy":"post_tag","embeddable":true,"href":"https:\/\/guineechrono.com\/index.php\/wp-json\/wp\/v2\/tags?post=37279"}],"curies":[{"name":"wp","href":"https:\/\/api.w.org\/{rel}","templated":true}]}}