{"id":37288,"date":"2025-09-11T13:24:39","date_gmt":"2025-09-11T12:24:39","guid":{"rendered":"https:\/\/guineechrono.com\/?p=37288"},"modified":"2025-09-11T13:24:39","modified_gmt":"2025-09-11T12:24:39","slug":"matd-remerciements-du-tout-nouveau-responsable-de-communication","status":"publish","type":"post","link":"https:\/\/guineechrono.com\/index.php\/matd-remerciements-du-tout-nouveau-responsable-de-communication\/","title":{"rendered":"MATD : Remerciements du tout nouveau responsable de communication"},"content":{"rendered":"<p>Gloire \u00e0 Allah le Tout Mis\u00e9ricordieux, l\u2019Omniscient, l\u2019Omnipotent qui m\u2019a permis de garder la foi sans vaciller malgr\u00e9 les \u00e9preuves travers\u00e9es ces derniers mois. Merci au Cr\u00e9ateur de m\u2019avoir gard\u00e9 \u00e9galement en vie, dans la sant\u00e9 avec la chaleur familiale.<\/p>\n<p>Le 03 septembre 2025, j\u2019ai b\u00e9n\u00e9fici\u00e9 de la confiance de monsieur le Ministre de l\u2019Administration du Territoire et de la D\u00e9centralisation (MATD) me nommant Chef de Service Communication et des Relations Publiques. Depuis l\u2019annonce de cette nouvelle, parents, amis, anciens coll\u00e8gues, collaborateurs n\u2019ont cess\u00e9 de m\u2019exprimer leurs vives f\u00e9licitations mais aussi de formuler des pri\u00e8res et b\u00e9n\u00e9dictions pour la r\u00e9ussite de ma noble mission.<\/p>\n<p>Vos messages, appels, vocaux m\u2019ont profond\u00e9ment touch\u00e9. Je vous en remercie pour l\u2019estime que vous me portez au quotidien.<\/p>\n<p>Mes tr\u00e8s chers(es), je mesure la responsabilit\u00e9 qui m\u2019incombe d\u00e9sormais, celle de pr\u00e9server, donner de la visibilit\u00e9, soigner l\u2019image d\u2019un Minist\u00e8re non des moindres qui est le MATD.<\/p>\n<p>J\u2019aurai toujours cette oreille attentive pour vos conseils, orientations pour que l\u2019objectif soit atteint.<\/p>\n<p>En m\u2019installant dans mes fonctions ce mercredi 10 septembre 2025, je rends hommage \u00e0 mes parents pour l\u2019\u00e9ducation. \u00c0 mon d\u00e9funt p\u00e8re Mamadi Kouroussa. J\u2019aurais souhait\u00e9 qu\u2019il soit aujourd\u2019hui \u00e0 mes c\u00f4t\u00e9s. Mais h\u00e9las ! Que ton \u00e2me repose en paix Papa.<\/p>\n<p>A cette heureuse occasion qu\u2019il me soit permis d\u2019exprimer mes chaleureux remerciements au Pr\u00e9sident de la R\u00e9publique,\u00a0 Chef de l\u2019Etat Son Excellence le G\u00e9n\u00e9ral Mamadi pour la promotion des jeunes \u00e0 occuper des postes de responsabilit\u00e9s au sein de l\u2019administration publique.<\/p>\n<p>\u00c0 monsieur le Ministre Ibrahima Kalil Cond\u00e9 pour la confiance plac\u00e9e en ma personne.<\/p>\n<p>\u00c0 tous nos cadres qui ne cessent d\u2019appuyer les jeunes \u00e0 progresser, infiniment merci \u00e0 vous. Clin d\u2019\u0153il \u00e0 madame Camara, mon \u00e9pouse ch\u00e9rie Mamata Sanguiana Camara, pour ta bravoure, tes pri\u00e8res, b\u00e9n\u00e9dictions et ton soutien ind\u00e9fectible \u00e0 surmonter tous les obstacles qui minent le chemin.<\/p>\n<p>Qu\u2019Allah b\u00e9nisse la Guin\u00e9e et les Guin\u00e9ens.<\/p>\n<p>Malick CAMARA<\/p>\n<p>Chef Service Communication et des Relations Publiques au MATD<\/p>\n","protected":false},"excerpt":{"rendered":"<p>Gloire \u00e0 Allah le Tout Mis\u00e9ricordieux, l\u2019Omniscient, l\u2019Omnipotent qui m\u2019a permis de garder la foi sans vaciller malgr\u00e9 les \u00e9preuves travers\u00e9es ces derniers mois. Merci au Cr\u00e9ateur de m\u2019avoir gard\u00e9 \u00e9galement en vie, dans la sant\u00e9 avec la chaleur familiale. Le 03 septembre 2025, j\u2019ai b\u00e9n\u00e9fici\u00e9 de la confiance de monsieur le Ministre de l\u2019Administration [&hellip;]<\/p>\n","protected":false},"author":2,"featured_media":37289,"comment_status":"open","ping_status":"closed","sticky":false,"template":"","format":"standard","meta":{"buzzeditor_post_format":"","footnotes":""},"categories":[42],"tags":[],"class_list":["post-37288","post","type-post","status-publish","format-standard","has-post-thumbnail","hentry","category-news"],"jetpack_featured_media_url":"https:\/\/guineechrono.com\/wp-content\/uploads\/2025\/09\/fb-img-1757589790345-696x1491-1.jpg","amp_enabled":true,"_links":{"self":[{"href":"https:\/\/guineechrono.com\/index.php\/wp-json\/wp\/v2\/posts\/37288","targetHints":{"allow":["GET"]}}],"collection":[{"href":"https:\/\/guineechrono.com\/index.php\/wp-json\/wp\/v2\/posts"}],"about":[{"href":"https:\/\/guineechrono.com\/index.php\/wp-json\/wp\/v2\/types\/post"}],"author":[{"embeddable":true,"href":"https:\/\/guineechrono.com\/index.php\/wp-json\/wp\/v2\/users\/2"}],"replies":[{"embeddable":true,"href":"https:\/\/guineechrono.com\/index.php\/wp-json\/wp\/v2\/comments?post=37288"}],"version-history":[{"count":1,"href":"https:\/\/guineechrono.com\/index.php\/wp-json\/wp\/v2\/posts\/37288\/revisions"}],"predecessor-version":[{"id":37290,"href":"https:\/\/guineechrono.com\/index.php\/wp-json\/wp\/v2\/posts\/37288\/revisions\/37290"}],"wp:featuredmedia":[{"embeddable":true,"href":"https:\/\/guineechrono.com\/index.php\/wp-json\/wp\/v2\/media\/37289"}],"wp:attachment":[{"href":"https:\/\/guineechrono.com\/index.php\/wp-json\/wp\/v2\/media?parent=37288"}],"wp:term":[{"taxonomy":"category","embeddable":true,"href":"https:\/\/guineechrono.com\/index.php\/wp-json\/wp\/v2\/categories?post=37288"},{"taxonomy":"post_tag","embeddable":true,"href":"https:\/\/guineechrono.com\/index.php\/wp-json\/wp\/v2\/tags?post=37288"}],"curies":[{"name":"wp","href":"https:\/\/api.w.org\/{rel}","templated":true}]}}