{"id":3730,"date":"2019-04-14T06:55:18","date_gmt":"2019-04-14T05:55:18","guid":{"rendered":"http:\/\/guineechrono.com\/?p=3730"},"modified":"2020-05-19T16:34:44","modified_gmt":"2020-05-19T15:34:44","slug":"algerie-les-magistrats-refusent-de-superviser-la-presidentielle","status":"publish","type":"post","link":"https:\/\/guineechrono.com\/index.php\/algerie-les-magistrats-refusent-de-superviser-la-presidentielle\/","title":{"rendered":"Alg\u00e9rie: les magistrats refusent de superviser la pr\u00e9sidentielle"},"content":{"rendered":"<p>\u00c0 peine les banderoles du vendredi rang\u00e9es par les manifestants, les magistrats alg\u00e9riens ont pris la rel\u00e8ve ce samedi 13 avril. Plus d&rsquo;une centaine de robes noires ont manifest\u00e9 devant le minist\u00e8re de la Justice \u00e0 Alger. Au nom de l&rsquo;ind\u00e9pendance de la justice, ils refusent de superviser la pr\u00e9sidentielle du 4 juillet.<\/p>\n<p>Avocats et magistrats ne sont pas \u00e0 leur coup d\u2019essai. Depuis le d\u00e9but de la mobilisation populaire contre le pouvoir, ils ont manifest\u00e9 \u00e0 plusieurs reprises. Mais cette fois-ci, ils semblent en mesure d\u2019exercer une pression sur le \u00ab\u00a0syst\u00e8me\u00a0\u00bb. Sans eux, difficile d\u2019organiser un scrutin. En principe, leur mission est de veiller au bon d\u00e9roulement du vote.<\/p>\n<p>Leurs revendications\u00a0? Une justice libre et ind\u00e9pendante. Ces juges contestataires sont en rupture avec le syndicat des magistrats alg\u00e9riens proche du pouvoir. Mais ils affirment \u00eatre majoritaires au sein de leur mouvement.<\/p>\n<p>De leur c\u00f4t\u00e9, les avocats haussent \u00e9galement le ton. \u00ab\u00a0<em>La r\u00e9pression des manifestants pacifiques par les forces de s\u00e9curit\u00e9 doit cesser imm\u00e9diatement.<\/em>\u00a0\u00bb Une injonction qui fait suite aux <a href=\"http:\/\/www.rfi.fr\/afrique\/20190413-algerie-situation-bloquee-bras-fer-peuple-dirigeants-abdelkader-bensalah\">troubles <\/a>qui ont emmaill\u00e9 le grand rassemblement du<a href=\"http:\/\/www.rfi.fr\/afrique\/20190412-algerie-huitieme-vendredi-mobilisation-sous-haute-pression-securitaire\"> vendredi \u00e0 Alger<\/a>.<\/p>\n<p>Les avocats exigent aussi le retrait imm\u00e9diat du \u00ab\u00a0<em>canon \u00e0 son<\/em>\u00a0\u00bb, utilis\u00e9 par la police pour disperser les foules. Cet outil de r\u00e9pression cause des d\u00e9g\u00e2ts sur la sant\u00e9 et c\u2019est inacceptable, expliquent les robes noires.<\/p>\n<p><strong>Rfi.fr<\/strong><\/p>\n<p>&nbsp;<\/p>\n","protected":false},"excerpt":{"rendered":"<p>\u00c0 peine les banderoles du vendredi rang\u00e9es par les manifestants, les magistrats alg\u00e9riens ont pris la rel\u00e8ve ce samedi 13 avril. Plus d&rsquo;une centaine de robes noires ont manifest\u00e9 devant le minist\u00e8re de la Justice \u00e0 Alger. Au nom de l&rsquo;ind\u00e9pendance de la justice, ils refusent de superviser la pr\u00e9sidentielle du 4 juillet. Avocats et [&hellip;]<\/p>\n","protected":false},"author":2,"featured_media":3731,"comment_status":"open","ping_status":"closed","sticky":false,"template":"","format":"standard","meta":{"buzzeditor_post_format":"","footnotes":""},"categories":[1,43],"tags":[],"class_list":["post-3730","post","type-post","status-publish","format-standard","has-post-thumbnail","hentry","category-non-classe","category-politique"],"jetpack_featured_media_url":"https:\/\/guineechrono.com\/wp-content\/uploads\/2019\/04\/Algerie1.jpg","amp_enabled":true,"_links":{"self":[{"href":"https:\/\/guineechrono.com\/index.php\/wp-json\/wp\/v2\/posts\/3730","targetHints":{"allow":["GET"]}}],"collection":[{"href":"https:\/\/guineechrono.com\/index.php\/wp-json\/wp\/v2\/posts"}],"about":[{"href":"https:\/\/guineechrono.com\/index.php\/wp-json\/wp\/v2\/types\/post"}],"author":[{"embeddable":true,"href":"https:\/\/guineechrono.com\/index.php\/wp-json\/wp\/v2\/users\/2"}],"replies":[{"embeddable":true,"href":"https:\/\/guineechrono.com\/index.php\/wp-json\/wp\/v2\/comments?post=3730"}],"version-history":[{"count":0,"href":"https:\/\/guineechrono.com\/index.php\/wp-json\/wp\/v2\/posts\/3730\/revisions"}],"wp:featuredmedia":[{"embeddable":true,"href":"https:\/\/guineechrono.com\/index.php\/wp-json\/wp\/v2\/media\/3731"}],"wp:attachment":[{"href":"https:\/\/guineechrono.com\/index.php\/wp-json\/wp\/v2\/media?parent=3730"}],"wp:term":[{"taxonomy":"category","embeddable":true,"href":"https:\/\/guineechrono.com\/index.php\/wp-json\/wp\/v2\/categories?post=3730"},{"taxonomy":"post_tag","embeddable":true,"href":"https:\/\/guineechrono.com\/index.php\/wp-json\/wp\/v2\/tags?post=3730"}],"curies":[{"name":"wp","href":"https:\/\/api.w.org\/{rel}","templated":true}]}}