{"id":37309,"date":"2025-09-13T22:09:34","date_gmt":"2025-09-13T21:09:34","guid":{"rendered":"https:\/\/guineechrono.com\/?p=37309"},"modified":"2025-09-13T22:09:34","modified_gmt":"2025-09-13T21:09:34","slug":"referendum-constitutionnel-larp-mobilise-matam-pour-un-oui-massif","status":"publish","type":"post","link":"https:\/\/guineechrono.com\/index.php\/referendum-constitutionnel-larp-mobilise-matam-pour-un-oui-massif\/","title":{"rendered":"R\u00e9f\u00e9rendum constitutionnel : l\u2019ARP mobilise Matam pour un OUI massif"},"content":{"rendered":"<p>La Commune de Matam a vibr\u00e9 ce samedi 13 septembre 2025 au rythme d\u2019une mobilisation exceptionnelle orchestr\u00e9e par l\u2019<strong>Alliance pour le Renouveau et le Progr\u00e8s (ARP)<\/strong>. \u00c0 une semaine du r\u00e9f\u00e9rendum constitutionnel, le parti de Mohamed Lamine Nab\u00e9 a d\u00e9montr\u00e9 sa force de frappe dans une salle comble, en pr\u00e9sence de nombreux militants venus de Conakry et de l\u2019int\u00e9rieur du pays.<\/p>\n<p>Sous le slogan <strong>\u00ab Un peuple uni, une Constitution forte, une Guin\u00e9e prosp\u00e8re \u00bb<\/strong>, l\u2019ARP a appel\u00e9 \u00e0 un vote massif en faveur du <strong>OUI<\/strong> au r\u00e9f\u00e9rendum pr\u00e9vu pour le <strong>21 septembre 2025<\/strong>.<\/p>\n<p>La rencontre a \u00e9t\u00e9 ouverte par le vice-pr\u00e9sident de l\u2019ARP, <strong>Madiou Diallo<\/strong>, qui a salu\u00e9 la mobilisation des militants et soulign\u00e9 l\u2019importance de cette \u00e9tape dans la vie d\u00e9mocratique de la Guin\u00e9e.<\/p>\n<p><a href=\"https:\/\/guineechrono.com\/wp-content\/uploads\/2025\/09\/FB_IMG_1757796384546.jpg\"><img fetchpriority=\"high\" decoding=\"async\" class=\"alignleft size-medium wp-image-37311\" src=\"https:\/\/guineechrono.com\/wp-content\/uploads\/2025\/09\/FB_IMG_1757796384546-300x225.jpg\" alt=\"\" width=\"300\" height=\"225\" srcset=\"https:\/\/guineechrono.com\/wp-content\/uploads\/2025\/09\/FB_IMG_1757796384546-300x225.jpg 300w, https:\/\/guineechrono.com\/wp-content\/uploads\/2025\/09\/FB_IMG_1757796384546-1024x768.jpg 1024w, https:\/\/guineechrono.com\/wp-content\/uploads\/2025\/09\/FB_IMG_1757796384546-768x576.jpg 768w, https:\/\/guineechrono.com\/wp-content\/uploads\/2025\/09\/FB_IMG_1757796384546-1536x1152.jpg 1536w, https:\/\/guineechrono.com\/wp-content\/uploads\/2025\/09\/FB_IMG_1757796384546-80x60.jpg 80w, https:\/\/guineechrono.com\/wp-content\/uploads\/2025\/09\/FB_IMG_1757796384546-265x198.jpg 265w, https:\/\/guineechrono.com\/wp-content\/uploads\/2025\/09\/FB_IMG_1757796384546-696x522.jpg 696w, https:\/\/guineechrono.com\/wp-content\/uploads\/2025\/09\/FB_IMG_1757796384546-1068x801.jpg 1068w, https:\/\/guineechrono.com\/wp-content\/uploads\/2025\/09\/FB_IMG_1757796384546-560x420.jpg 560w, https:\/\/guineechrono.com\/wp-content\/uploads\/2025\/09\/FB_IMG_1757796384546-1920x1440.jpg 1920w, https:\/\/guineechrono.com\/wp-content\/uploads\/2025\/09\/FB_IMG_1757796384546.jpg 2048w\" sizes=\"(max-width: 300px) 100vw, 300px\" \/><\/a><\/p>\n<p>&nbsp;<\/p>\n<p>&nbsp;<\/p>\n<p>&nbsp;<\/p>\n<p>&nbsp;<\/p>\n<p>\u00ab Ce projet constitutionnel incarne les aspirations profondes du peuple. Il marque un nouveau d\u00e9part pour notre pays \u00bb, a-t-il affirm\u00e9.<\/p>\n<p>Prenant la parole, le pr\u00e9sident du parti, <strong>Mohamed Lamine Nab\u00e9<\/strong>, a r\u00e9affirm\u00e9 l\u2019engagement total de l\u2019ARP en faveur de la nouvelle Constitution, qu\u2019il qualifie de socle pour l\u2019unit\u00e9 nationale et le d\u00e9veloppement durable.<\/p>\n<p>\u00ab L\u2019unit\u00e9 nous renforce, la division nous d\u00e9truit \u00bb, a-t-il rappel\u00e9, r\u00e9it\u00e9rant un message qu\u2019il a port\u00e9 dans plusieurs r\u00e9gions du pays au cours des derni\u00e8res semaines.<\/p>\n<p>Mohamed Lamine Nab\u00e9 a d\u00e9fendu les grandes lignes de la future Constitution, notamment :<\/p>\n<ul>\n<li>La lutte contre la corruption et les d\u00e9tournements ;<\/li>\n<li>Une justice \u00e9quitable pour tous, y compris les hauts responsables ;<\/li>\n<li>Le renforcement de la s\u00e9curit\u00e9 et de la stabilit\u00e9 nationale ;<\/li>\n<li>L\u2019am\u00e9lioration des secteurs de la sant\u00e9 et de l\u2019\u00e9ducation ;<\/li>\n<li>Une participation accrue des femmes \u00e0 la gouvernance.<\/li>\n<\/ul>\n<p>Le pr\u00e9sident de l\u2019ARP a \u00e9galement pr\u00e9sent\u00e9 une vision d\u2019avenir pour le pays, en annon\u00e7ant la cr\u00e9ation prochaine d\u2019une <strong>Banque de D\u00e9veloppement Agricole<\/strong> destin\u00e9e \u00e0 moderniser le secteur agricole et \u00e0 lutter contre l\u2019ins\u00e9curit\u00e9 alimentaire.<\/p>\n<p>Prenant la parole au nom des femmes du parti, <strong>Mme Kadiatou Diallo<\/strong>, pr\u00e9sidente du mouvement f\u00e9minin de l\u2019ARP, a salu\u00e9 les qualit\u00e9s humaines et patriotiques de Mohamed Lamine Nab\u00e9. \u00ab C\u2019est un homme de rassemblement, ni tribaliste ni raciste, mais profond\u00e9ment attach\u00e9 \u00e0 l\u2019unit\u00e9 nationale \u00bb, a-t-elle affirm\u00e9.<\/p>\n<p>Elle a \u00e9galement invit\u00e9 toutes les familles \u00e0 retirer leurs cartes d\u2019\u00e9lecteur avant le <strong>20 septembre<\/strong>, afin de participer massivement au scrutin.<\/p>\n<p>En cl\u00f4ture, Mohamed Lamine Nab\u00e9 a lanc\u00e9 un message fort \u00e0 l\u2019endroit de la population guin\u00e9enne : \u00ab Gr\u00e2ce \u00e0 cette Constitution, la Guin\u00e9e retrouve sa dignit\u00e9 et sa responsabilit\u00e9. Le 21 septembre, chaque voix comptera. Allons voter massivement OUI pour \u00e9crire ensemble une nouvelle page de l\u2019histoire de notre pays. \u00bb<\/p>\n<p>Le slogan de l\u2019ARP pour cette campagne r\u00e9sume l\u2019esprit de leur engagement:<br \/>\n<strong>\u00ab OUI \u00e0 la Constitution, OUI \u00e0 l\u2019unit\u00e9, OUI \u00e0 la prosp\u00e9rit\u00e9 ! \u00bb<\/strong><\/p>\n<p><strong>R\u00e9daction <\/strong><\/p>\n<p>&nbsp;<\/p>\n","protected":false},"excerpt":{"rendered":"<p>La Commune de Matam a vibr\u00e9 ce samedi 13 septembre 2025 au rythme d\u2019une mobilisation exceptionnelle orchestr\u00e9e par l\u2019Alliance pour le Renouveau et le Progr\u00e8s (ARP). \u00c0 une semaine du r\u00e9f\u00e9rendum constitutionnel, le parti de Mohamed Lamine Nab\u00e9 a d\u00e9montr\u00e9 sa force de frappe dans une salle comble, en pr\u00e9sence de nombreux militants venus de [&hellip;]<\/p>\n","protected":false},"author":2,"featured_media":37310,"comment_status":"open","ping_status":"closed","sticky":false,"template":"","format":"standard","meta":{"buzzeditor_post_format":"","footnotes":""},"categories":[43],"tags":[],"class_list":["post-37309","post","type-post","status-publish","format-standard","has-post-thumbnail","hentry","category-politique"],"jetpack_featured_media_url":"https:\/\/guineechrono.com\/wp-content\/uploads\/2025\/09\/FB_IMG_1757796371539.jpg","amp_enabled":true,"_links":{"self":[{"href":"https:\/\/guineechrono.com\/index.php\/wp-json\/wp\/v2\/posts\/37309","targetHints":{"allow":["GET"]}}],"collection":[{"href":"https:\/\/guineechrono.com\/index.php\/wp-json\/wp\/v2\/posts"}],"about":[{"href":"https:\/\/guineechrono.com\/index.php\/wp-json\/wp\/v2\/types\/post"}],"author":[{"embeddable":true,"href":"https:\/\/guineechrono.com\/index.php\/wp-json\/wp\/v2\/users\/2"}],"replies":[{"embeddable":true,"href":"https:\/\/guineechrono.com\/index.php\/wp-json\/wp\/v2\/comments?post=37309"}],"version-history":[{"count":1,"href":"https:\/\/guineechrono.com\/index.php\/wp-json\/wp\/v2\/posts\/37309\/revisions"}],"predecessor-version":[{"id":37312,"href":"https:\/\/guineechrono.com\/index.php\/wp-json\/wp\/v2\/posts\/37309\/revisions\/37312"}],"wp:featuredmedia":[{"embeddable":true,"href":"https:\/\/guineechrono.com\/index.php\/wp-json\/wp\/v2\/media\/37310"}],"wp:attachment":[{"href":"https:\/\/guineechrono.com\/index.php\/wp-json\/wp\/v2\/media?parent=37309"}],"wp:term":[{"taxonomy":"category","embeddable":true,"href":"https:\/\/guineechrono.com\/index.php\/wp-json\/wp\/v2\/categories?post=37309"},{"taxonomy":"post_tag","embeddable":true,"href":"https:\/\/guineechrono.com\/index.php\/wp-json\/wp\/v2\/tags?post=37309"}],"curies":[{"name":"wp","href":"https:\/\/api.w.org\/{rel}","templated":true}]}}