{"id":37313,"date":"2025-09-13T22:31:54","date_gmt":"2025-09-13T21:31:54","guid":{"rendered":"https:\/\/guineechrono.com\/?p=37313"},"modified":"2025-09-13T22:31:54","modified_gmt":"2025-09-13T21:31:54","slug":"bakonko-cissela-forte-mobilisation-pour-le-oui-au-referendum-sous-limpulsion-de-mamadou-cisse-dg-de-larsjpa","status":"publish","type":"post","link":"https:\/\/guineechrono.com\/index.php\/bakonko-cissela-forte-mobilisation-pour-le-oui-au-referendum-sous-limpulsion-de-mamadou-cisse-dg-de-larsjpa\/","title":{"rendered":"Bakonko Cissela : Forte mobilisation pour le \u00ab Oui \u00bb au r\u00e9f\u00e9rendum, sous l&rsquo;impulsion de Mamadou Ciss\u00e9, DG de l\u2019ARSJPA"},"content":{"rendered":"<p><strong>Bakonko Cissela<\/strong>, localit\u00e9 situ\u00e9e dans la sous-pr\u00e9fecture de <strong>Bat\u00e8 Nafadji<\/strong> (pr\u00e9fecture de <strong>Kankan<\/strong>), a connu une mobilisation remarquable ce <strong>samedi 13 septembre<\/strong>, \u00e0 l&rsquo;occasion d\u2019un grand <strong>meeting de soutien<\/strong> au projet de <strong>nouvelle constitution<\/strong> initi\u00e9 par les autorit\u00e9s de la transition.<\/p>\n<p><img fetchpriority=\"high\" decoding=\"async\" class=\"alignnone size-full wp-image-48732 b-loaded\" src=\"https:\/\/www.lerenifleur224.com\/wp-content\/uploads\/2025\/09\/IMG-20250913-WA0167.jpg\" alt=\"\" width=\"1000\" height=\"563\" \/><\/p>\n<p>La rencontre a \u00e9t\u00e9 pr\u00e9sid\u00e9e par <strong>Mamadou Ciss\u00e9<\/strong>, Directeur G\u00e9n\u00e9ral de l\u2019<strong>Autorit\u00e9 de R\u00e9gulation du Secteur des Jeux et Pratiques Assimil\u00e9es (ARSJPA)<\/strong>, originaire de la r\u00e9gion. L\u2019objectif : sensibiliser les populations sur l\u2019importance du r\u00e9f\u00e9rendum constitutionnel pr\u00e9vu le <strong>21 septembre<\/strong> prochain et les inviter \u00e0 voter massivement \u00ab <strong>Oui<\/strong> \u00bb.<\/p>\n<p><img decoding=\"async\" class=\"alignnone size-full wp-image-48731 b-loaded\" src=\"https:\/\/www.lerenifleur224.com\/wp-content\/uploads\/2025\/09\/IMG-20250913-WA0138.jpg\" alt=\"\" width=\"1080\" height=\"810\" \/><\/p>\n<p><strong>Une adh\u00e9sion sans r\u00e9serve au projet de la transition<\/strong><\/p>\n<p>\u00c0 travers des d\u00e9clarations enthousiastes, les citoyens de Bakonko Cissela ont exprim\u00e9 leur <strong>soutien ind\u00e9fectible<\/strong> au <strong>Comit\u00e9 National du Rassemblement pour le D\u00e9veloppement (CNRD)<\/strong> et \u00e0 son pr\u00e9sident, le <strong>G\u00e9n\u00e9ral Mamadi Doumbouya<\/strong>.<\/p>\n<p>\u00ab Nous, population de Bakonko Cissela, avons consciemment d\u00e9cid\u00e9 d\u2019accompagner cette belle initiative du CNRD et de son pr\u00e9sident, Son Excellence le G\u00e9n\u00e9ral Mamadi Doumbouya. Nous approuvons les 199 articles de ce document officiel de la R\u00e9publique de Guin\u00e9e. C\u2019est pourquoi nous \u0153uvrons \u00e0 vulgariser son contenu dans nos langues locales. Nous vous rassurons, Monsieur Mamadou Ciss\u00e9, que tout Bakonko Cissela votera \u2018Oui\u2019 \u00e0 cette nouvelle constitution \u00bb, a d\u00e9clar\u00e9 <strong>Mamadou Sy Savan\u00e9<\/strong>, pr\u00e9sident de la jeunesse de la localit\u00e9.<\/p>\n<p><img decoding=\"async\" class=\"alignnone size-full wp-image-48735 b-loaded\" src=\"https:\/\/www.lerenifleur224.com\/wp-content\/uploads\/2025\/09\/IMG-20250913-WA0135.jpg\" alt=\"\" width=\"1280\" height=\"960\" \/><\/p>\n<p><strong>Une campagne de proximit\u00e9 men\u00e9e sur le terrain<\/strong><\/p>\n<p>Initiateur de cette mobilisation, <strong>Mamadou Ciss\u00e9<\/strong> a salu\u00e9 l\u2019engagement des citoyens tout en rappelant les efforts d\u00e9j\u00e0 d\u00e9ploy\u00e9s dans le cadre de la campagne de sensibilisation.<\/p>\n<p>\u00ab Nous sommes en pleine campagne de sensibilisation pour inciter la population \u00e0 voter massivement le \u2018Oui\u2019 le 21 septembre. Nous avons commenc\u00e9 la semaine derni\u00e8re, en organisant le retrait des cartes d\u2019\u00e9lecteurs. Cette nouvelle constitution red\u00e9finit le Guin\u00e9en, notre vivre-ensemble et notre avenir commun \u00bb, a-t-il expliqu\u00e9.<\/p>\n<p>Il a \u00e9galement soulign\u00e9 que cette forte mobilisation t\u00e9moigne de la <strong>reconnaissance des populations locales<\/strong> envers les choix op\u00e9r\u00e9s par le chef de l\u2019\u00c9tat, notamment en nommant plusieurs cadres originaires de la r\u00e9gion \u00e0 des postes de responsabilit\u00e9.<\/p>\n<p>\u00ab La population rend au pr\u00e9sident Mamadi Doumbouya la confiance qu\u2019il nous a t\u00e9moign\u00e9e en pla\u00e7ant des fils du pays \u00e0 des postes de responsabilit\u00e9. Cette mobilisation est pour nous une grande fiert\u00e9. Elle prouve que nos parents \u00e0 la base sont reconnaissants et soutiennent les choix du chef de l\u2019\u00c9tat \u00bb, a-t-il ajout\u00e9.<\/p>\n<p><strong>Une dynamique bien lanc\u00e9e<\/strong><\/p>\n<p>Alors que la date du r\u00e9f\u00e9rendum approche, Bakonko Cissela semble r\u00e9solument engag\u00e9e dans la dynamique du \u00ab Oui \u00bb, port\u00e9e par une campagne de proximit\u00e9 et un discours ax\u00e9 sur la citoyennet\u00e9, l\u2019unit\u00e9 nationale et l\u2019espoir d\u2019un avenir meilleur sous la nouvelle constitution.<\/p>\n<p>Source\u00a0: <strong>lerenifleur224.com\u00a0<\/strong><\/p>\n<p>&nbsp;<\/p>\n<p>&nbsp;<\/p>\n","protected":false},"excerpt":{"rendered":"<p>Bakonko Cissela, localit\u00e9 situ\u00e9e dans la sous-pr\u00e9fecture de Bat\u00e8 Nafadji (pr\u00e9fecture de Kankan), a connu une mobilisation remarquable ce samedi 13 septembre, \u00e0 l&rsquo;occasion d\u2019un grand meeting de soutien au projet de nouvelle constitution initi\u00e9 par les autorit\u00e9s de la transition. La rencontre a \u00e9t\u00e9 pr\u00e9sid\u00e9e par Mamadou Ciss\u00e9, Directeur G\u00e9n\u00e9ral de l\u2019Autorit\u00e9 de R\u00e9gulation [&hellip;]<\/p>\n","protected":false},"author":2,"featured_media":37314,"comment_status":"open","ping_status":"closed","sticky":false,"template":"","format":"standard","meta":{"buzzeditor_post_format":"","footnotes":""},"categories":[43],"tags":[],"class_list":["post-37313","post","type-post","status-publish","format-standard","has-post-thumbnail","hentry","category-politique"],"jetpack_featured_media_url":"https:\/\/guineechrono.com\/wp-content\/uploads\/2025\/09\/dggg.jpg","amp_enabled":true,"_links":{"self":[{"href":"https:\/\/guineechrono.com\/index.php\/wp-json\/wp\/v2\/posts\/37313","targetHints":{"allow":["GET"]}}],"collection":[{"href":"https:\/\/guineechrono.com\/index.php\/wp-json\/wp\/v2\/posts"}],"about":[{"href":"https:\/\/guineechrono.com\/index.php\/wp-json\/wp\/v2\/types\/post"}],"author":[{"embeddable":true,"href":"https:\/\/guineechrono.com\/index.php\/wp-json\/wp\/v2\/users\/2"}],"replies":[{"embeddable":true,"href":"https:\/\/guineechrono.com\/index.php\/wp-json\/wp\/v2\/comments?post=37313"}],"version-history":[{"count":1,"href":"https:\/\/guineechrono.com\/index.php\/wp-json\/wp\/v2\/posts\/37313\/revisions"}],"predecessor-version":[{"id":37315,"href":"https:\/\/guineechrono.com\/index.php\/wp-json\/wp\/v2\/posts\/37313\/revisions\/37315"}],"wp:featuredmedia":[{"embeddable":true,"href":"https:\/\/guineechrono.com\/index.php\/wp-json\/wp\/v2\/media\/37314"}],"wp:attachment":[{"href":"https:\/\/guineechrono.com\/index.php\/wp-json\/wp\/v2\/media?parent=37313"}],"wp:term":[{"taxonomy":"category","embeddable":true,"href":"https:\/\/guineechrono.com\/index.php\/wp-json\/wp\/v2\/categories?post=37313"},{"taxonomy":"post_tag","embeddable":true,"href":"https:\/\/guineechrono.com\/index.php\/wp-json\/wp\/v2\/tags?post=37313"}],"curies":[{"name":"wp","href":"https:\/\/api.w.org\/{rel}","templated":true}]}}